{"id":51662,"date":"2020-07-16T21:00:40","date_gmt":"2020-07-16T21:00:40","guid":{"rendered":"http:\/\/diariodominicano.ddns.net\/?p=51662"},"modified":"2020-07-16T21:00:40","modified_gmt":"2020-07-16T21:00:40","slug":"fallece-victor-victor-por-covid-19","status":"publish","type":"post","link":"https:\/\/diariodominicano.com\/?p=51662","title":{"rendered":"Fallece  V\u00edctor V\u00edctor  por Covid-19"},"content":{"rendered":"<p><body><\/p>\n<p><img decoding=\"async\" src=\"img3\/victor-victor16-7-20.jpg\" \/><br \/><img decoding=\"async\" src=\"img3\/victor victor listin16072020.jpg\" \/>  <\/p>\n<p><strong><span class=\"text1noticias\"> <\/span><\/strong><\/p>\n<p><strong><span class=\"text1noticias\">diariodominicano.com<\/span><\/strong><\/p>\n<p><strong><span class=\"text1noticias\"> <\/span><\/strong><\/p>\n<p><strong><span class=\"text1noticias\">Santo Domingo, 16 jul (Prensa Latina) <\/span><\/strong><span class=\"text1noticias\">El reconocido m\u00fasico dominicano V\u00edctor V\u00edctor falleci\u00f3 hoy en esta capital a los 71 a\u00f1os de edad, a causa de la Covid-19.<\/span><\/p>\n<p><span class=\"text1noticias\"> <\/span><\/p>\n<p><span class=\"text1noticias\">El cantante, de nombre V\u00edctor Jos\u00e9 V\u00edctor Rojas, quien naci\u00f3 en la provincia Santiago el 11 de diciembre de 1948, se encontraba ingresado desde el pasado 9 de julio en el Hospital General Plaza de la Salud, pero no pudo vencer a la enfermedad.<\/span><\/p>\n<p><span class=\"text1noticias\"> <\/span><\/p>\n<p><span class=\"text1noticias\">Fue fundador, junto a Sonia Silvestre, del grupo Nueva Forma, enmarcado en lo que se denomin\u00f3 la canci\u00f3n protesta, en la d\u00e9cada de 1970.<\/span><\/p>\n<p><span class=\"text1noticias\"> <\/span><\/p>\n<p><span class=\"text1noticias\">Est\u00e1 considerado como uno de los primeros dominicanos en colocar la bachata en los escenarios internacionales, y por tanto contribuy\u00f3 a romper su asociaci\u00f3n con la esfera marginal para convertirla en un fen\u00f3meno de masas.<\/span><\/p>\n<p><span class=\"text1noticias\"> <\/span><\/p>\n<p><span class=\"text1noticias\">Para su producci\u00f3n Bachata Entre Amigos, del 2006, grab\u00f3 a ritmo de bachata \u00e9xitos cl\u00e1sicos a d\u00fao con cantautores como Joan Manuel Serrat, Joaqu\u00edn Sabina, Silvio Rodr\u00edguez y Fito P\u00e1ez, entre otros.<\/span><\/p>\n<p><span class=\"text1noticias\"> <\/span><\/p>\n<p><span class=\"text1noticias\">V\u00edctor V\u00edctor ha sido galardonado con los premios Lo Nuestro, Aplauso 92, Ronda, ACE, Aplauso 98, ASCAP y ONDA.<\/span><\/p>\n<p><span class=\"text1noticias\"> <\/span><\/p>\n<p><span class=\"text1noticias\">Entre los int\u00e9rpretes que han hecho de sus composiciones grandes \u00e9xitos est\u00e1n \u00c1ngela Carrasco, Celia Cruz, Guadalupe Pineda, Maridal\u00eda Hern\u00e1ndez, La Sophy, Charityn, Az\u00facar Moreno, Emmanuel, Dyango y Danny Rivera.<\/span><\/p>\n<p><span class=\"text1noticias\"> <strong>Santo Domingo, 16 jul (Prensa Latina) <\/strong><\/span><\/p>\n<p><span class=\"text1noticias\">jha\/ema<\/span><\/p>\n<\/p>\n<p><strong><span class=\"text1noticias\">HISTORIA<\/span><\/strong><\/p>\n<p><strong><span class=\"text1noticias\">El virus apag\u00f3 una estrella de la canci\u00f3n rom\u00e1ntica: V\u00edctor V\u00edctor<\/span><\/strong><\/p>\n<p><strong><span class=\"text1noticias\">Ynmaculada Cruz Hierro<\/span><\/strong><\/p>\n<p><strong><span class=\"text1noticias\">Santo Domingo, RD<\/span><\/strong><\/p>\n<p><span class=\"text1noticias\">\u00abMuero todas las noches y resuci\u00adto en las ma\u00f1anas. Contra el poder por la paz es mi canto. No reconozco autoridad sobre m\u00ed a no ser la alegr\u00eda y la libertad\u00bb. Ese era el sentir del cantautor V\u00edctor V\u00edctor y as\u00ed se defin\u00eda en su cuenta de Twitter.<\/span><\/p>\n<\/p>\n<p><span class=\"text1noticias\">Amante de la patria, de la libertad, de la belleza, del canto, de la educaci\u00f3n, de la buena m\u00fasica, querido por sus amigos y admirado por un p\u00fablico exquisito, as\u00ed era V\u00edctor Jos\u00e9 V\u00edctor Rojas, conocido art\u00edsticamente co\u00admo V\u00edctor V\u00edctor, quien fa\u00adlleci\u00f3 ayer en la tarde, a los 71 a\u00f1os de edad, a causa del coronavirus.<\/span><\/p>\n<\/p>\n<p><span class=\"text1noticias\">El artista llevaba siete d\u00edas ingresado en la Unidad de Cuidados Intensivos, del Hospital General de la Plaza de la Salud, donde lleg\u00f3 aquejado de salud el 7 de julio.<\/span><\/p>\n<\/p>\n<p><span class=\"text1noticias\">Con su muerte, la can\u00adci\u00f3n rom\u00e1ntica suena en un tono triste, pero queda su repertorio, el cual tuvo la particularidad de que com\u00adbin\u00f3 las letras de amor con las realidades sociopol\u00edticas de la sociedad, sobre todo de los a\u00f1os 70 y 80.<\/span><\/p>\n<\/p>\n<p><span class=\"text1noticias\">\u00abLa canci\u00f3n acompa\u00f1a en la lucha pol\u00edtica y en lo rom\u00e1ntico enciende los corazones\u00bb, dec\u00eda al tratar de explicar la diferencia entre ambas modalidades.<\/span><\/p>\n<\/p>\n<p><strong><span class=\"text1noticias\">De su vida<\/span><\/strong><\/p>\n<\/p>\n<p><span class=\"text1noticias\">Vitico, como le llamaban sus amigos cercanos, cre\u00adci\u00f3 en una familia forjada de valores. Naci\u00f3 en San\u00adtiago el 11 de diciembre de 1948. Sus padres Jos\u00e9 V\u00edc\u00adtor y Avelina Rojas procrea\u00adron cuatro hijos, Jorge, Mi\u00adguel, V\u00edctor y Vilma. Era un ni\u00f1o muy inquieto y vivi\u00f3 esos primeros a\u00f1os corre\u00adteando y haciendo travesu\u00adras en el barrio Los Pepines, en Santiago.<\/span><\/p>\n<\/p>\n<p><span class=\"text1noticias\">V\u00edctor contaba con ape\u00adnas 12 a\u00f1os cuando el 31 de mayo de 1961 asesina\u00adron al dictador Rafael Leo\u00adnidas Trujillo. En plena pu\u00adbertad le toc\u00f3 vivir tiempos sociopol\u00edticos convulsos. Lo que sucedi\u00f3 despu\u00e9s en el pa\u00eds tras la muerte de Truji\u00adllo marcar\u00eda definitivamen\u00adte la vida del hombre que se involucrar\u00eda en la pol\u00edtica y expresar\u00eda con el canto y su guitarra, su deseo de una Patria digna para todos.<\/span><\/p>\n<\/p>\n<p><span class=\"text1noticias\">Conjuntamente con la llama viva de la pol\u00edtica en su alma, as\u00ed nac\u00eda su pasi\u00f3n por la m\u00fasica. Es su padre, \u00abun guitarrero\u00bb, que le ense\u00ad\u00f1a, desde muy peque\u00f1o, a tocar las primeras notas de guitarra.<\/span><\/p>\n<\/p>\n<p><span class=\"text1noticias\">Luego que se hizo bachi\u00adller sigui\u00f3 haciendo m\u00fasi\u00adca. Tony N\u00fa\u00f1ez y Eduardo Vega le ense\u00f1aron muchos acordes. Tambi\u00e9n Milito Vargas, padre de Wilfrido Vargas, fue uno de sus m\u00e1s cercanos instructores. La vida universitaria de Viti\u00adco comienza en la Univer\u00adsidad Pedro Henr\u00edquez Ure\u00ad\u00f1a, UNPHU, en donde hizo tres a\u00f1os de medicina, y te\u00adn\u00eda el sue\u00f1o de convertirse en psiquatra. Solo le falta\u00adron unas cuantas materias para graduarse, antes de dedicarse por completo a la m\u00fasica.<\/span><\/p>\n<\/p>\n<p><strong><span class=\"text1noticias\">Su debut<\/span><\/strong><\/p>\n<\/p>\n<p><span class=\"text1noticias\">Sus primeras dos canciones las escribi\u00f3 a los 17 a\u00f1os. \u00abComo t\u00fa una flor\u00bb; me\u00adjor conocida como \u00abLa con\u00adfusi\u00f3n\u00bb y \u00abEl camino de los amantes\u00bb, conocida tam\u00adbi\u00e9n como \u00abLa casita\u00bb. Am\u00adbos temas los grab\u00f3 Felipe Pirela (el Bolerista de Am\u00e9\u00adrica) y luego otros artistas extranjeros.<\/span><\/p>\n<\/p>\n<p><span class=\"text1noticias\"> <\/span><\/p>\n<p><span class=\"text1noticias\">Antes, el dominicano Fernando Casado fue quien primero le grab\u00f3 una canci\u00f3n, \u00abComo t\u00fa una flor\u00bb a mediados de los a\u00f1os 60. Con el tiempo tambi\u00e9n le cantaron temas Celia Cruz, \u00c1ngela Carrasco, Emmanuel, Dyango, Danny Rivera, Az\u00facar Moreno, Sonia Silvestre, Charyt\u00edn Goico, Chich\u00ed Peralta, Rubby P\u00e9rez, Raul\u00edn Rosendo, Sergio Vargas y los Hermanos Rosario.<\/span><\/p>\n<\/p>\n<p><span class=\"text1noticias\">La c\u00e9lebre cubana Celia Cruz, quien precisamente tambi\u00e9n muri\u00f3 un 16 de julio (hace 17 a\u00f1os) inmortaliz\u00f3 &#8216;Te busco&#8217;, incluida en un disco de boleros que estaba preparando, y el productor Oscar G\u00f3mez le record\u00f3 ese tema que ten\u00eda guardado desde hace un tiempo \u00aby a ella le encant\u00f3 esa canci\u00f3n\u00bb. Oscar G\u00f3mez tambi\u00e9n le dio una canci\u00f3n suya especial al cantante Dyango de Espa\u00f1a: \u00abAmante gaviota\u00bb.<\/span><\/p>\n<\/p>\n<p><span class=\"text1noticias\">&#8216;Te busco&#8217; surgi\u00f3 cuando trabaj\u00f3 con el cantante mexicano Emmanuel, quien le cont\u00f3 una historia de un amigo suyo que decidi\u00f3 irse de luna de miel a la India. En aquel pa\u00eds secuestraron a su esposa, y nunca la volvi\u00f3 a ver.<\/span><\/p>\n<\/p>\n<p><span class=\"text1noticias\">\u00abYo me dec\u00eda: \u00bfpor qu\u00e9 a ellos, si se acababan de casar?, \u00bfpor qu\u00e9 no buscaron una pareja de treinta a\u00f1os de casados? C\u00f3nchale, no los dejaron vivir. \u00c9l no san\u00f3 su luto, se pas\u00f3 mucho tiempo yendo a buscarla; fue una cosa terrible, y eso me choc\u00f3 mucho\u00bb, relat\u00f3.<\/span><\/p>\n<\/p>\n<p><span class=\"text1noticias\">\u00abTe busco\u00bb, entonces, recuerda ese doloroso drama con letras como: \u00abEn cualquier huella te persigo, en una sombra te dibujo, huellas y sombras que se pierden, la suerte no vino conmigo&#8230;\u00bb. Y tambi\u00e9n en: \u00abNo hago m\u00e1s que rebuscar paisajes conocidos, en lugares tan extra\u00f1os, que no puedo dar contigo\u00bb.<\/span><\/p>\n<\/p>\n<p><span class=\"text1noticias\">En 1972, por primera vez grab\u00f3 una de las piezas de su autor\u00eda, \u00abLa casita\u00bb, que can\u00adt\u00f3 en el grupo del merenguero Wil\u00adfrido Vargas. Se convirti\u00f3 en un \u00e9xito de tan grandes di\u00admensiones que inspir\u00f3 al no\u00advel autor a lanzarse como in\u00adt\u00e9rprete y compositor, labor que le mantuvo ocupado por el resto de su vida, d\u00e1ndole un amplio repertorio de bo\u00adleros y bachatas al cancione\u00adro popular de Rep\u00fablica Do\u00adminicana.<\/span><\/p>\n<\/p>\n<p><span class=\"text1noticias\">Mientras estuvo estu\u00addiando en la UNPHU, grab\u00f3 esos temas que se hicieron muy populares y fue as\u00ed co\u00admo naci\u00f3 lo que ser\u00eda su ca\u00adrrera art\u00edstica, ya que inici\u00f3 una gira por toda la capital dominicana.<\/span><\/p>\n<\/p>\n<p><span class=\"text1noticias\">\u00abA m\u00ed me encantar\u00eda nada m\u00e1s escribir, lo que pasa es que un d\u00eda hubo un accidente, le envi\u00e9 una canci\u00f3n a una productora que me hab\u00eda pedido canciones para uno de sus cantantes y el due\u00f1o de la disquera dijo: &#8211; no, yo a quien quiero es a \u00e9se, entonces as\u00ed ocurri\u00f3 el milagro de La Mesita de Noche, Ando Buscando un Amor\u00bb.<\/span><\/p>\n<\/p>\n<p><span class=\"text1noticias\">Un hecho marcar\u00eda la carrera del gran cantau\u00adtor: la firma para la disque\u00adra Karen Record, de Bien\u00advenido Rodr\u00edguez, quien lo nombra director de produc\u00adci\u00f3n de Karen.<\/span><\/p>\n<\/p>\n<p><span class=\"text1noticias\">Es en esa disquera don\u00ad de conoce gente importan\u00adte en la producci\u00f3n musical como el arreglista Jorge Mi\u00adllet, a quien le debi\u00f3 su co\u00adnocimiento en producci\u00f3n musical.<\/span><\/p>\n<\/p>\n<p><span class=\"text1noticias\">Su entrada a la bachata se dio con \u00abMesita de noche\u00bb, que a sugerencia de la primera productora se grab\u00f3 en bachata, a cargo del arreglista y productor fue Manuel Tejada.<\/span><\/p>\n<\/p>\n<p><span class=\"text1noticias\">Entre los a\u00f1os 1973 y 1978 fund\u00f3 y dirigi\u00f3 el grupo Nueva Fortuna. En 1978 cre\u00f3 el grupo Flamboy\u00e1n. V\u00edctor V\u00edc\u00adtor fue un estudioso de las ra\u00edces del bolero, el merengue, el son y la bacha\u00adta, enriqueciendo estos g\u00e9neros. \u00c9xitos como \u00abMesita de noche\u00bb, \u00abAn\u00addo buscando un amor\u00bb, \u00abTe busco\u00bb \u00aby As\u00ed es mi amor\u00bb fueron sum\u00e1ndose a su almac\u00e9n musical creativo.<\/span><\/p>\n<\/p>\n<p><span class=\"text1noticias\">Lo de cantar no lo sent\u00eda como su fortaleza art\u00edstica, pero s\u00ed su faceta de compositor: \u00abMe gusta ser m\u00e1s autor, me gusta m\u00e1s escribir\u00bb.<\/span><\/p>\n<\/p>\n<p><span class=\"text1noticias\">La bachata estilizada, una variante de la tradicional surgida en los a\u00f1os 60, fue un gran acierto en la propuesta musical de V\u00edctor V\u00edctor.<\/span><\/p>\n<\/p>\n<p><span class=\"text1noticias\">\u00abLa bachata es muy desamor realmente y nosotros como j\u00f3venes de la \u00e9poca empezamos a usar la electr\u00f3nica y se fue transformando\u00bb, coment\u00f3 hace unos a\u00f1os.<\/span><\/p>\n<\/p>\n<p><strong><span class=\"text1noticias\">Discos.<\/span><\/strong><\/p>\n<\/p>\n<p><span class=\"text1noticias\">Uno de sus discos de co\u00adlecci\u00f3n es \u00abBachata en\u00adtre amigos\u00bb (2006), en el que cant\u00f3 a d\u00fao con Joan Manuel Se\u00adrrat, Carlos Varela, Ra\u00adfael Solano, Silvio Rodr\u00ed\u00adguez, Pablo Milan\u00e9s, Fi\u00adto P\u00e1ez, Joaqu\u00edn Sabina, Vicente Feli\u00fa, Jos\u00e9 A. Ro\u00addr\u00edguez, V\u00edctor Manuel, Manuel Jim\u00e9nez y Pedro Guerra.<\/span><\/p>\n<p><span class=\"text1noticias\"><strong>Pol\u00edtica<\/strong><\/span><\/p>\n<\/p>\n<p><span class=\"text1noticias\">En la d\u00e9cada del 70 in\u00adconforme con la pol\u00edtica y los rumbos econ\u00f3mi\u00adcos por los que se mov\u00eda el pa\u00eds y la agitaci\u00f3n in\u00adternacional le llevaron a asumir la canci\u00f3n social como su br\u00fajula est\u00e9tica.<\/span><\/p>\n<\/p>\n<p><span class=\"text1noticias\">\u00abDespu\u00e9s de escribir unas cuantas canciones rom\u00e1nticas empec\u00e9 a cantar canciones pol\u00edticas porque para m\u00ed en ese momento, en esa \u00e9poca de los 70 era importante la situaci\u00f3n pol\u00edtica\u00bb, coment\u00f3 en una entrevista al hablar sobre aquellos a\u00f1os gobernados con mano dura y represora del entonces presidente Joaqu\u00edn Balaguer, electo presidente en 1966, al finalizar una guerra civil en 1965 que registr\u00f3 la invasi\u00f3n estadounidense.<\/span><\/p>\n<\/p>\n<p><span class=\"text1noticias\">La m\u00fasica para V\u00edctor V\u00edctor fue la tribuna de su sentir pol\u00edtico y patri\u00f3tico. Se le recuerda su paso en la Juventud Revolucionaria y en el Bloque Revolucionario Universitario Cristiano (BRUC).<\/span><\/p>\n<\/p>\n<p><span class=\"text1noticias\">Luego este grupo se convirti\u00f3 en el Comit\u00e9 Revolucionario Camilo Torres. Los Corecatos despu\u00e9s se fundieron con el Partido de la Liberaci\u00f3n Dominicana (PLD).<\/span><\/p>\n<\/p>\n<p><span class=\"text1noticias\">En el partido creado por Juan Bosch lleg\u00f3 a ser circulista, miembro de la direcci\u00f3n de las campa\u00f1as 86 y 90 y conoci\u00f3 al fundador del ese partido muy de cerca. En los gobiernos del PLD, a partir de 1996 ejerci\u00f3 varios cargos p\u00fablicos en el \u00e1rea cultural.<\/span><\/p>\n<\/p>\n<p><span class=\"text1noticias\">V\u00edctor V\u00edctor fue un artista de grandes amigos, como Freddy Ginebra o Pavel N\u00fa\u00f1ez y Jos\u00e9 Antonio Rodr\u00edguez, adem\u00e1s de ser un ser familiar, al lado de su esposa Sobeida y de sus hijos Iam y Amy.<\/span><\/p>\n<\/p>\n<p><span class=\"text1noticias\">Lo de su nombre \u00abal cuadrado\u00bb, cont\u00f3 una vez, fue porque cuando su abuelo, de origen armenio, lleg\u00f3 a Rep\u00fablica Dominicana desde el L\u00edbano, el oficial de migraci\u00f3n no entend\u00eda su idioma y entonces su nombre original de George V\u00edctor Tantayan se redujo a Jorge V\u00edctor, convirti\u00e9ndose este \u00faltimo en el apellido familiar.<\/span><\/p>\n<p><span class=\"text1noticias\">List\u00edn Diario 17 de julio de 2020.<\/span><\/p>\n<\/p>\n<p><span class=\"text1noticias\"> <\/span><\/p>\n<\/p>\n<\/p>\n<h6> 2020-07-16 21:00:40 <\/h6>\n<p><!--\n<link rel=\"stylesheet\" href=\"css\/bootstrap.min.css\">\n\n\n<ul class=\"pagination\">\n\t    \n\t\n\n<li >\n\t<a href='?page_no=407'>Previous<\/a>\n\t<\/li>\n\n\n       \n    \n\n<li><a href='?page_no=1'>1<\/a><\/li>\n\n\n\n<li><a href='?page_no=2'>2<\/a><\/li>\n\n\n\n<li><a>...<\/a><\/li>\n\n\n\n<li><a href='?page_no=406'>406<\/a><\/li>\n\n\n\n<li><a href='?page_no=407'>407<\/a><\/li>\n\n\n\n<li class='active'><a>408<\/a><\/li>\n\n\n\n<li><a href='?page_no=409'>409<\/a><\/li>\n\n\n\n<li><a href='?page_no=410'>410<\/a><\/li>\n\n\n\n<li><a>...<\/a><\/li>\n\n\n\n<li><a href='?page_no=22911'>22911<\/a><\/li>\n\n\n\n<li><a href='?page_no=22912'>22912<\/a><\/li>\n\n    \n\t\n\n<li >\n\t<a href='?page_no=409'>Next<\/a>\n\t<\/li>\n\n\n    \n\n<li><a href='?page_no=22912'>Last &rsaquo;&rsaquo;<\/a><\/li>\n\n<\/ul>\n\n\n--><br \/>\n<\/body><\/p>\n","protected":false},"excerpt":{"rendered":"<p>diariodominicano.com Santo Domingo, 16 jul (Prensa Latina) El reconocido m\u00fasico dominicano V\u00edctor V\u00edctor falleci\u00f3 hoy en esta capital a los 71 a\u00f1os de edad, a causa de la Covid-19. El cantante, de nombre V\u00edctor Jos\u00e9 V\u00edctor Rojas, quien naci\u00f3 en la provincia Santiago el 11 de diciembre de 1948, se encontraba ingresado desde el pasado [&hellip;]<\/p>\n","protected":false},"author":3,"featured_media":0,"comment_status":"open","ping_status":"open","sticky":false,"template":"","format":"standard","meta":{"footnotes":""},"categories":[21],"tags":[],"class_list":["post-51662","post","type-post","status-publish","format-standard","hentry","category-cultura"],"_links":{"self":[{"href":"https:\/\/diariodominicano.com\/index.php?rest_route=\/wp\/v2\/posts\/51662","targetHints":{"allow":["GET"]}}],"collection":[{"href":"https:\/\/diariodominicano.com\/index.php?rest_route=\/wp\/v2\/posts"}],"about":[{"href":"https:\/\/diariodominicano.com\/index.php?rest_route=\/wp\/v2\/types\/post"}],"author":[{"embeddable":true,"href":"https:\/\/diariodominicano.com\/index.php?rest_route=\/wp\/v2\/users\/3"}],"replies":[{"embeddable":true,"href":"https:\/\/diariodominicano.com\/index.php?rest_route=%2Fwp%2Fv2%2Fcomments&post=51662"}],"version-history":[{"count":0,"href":"https:\/\/diariodominicano.com\/index.php?rest_route=\/wp\/v2\/posts\/51662\/revisions"}],"wp:attachment":[{"href":"https:\/\/diariodominicano.com\/index.php?rest_route=%2Fwp%2Fv2%2Fmedia&parent=51662"}],"wp:term":[{"taxonomy":"category","embeddable":true,"href":"https:\/\/diariodominicano.com\/index.php?rest_route=%2Fwp%2Fv2%2Fcategories&post=51662"},{"taxonomy":"post_tag","embeddable":true,"href":"https:\/\/diariodominicano.com\/index.php?rest_route=%2Fwp%2Fv2%2Ftags&post=51662"}],"curies":[{"name":"wp","href":"https:\/\/api.w.org\/{rel}","templated":true}]}}