{"id":516591,"date":"2024-03-18T19:12:00","date_gmt":"2024-03-18T23:12:00","guid":{"rendered":"https:\/\/diariodominicano.com\/?p=516591"},"modified":"2024-03-18T19:13:16","modified_gmt":"2024-03-18T23:13:16","slug":"cuerpo-del-diputado-julio-brito-expuesto-en-la-funeraria-nueva-luz-de-azua-sepelio-sera-manana-en-horas-de-la-tarde","status":"publish","type":"post","link":"https:\/\/diariodominicano.com\/?p=516591","title":{"rendered":"Cuerpo del\u00a0Diputado Julio Brito\u00a0 expuesto  en la Funeraria Nueva Luz de Azua. Sepelio ser\u00e1 ma\u00f1ana en horas de la tarde"},"content":{"rendered":"\n<p>Julio Brito <\/p>\n\n\n\n<p>A partir de las 4:00 de la tarde del lunes 18 de  marzo se expone para su velatorio el cuerpo del&nbsp;<strong>diputado Julio Brito, miembro del Comit\u00e9 Central del Partido de la Liberaci\u00f3n Dominicana&nbsp;<\/strong>en la Funeraria Nueva Luz de Azua.<\/p>\n\n\n\n<p>El sepelio se program\u00f3 para el martes a las 4:00 p.m. en el cementerio municipal de Azua, Confirm\u00f3 Martin Matos, Presidente provincial del PLD.<\/p>\n\n\n\n<p>El deceso de Brito se produjo en la ma\u00f1ana de este lunes en el centro de salud donde era atendido, luego de su regreso de Estados Unidos en donde se trataba cl\u00ednicamente de un trastorno sangu\u00edneo.<\/p>\n\n\n\n<p>El Comit\u00e9 Municipal del PLD en Azua en horas de la ma\u00f1ana emiti\u00f3 un comunicado confirmando el fallecimiento de Julio Brito y ponderando sus aportes a la democracia y al fortalecimiento de la organizaci\u00f3n pol\u00edtica<\/p>\n\n\n\n<p>Al confirmar sobre su velatorio y sepelio el PLD en Azua exhort\u00f3 a los miembros del Comit\u00e9 Central y dirigentes medios a estar presentes en la funeraria, acompa\u00f1ando a los familiares de Brito en su dolor, que es tambi\u00e9n el dolor de la comunidad.<\/p>\n\n\n\n<p>Al igual que el PLD la C\u00e1mara de Diputados inform\u00f3 del deceso de uno de sus miembros, mediante comunicado hecho p\u00fablico en sus redes sociales: \u201cLamentamos profundamente el fallecimiento del honorable diputado Julio Alberto Brito Pe\u00f1a, en el d\u00eda de hoy, 18 de marzo del 2024. Paz a su alma y consuelo a sus familiares\u201d, se dice en el comunicado.<\/p>\n\n\n\n<p><strong>SECRETAR\u00cdA DE COMUNICACIONES<\/strong><\/p>\n\n\n\n<p><strong>18 DE MARZO, 2024.-<\/strong><\/p>\n","protected":false},"excerpt":{"rendered":"<p>Julio Brito A partir de las 4:00 de la tarde del lunes 18 de marzo se expone para su velatorio el cuerpo del&nbsp;diputado Julio Brito, miembro del Comit\u00e9 Central del Partido de la Liberaci\u00f3n Dominicana&nbsp;en la Funeraria Nueva Luz de Azua. El sepelio se program\u00f3 para el martes a las 4:00 p.m. en el cementerio [&hellip;]<\/p>\n","protected":false},"author":28,"featured_media":516592,"comment_status":"closed","ping_status":"","sticky":true,"template":"","format":"standard","meta":{"footnotes":""},"categories":[20,27],"tags":[],"class_list":["post-516591","post","type-post","status-publish","format-standard","has-post-thumbnail","hentry","category-dominicana-hoy","category-portada"],"_links":{"self":[{"href":"https:\/\/diariodominicano.com\/index.php?rest_route=\/wp\/v2\/posts\/516591","targetHints":{"allow":["GET"]}}],"collection":[{"href":"https:\/\/diariodominicano.com\/index.php?rest_route=\/wp\/v2\/posts"}],"about":[{"href":"https:\/\/diariodominicano.com\/index.php?rest_route=\/wp\/v2\/types\/post"}],"author":[{"embeddable":true,"href":"https:\/\/diariodominicano.com\/index.php?rest_route=\/wp\/v2\/users\/28"}],"replies":[{"embeddable":true,"href":"https:\/\/diariodominicano.com\/index.php?rest_route=%2Fwp%2Fv2%2Fcomments&post=516591"}],"version-history":[{"count":2,"href":"https:\/\/diariodominicano.com\/index.php?rest_route=\/wp\/v2\/posts\/516591\/revisions"}],"predecessor-version":[{"id":516594,"href":"https:\/\/diariodominicano.com\/index.php?rest_route=\/wp\/v2\/posts\/516591\/revisions\/516594"}],"wp:featuredmedia":[{"embeddable":true,"href":"https:\/\/diariodominicano.com\/index.php?rest_route=\/wp\/v2\/media\/516592"}],"wp:attachment":[{"href":"https:\/\/diariodominicano.com\/index.php?rest_route=%2Fwp%2Fv2%2Fmedia&parent=516591"}],"wp:term":[{"taxonomy":"category","embeddable":true,"href":"https:\/\/diariodominicano.com\/index.php?rest_route=%2Fwp%2Fv2%2Fcategories&post=516591"},{"taxonomy":"post_tag","embeddable":true,"href":"https:\/\/diariodominicano.com\/index.php?rest_route=%2Fwp%2Fv2%2Ftags&post=516591"}],"curies":[{"name":"wp","href":"https:\/\/api.w.org\/{rel}","templated":true}]}}