{"id":516484,"date":"2024-03-18T13:00:49","date_gmt":"2024-03-18T17:00:49","guid":{"rendered":"https:\/\/diariodominicano.com\/?p=516484"},"modified":"2024-03-18T13:00:49","modified_gmt":"2024-03-18T17:00:49","slug":"gobierno-dominicano-evacua-a-27-de-sus-ciudadanos-desde-haiti","status":"publish","type":"post","link":"https:\/\/diariodominicano.com\/?p=516484","title":{"rendered":"Gobierno dominicano evac\u00faa a 27 de sus ciudadanos desde Hait\u00ed"},"content":{"rendered":"\n<p>diariodominicano.com<\/p>\n\n\n\n<p>Santo Domingo, R. D.,\u200218 de marzo, 2024.-\u00a0 El Gobierno dominicano\u00a0<strong>evacu\u00f3 desde Hait\u00ed a 27 nacionales<\/strong>\u00a0que residen en ese pa\u00eds y que, debido a la situaci\u00f3n de violencia e inseguridad que afecta esa naci\u00f3n,\u00a0<strong>solicitaron voluntariamente salir.\u00a0<\/strong><\/p>\n\n\n\n<p>Se trata de dominicanos que se encontraban en Hait\u00ed y que solicitaron ser evacuados ante la dificultad de salir del vecino pa\u00eds&nbsp;<strong>por las v\u00edas ordinarias<\/strong>. Sus solicitudes fueron canalizadas por la&nbsp;<strong>Embajada de la Rep\u00fablica Dominicana<\/strong>&nbsp;al Ministerio de Relaciones Exteriores&nbsp;<strong>(Mirex)<\/strong>.<\/p>\n\n\n\n<p>En la operaci\u00f3n participaron&nbsp;<strong>tres helic\u00f3pteros<\/strong>&nbsp;de la Fuerza A\u00e9rea de Rep\u00fablica Dominicana, organismo castrense del Ministerio de Defensa.<\/p>\n\n\n\n<p>Estos dominicanos,&nbsp;<strong>18 hombres, 7 mujeres y 2 menores de edad,&nbsp;<\/strong>aterrizaron en el helipuerto de la Fuerza de Tarea Conjunta e Interagencial de&nbsp;<strong>Jiman\u00ed<\/strong>, provincia Independencia, donde fueron recibidos por personal del Mirex y oficiales militares.&nbsp;<\/p>\n\n\n\n<p>Posteriormente la mayor\u00eda de estos fueron trasladados por tierra al Ministerio de Relaciones Exteriores, donde eran esperados por el director de Protecci\u00f3n a Nacionales y el de Asuntos Consulares,&nbsp;<strong>Miguel Reyes y C\u00e1ndido Mercedes<\/strong>, respectivamente, junto con oficiales de protocolo y familiares. Otros fueron llevados a diferentes provincias del pa\u00eds.&nbsp;<\/p>\n\n\n\n<p>Cabe resaltar que la entrada de las aeronaves del Gobierno dominicano en espacio a\u00e9reo haitiano fue&nbsp;<strong>autorizada por la Canciller\u00eda<\/strong>&nbsp;de ese pa\u00eds.&nbsp;<\/p>\n\n\n\n<p>La Embajada de la Rep\u00fablica Dominicana en Hait\u00ed mantiene sus canales de comunicaci\u00f3n abiertos para cualquier dominicano que reside en ese pa\u00eds y requiera\u00a0<strong>asistencia del Gobierno dominicano.<\/strong><\/p>\n\n\n\n<p>Fuente: Direcci\u00f3n de Estrategia y Comunicaci\u00f3n<\/p>\n\n\n\n<p>Ministerio Administrativo de la Presidencia de la Rep\u00fablica Dominicana<\/p>\n","protected":false},"excerpt":{"rendered":"<p>diariodominicano.com Santo Domingo, R. D.,\u200218 de marzo, 2024.-\u00a0 El Gobierno dominicano\u00a0evacu\u00f3 desde Hait\u00ed a 27 nacionales\u00a0que residen en ese pa\u00eds y que, debido a la situaci\u00f3n de violencia e inseguridad que afecta esa naci\u00f3n,\u00a0solicitaron voluntariamente salir.\u00a0 Se trata de dominicanos que se encontraban en Hait\u00ed y que solicitaron ser evacuados ante la dificultad de salir [&hellip;]<\/p>\n","protected":false},"author":5,"featured_media":516485,"comment_status":"closed","ping_status":"","sticky":true,"template":"","format":"standard","meta":{"footnotes":""},"categories":[20,27],"tags":[],"class_list":["post-516484","post","type-post","status-publish","format-standard","has-post-thumbnail","hentry","category-dominicana-hoy","category-portada"],"_links":{"self":[{"href":"https:\/\/diariodominicano.com\/index.php?rest_route=\/wp\/v2\/posts\/516484","targetHints":{"allow":["GET"]}}],"collection":[{"href":"https:\/\/diariodominicano.com\/index.php?rest_route=\/wp\/v2\/posts"}],"about":[{"href":"https:\/\/diariodominicano.com\/index.php?rest_route=\/wp\/v2\/types\/post"}],"author":[{"embeddable":true,"href":"https:\/\/diariodominicano.com\/index.php?rest_route=\/wp\/v2\/users\/5"}],"replies":[{"embeddable":true,"href":"https:\/\/diariodominicano.com\/index.php?rest_route=%2Fwp%2Fv2%2Fcomments&post=516484"}],"version-history":[{"count":1,"href":"https:\/\/diariodominicano.com\/index.php?rest_route=\/wp\/v2\/posts\/516484\/revisions"}],"predecessor-version":[{"id":516486,"href":"https:\/\/diariodominicano.com\/index.php?rest_route=\/wp\/v2\/posts\/516484\/revisions\/516486"}],"wp:featuredmedia":[{"embeddable":true,"href":"https:\/\/diariodominicano.com\/index.php?rest_route=\/wp\/v2\/media\/516485"}],"wp:attachment":[{"href":"https:\/\/diariodominicano.com\/index.php?rest_route=%2Fwp%2Fv2%2Fmedia&parent=516484"}],"wp:term":[{"taxonomy":"category","embeddable":true,"href":"https:\/\/diariodominicano.com\/index.php?rest_route=%2Fwp%2Fv2%2Fcategories&post=516484"},{"taxonomy":"post_tag","embeddable":true,"href":"https:\/\/diariodominicano.com\/index.php?rest_route=%2Fwp%2Fv2%2Ftags&post=516484"}],"curies":[{"name":"wp","href":"https:\/\/api.w.org\/{rel}","templated":true}]}}