{"id":516476,"date":"2024-03-18T11:44:49","date_gmt":"2024-03-18T15:44:49","guid":{"rendered":"https:\/\/diariodominicano.com\/?p=516476"},"modified":"2024-03-18T11:44:49","modified_gmt":"2024-03-18T15:44:49","slug":"caasd-realiza-jornada-de-limpieza-en-canada-la-ochocienta-en-los-rios","status":"publish","type":"post","link":"https:\/\/diariodominicano.com\/?p=516476","title":{"rendered":"Caasd realiza jornada de limpieza en ca\u00f1ada La Ochocienta, en Los R\u00edos"},"content":{"rendered":"\n<p>diariodominicano.com<\/p>\n\n\n\n<p>Santo Domingo, R. D.,\u200218 de marzo, 2024.\u2013 La Corporaci\u00f3n del Acueducto y Alcantarillado de Santo Domingo\u00a0<strong>(Caasd)<\/strong>\u00a0realiz\u00f3 una\u00a0<strong>jornada de limpieza<\/strong>\u00a0en un tramo de la ca\u00f1ada La Ochocienta, del sector Los R\u00edos, en el Distrito Nacional, a fin de elevar los\u00a0<strong>niveles de salubridad<\/strong>\u00a0de las familias que residen en sus alrededores.<\/p>\n\n\n\n<p>Durante el operativo, la instituci\u00f3n ejecut\u00f3 una serie de&nbsp;<strong>eventos educativos<\/strong>&nbsp;sobre el uso adecuado del&nbsp;<strong>recurso agua<\/strong>, clasificaci\u00f3n de los&nbsp;<strong>desechos<\/strong>, entre otros, a prop\u00f3sito de la celebraci\u00f3n del&nbsp;<strong>D\u00eda Mundial del Agua<\/strong>.&nbsp;<\/p>\n\n\n\n<p>Con estas acciones, la Caasd se une a los esfuerzos del gobierno para impulsar un&nbsp;<strong>manejo apropiado<\/strong>&nbsp;de los desechos s\u00f3lidos.<\/p>\n\n\n\n<p>A trav\u00e9s de una nota de prensa, la Corporaci\u00f3n explic\u00f3 que en la actividad estuvo coordinada por la&nbsp;<strong>Asociaci\u00f3n de Servidores P\u00fablicos de la Caasd y el Voluntariado<\/strong>. Indic\u00f3 que cada a\u00f1o realizan labores similares para conmemorar la referida fecha.<\/p>\n\n\n\n<p>En ese sentido, detall\u00f3 que la misma cont\u00f3 con la participaci\u00f3n de decenas de colaboradores de la entidad, quienes realizaron&nbsp;<strong>recogida de pl\u00e1sticos y desechos<\/strong>&nbsp;en el referido tramo de la ca\u00f1ada. Record\u00f3 que el afluente en la actualidad se encuentra intervenido para su&nbsp;<strong>saneamiento definitivo,&nbsp;<\/strong>lo cual incluye la construcci\u00f3n de&nbsp;<strong>20 unidades habitacionales<\/strong>&nbsp;para igual n\u00famero de familias, as\u00ed como el&nbsp;<strong>remozamiento del entorno<\/strong>.<\/p>\n\n\n\n<p>Al concluir esta intervenci\u00f3n&nbsp;<strong>m\u00e1s de 12,000 habitantes ser\u00e1n beneficiados<\/strong>&nbsp;y para lograrlo se construyen actualmente 20 registros sanitarios en ladrillos, 125 acometidas sanitarias, 20 tragantes pluviales y 600 metros lineales de acera, adem\u00e1s de una alcantarilla tipo caj\u00f3n de doble secci\u00f3n, que recoger\u00e1 las aguas residuales dom\u00e9sticas de las viviendas cercanas al arroyo.<\/p>\n\n\n\n<p>Asimismo, precis\u00f3 que estas labores de limpieza forman parte del&nbsp;<strong>Plan Estrat\u00e9gico Institucional<\/strong>, en lo que respecta a su&nbsp;<strong>compromiso c\u00edvico y de responsabilidad social&nbsp;<\/strong>con la finalidad de contribuir al bienestar colectivo.<\/p>\n\n\n\n<p><em>\u201cEl objetivo principal de la jornada es que nuestros colaboradores se unan a los esfuerzos del gobierno por impulsar el manejo adecuado de desechos s\u00f3lidos, un problema con el que venimos luchando\u201d,<\/em>&nbsp;precis\u00f3 la Caasd.<\/p>\n\n\n\n<p>La Corporaci\u00f3n destac\u00f3 la importancia de&nbsp;<strong>educar a la poblaci\u00f3n<\/strong>&nbsp;para que no tiren basura en los afluentes y mantengan limpios sus entornos. Agreg\u00f3 que la limpieza de estos arroyos contribuye con la eliminaci\u00f3n de los&nbsp;<strong>criaderos de mosquitos<\/strong>&nbsp;y de otros vectores de enfermedades que comprometen&nbsp;<strong>la salud de los m\u00e1s vulnerables<\/strong>.<\/p>\n\n\n\n<p><strong>Sobre el D\u00eda Mundial del Agua<\/strong><\/p>\n\n\n\n<p>Este a\u00f1o el lema que promueve Naciones Unidas es&nbsp;<strong>\u201cAgua para la paz\u201d<\/strong>, en el cual se resaltan los factores de&nbsp;<strong>cooperaci\u00f3n, armon\u00eda y resiliencia&nbsp;<\/strong>frente a los desaf\u00edos comunes.<\/p>\n\n\n\n<p>El agua es un recurso esencial para la vida, la producci\u00f3n de alimentos, energ\u00eda, materias primas y otros bienes.&nbsp;<strong>Hoy en d\u00eda, es un recurso muy contaminado<\/strong>, debido a la cantidad de desechos dom\u00e9sticos, industriales y agr\u00edcolas que afectan su calidad y potabilidad.<\/p>\n\n\n\n<p>El llamado siempre es oportuno para que haya\u00a0<strong>mayor conciencia de su uso<\/strong>, as\u00ed como mantener los entornos de r\u00edos y arroyos descontaminados.<\/p>\n\n\n\n<p>Fuente: Direcci\u00f3n de Estrategia y Comunicaci\u00f3n<\/p>\n\n\n\n<p>Ministerio Administrativo de la Presidencia de la Rep\u00fablica Dominicana<\/p>\n","protected":false},"excerpt":{"rendered":"<p>diariodominicano.com Santo Domingo, R. D.,\u200218 de marzo, 2024.\u2013 La Corporaci\u00f3n del Acueducto y Alcantarillado de Santo Domingo\u00a0(Caasd)\u00a0realiz\u00f3 una\u00a0jornada de limpieza\u00a0en un tramo de la ca\u00f1ada La Ochocienta, del sector Los R\u00edos, en el Distrito Nacional, a fin de elevar los\u00a0niveles de salubridad\u00a0de las familias que residen en sus alrededores. Durante el operativo, la instituci\u00f3n ejecut\u00f3 [&hellip;]<\/p>\n","protected":false},"author":5,"featured_media":516477,"comment_status":"closed","ping_status":"","sticky":true,"template":"","format":"standard","meta":{"footnotes":""},"categories":[20,27],"tags":[],"class_list":["post-516476","post","type-post","status-publish","format-standard","has-post-thumbnail","hentry","category-dominicana-hoy","category-portada"],"_links":{"self":[{"href":"https:\/\/diariodominicano.com\/index.php?rest_route=\/wp\/v2\/posts\/516476","targetHints":{"allow":["GET"]}}],"collection":[{"href":"https:\/\/diariodominicano.com\/index.php?rest_route=\/wp\/v2\/posts"}],"about":[{"href":"https:\/\/diariodominicano.com\/index.php?rest_route=\/wp\/v2\/types\/post"}],"author":[{"embeddable":true,"href":"https:\/\/diariodominicano.com\/index.php?rest_route=\/wp\/v2\/users\/5"}],"replies":[{"embeddable":true,"href":"https:\/\/diariodominicano.com\/index.php?rest_route=%2Fwp%2Fv2%2Fcomments&post=516476"}],"version-history":[{"count":1,"href":"https:\/\/diariodominicano.com\/index.php?rest_route=\/wp\/v2\/posts\/516476\/revisions"}],"predecessor-version":[{"id":516478,"href":"https:\/\/diariodominicano.com\/index.php?rest_route=\/wp\/v2\/posts\/516476\/revisions\/516478"}],"wp:featuredmedia":[{"embeddable":true,"href":"https:\/\/diariodominicano.com\/index.php?rest_route=\/wp\/v2\/media\/516477"}],"wp:attachment":[{"href":"https:\/\/diariodominicano.com\/index.php?rest_route=%2Fwp%2Fv2%2Fmedia&parent=516476"}],"wp:term":[{"taxonomy":"category","embeddable":true,"href":"https:\/\/diariodominicano.com\/index.php?rest_route=%2Fwp%2Fv2%2Fcategories&post=516476"},{"taxonomy":"post_tag","embeddable":true,"href":"https:\/\/diariodominicano.com\/index.php?rest_route=%2Fwp%2Fv2%2Ftags&post=516476"}],"curies":[{"name":"wp","href":"https:\/\/api.w.org\/{rel}","templated":true}]}}