{"id":516432,"date":"2024-03-18T01:48:47","date_gmt":"2024-03-18T05:48:47","guid":{"rendered":"https:\/\/diariodominicano.com\/?p=516432"},"modified":"2024-03-18T01:48:47","modified_gmt":"2024-03-18T05:48:47","slug":"ministro-de-industria-y-comercio-dice-ante-posibles-litis-rd-cafta-se-encargaran-los-abogados","status":"publish","type":"post","link":"https:\/\/diariodominicano.com\/?p=516432","title":{"rendered":"Ministro de Industria y Comercio dice ante posibles litis RD-CAFTA se encargar\u00e1n los abogados"},"content":{"rendered":"\n<p><br>Ito Bison\u00f3: Gobierno sigue firme en protecci\u00f3n sector<br>arrocero cuando entre arancel cero en 2025<\/p>\n\n\n\n<p><br>Dice no hay que tener miedo para hablar de reforma<br>porque Abinader no act\u00faa por sorpresa<\/p>\n\n\n\n<p><br>Santo Domingo, RD,- El ministro de Industria Comercio y Mipymes<br>asegur\u00f3 que el gobierno que encabeza el presidente Luis<br>Abinader sigue firme en su decisi\u00f3n de continuar protegiendo<br>el sector arrocero nacional, cuando el pr\u00f3ximo a\u00f1o se deba<br>aplicar arancel cero a la importaci\u00f3n de ese producto,<br>conforme lo contempla el Acuerdo de Libre Comercio entre<br>Estados Unidos, Centroam\u00e9rica y la Rep\u00fablica Dominicana,<br>conocido por sus siglas en ingl\u00e9s como el RD-CAFTA.<\/p>\n\n\n\n<p><br>V\u00edctor, Ito, Bison\u00f3 explic\u00f3 que cualquier litis que pueda surgir<br>como consecuencias de la posici\u00f3n del gobierno dominicano,<br>deber\u00e1n encargarse los abogados.<br>Ito Bison\u00f3 insisti\u00f3 en que habr\u00e1 protecci\u00f3n para los<br>productores de arroz, y en tal sentido las autoridades har\u00e1n lo<br>que sea necesario en ese prop\u00f3sito.<br>Entrevistado por H\u00e9ctor Herrera Cabral en el programa<br>D\u00b4AGENDA que cada domingo se difunde por Telesistema<br>canal 11 y TV Quisqueya para los Estados unidos, el alto<br>funcionario record\u00f3 que el encadenamiento de dicho rubro<br>impacta 24 provincias en todo el territorio nacional.<br>Bison\u00f3 record\u00f3 que la producci\u00f3n del cereal tiene un alto<br>impacto en el sector de las Peque\u00f1as, Medinas y Micro,<br>Empresas y, particularmente, a las mujeres que tienen una<br>participaci\u00f3n muy importante en el encadenamiento del<br>principal alimento de la dieta de los dominicanos.<\/p>\n\n\n\n<p>\u201cProtecci\u00f3n para el sector productivo nacional, nosotros<br>vamos a hacer lo que sea necesario\u201d remach\u00f3 Ito Bison\u00f3<br>cuando fue cuestionado en el sentido de si el gobierno sigue<br>con la postura de proteger el sector arrocero, cuando el<br>pr\u00f3ximo a\u00f1o se debe desmontar el arancel para la<br>importaci\u00f3n del cereal conforme lo estipula el acuerdo DR-<br>CAFTA.<br>Insisti\u00f3 que, \u201cel encadenamiento productivo del arroz impacta<br>m\u00e1s de 24 provincias, impacta las Mipymes, impacta mucho<br>al sector de la mujer, que muchas veces no nos damos<br>cuenta de que en el encadenamiento productivo nacional<br>tiene una presencia importante\u201d.<br>\u201cY nosotros no vamos a dejar que por importar arroz desde<br>socios comerciales nuestro, se da\u00f1e a la econom\u00eda y a los<br>dominicanos, entonces se est\u00e1n dando los pasos, los<br>estudios necesarios, dentro de los acuerdos comerciales que<br>tenemos, para proteger la producci\u00f3n nacional\u201d, recalc\u00f3 el<br>influyente funcionario del \u00e1rea econ\u00f3mica del gobierno.<br>Cuando se le pregunt\u00f3 a Bison\u00f3 de que si el gobierno no<br>teme ser objeto de sometimiento y sanci\u00f3n ante la<br>Organizaci\u00f3n Mundial del Comercio, respondi\u00f3 que, \u201cya eso<br>les toca a los abogados, pero mientras tanto hay protecci\u00f3n a<br>la producci\u00f3n nacional, cien por ciento\u201d.<br>Admite inflaci\u00f3n precios arroz pero menor a lo registrado<br>en otros pa\u00edses<br>Sobre las denuncias de dirigentes del sector comercio y<br>consumidores en torno a alzas de los precios del arroz, el<br>ministro de Industria y Comercio dijo que, \u201cla variaci\u00f3n de<br>precios que puede tener el producto es de una inflaci\u00f3n que<br>no se puede decir que no existe, pero es mucho menor que la<br>que se est\u00e1 registrando en otros pa\u00edses\u201d.<br>\u201cLo que se ha registrado aqu\u00ed es menos de dos d\u00edgitos, lo que<br>se ha registrado en otros pa\u00edses, incluso de las grandes<\/p>\n\n\n\n<p>potencias, es m\u00e1s de dos d\u00edgitos, yo no te puede decir que no<br>hay una variaci\u00f3n precios a veces m\u00e1s arriba, a veces un<br>poquito a bajo, pero siempre dentro de un rango que es real y<br>aceptable\u201d, explic\u00f3 Ito Bison\u00f3.<br>Record\u00f3 que producto de los fen\u00f3menos atmosf\u00e9ricos que<br>afectaron al pa\u00eds e pasado a\u00f1o hubo una merma en la<br>producci\u00f3n, situaci\u00f3n que ya se est\u00e1 recuperando.<br>\u201cPrimero, producto de los dos fen\u00f3menos atmosf\u00e9ricos hubo<br>una merma de un mes de producci\u00f3n, sin embargo el ministro<br>de Agricultura Limbert Cruz dice que el a\u00f1o se est\u00e1<br>recuperando en la cosecha actual, y segundo, la importaci\u00f3n<br>del arroz se ha puesto m\u00e1s escasa en el exterior, y m\u00e1s caro,<br>ha bajado la producci\u00f3n en los pa\u00edses que tradicionalmente<br>son exportadores\u201d, precis\u00f3.<br>Sostuvo que ante ese panorama, al cereal importado a esos<br>precios se le puede eliminar el impuesto, o la cuota si es por<br>el DR-CAFTA, o cualquier esquema de importaci\u00f3n, y<br>comoquiera resulta un poco m\u00e1s caro, y hasta que no haya<br>una nivelaci\u00f3n de la producci\u00f3n siempre va a ver un<br>movimiento en los precios.<br>\u201cAnte eso, qu\u00e9 dispuso el presidente, orden\u00f3 que se trajera el<br>arroz que se necesitaba ese mes, y del presupuesto del<br>Estado se pagar\u00e1n los impuestos para que no haya una<br>subida al precio de dicho ceral al p\u00fablico\u201d. Destac\u00f3.<br>Respecto a los precios internos del arroz, argument\u00f3 que,<br>\u201csiempre va a ver una din\u00e1mica diferente, por ejemplo, si tu<br>compra en el mercado, el arroz tiene un precio, pero si lo<br>compra en el supermercado y en el colmado el precio ser\u00e1<br>diferente, y dentro de cada uno de esos renglones que son<br>los que nosotros monitoreamos constantemente, hay<br>diferentes marcas\u201d.<br>Recomend\u00f3 a la poblaci\u00f3n ver donde le rinde m\u00e1s el dinero,<br>donde el precio est\u00e1 m\u00e1s barato, y comprarlo en ese lugar,<br>dentro de la franja que la cartera que dirige da seguimiento,<\/p>\n\n\n\n<p>para que no se dispare los precios del arroz de una manera<br>especulativa.<br>Dice no hay que tener miedo para hablar de reforma<br>porque Abinader no act\u00faa por sorpresa<br>El ministro de Industria y Comercio Ito Bison\u00f3 critic\u00f3 a los<br>partidos de oposici\u00f3n por usar como tema de campa\u00f1a que<br>habr\u00e1 una presunta reforma fiscal en la cual se le<br>aumentar\u00edan los impuestos a la poblaci\u00f3n, cuando fueron<br>ellos que en sus 20 a\u00f1os que estuvieron en el poder los<br>incrementaron en varias ocasiones.<br>\u201cYo creo que, casualmente, porque estamos en un momento<br>de campa\u00f1a electoral es que se est\u00e1 hablando de eso,<br>porque es un momento pol\u00edtico, y es una herramienta de la<br>oposici\u00f3n decir que van a subir los impuestos, pero esa<br>oposici\u00f3n se olvida que tuvieron 20 a\u00f1os subi\u00e9ndole los<br>impuestos a la gente, y ellos lo dicen por lo que hicieron<br>cuando estaban en el poder\u201d, reproch\u00f3 el funcionario.<br>Record\u00f3 que una reforma fiscal no quiere decir que es<br>solamente para subir los impuestos, record\u00f3 que en 1992 se<br>hizo una reforma la cual fue contribuyo a que iniciara un<br>proceso de crecimiento y estabilidad macroecon\u00f3mica a largo<br>plazo.<br>\u201cNo es un asunto de solo ver un pedacito de lo que va a<br>pasar, es el contexto completo, no hay que tener miedo para<br>hablar de reforma porque el presidente Luis Abinader no<br>act\u00faa por sorpresa, ya tiene cuatro a\u00f1os gobernando en los<br>peores momentos y a nadie le ha sacado un conejo de un<br>sombrero de sorpresa\u201d, precis\u00f3 Ito Bison\u00f3.<br>Indic\u00f3 que el primer mandatario se sienta hablar con la gente,<br>y con representantes de todos los sectores del pa\u00eds.<br>\u201cQui\u00e9n no sabe que nosotros tenemos un alto grado de<br>informalidad, incluso el mundo aument\u00f3 la informalidad<br>porque despu\u00e9s de la pandemia es m\u00e1s importante que haya<\/p>\n\n\n\n<p>una gente con trabajo, que lo que todos deseamos que sean<br>formales, mejor que haya un trabajo informal que lleve la<br>comida a su casa decentemente, a que no tenga trabajo\u201d,<br>argument\u00f3.<br>Sin embargo, record\u00f3 que ya esos momentos pasaron, y el<br>pa\u00eds tiene un 56% de informalidad, a quienes hay que<br>llevarlos a la formalidad y darle garant\u00edas que no es para que<br>desaparezcan, sino para que se fortalezcan, y para<br>respaldarlos.<br>\u201cNosotros tendr\u00edamos que, quiz\u00e1s, bajar algunos impuestos,<br>porque al tener la base m\u00e1s amplia ya no tiene que ser el<br>mismo porcentaje, ha sucedido en otros pa\u00edses\u201d, acot\u00f3.<br>Bison\u00f3 Haza dijo que a veces el tema de una reforma se lo<br>preguntan algunos empresarios, y \u00e9l le recomienda que<br>busquen sus consultores econ\u00f3micos que tienen, y<br>comiencen a hacer ejercicios, no de su sector, sino de la<br>propuesta que pueden hacer y poner sobre la mesa, de c\u00f3mo<br>fortalecer, transparentar, y adecuar una econom\u00eda como la<br>dominicana que tiene que ser global para poder competir con<br>los otros pa\u00edses.<br>Sobre las perspectivas econ\u00f3micas para el presente a\u00f1o, el<br>ministro de Industria y Comercio dijo que todos los<br>organismos internacionales destacan que el pa\u00eds se est\u00e1<br>conduciendo por el camino correcto, pero siempre hay que<br>estar pendiente de los conflictos de la geopol\u00edtica mundial, y<br>de los efectos del cambio clim\u00e1tico, que repercuten en todas<br>las econom\u00edas mundial, aunque esos fen\u00f3menos se<br>produzcan muy distante de un pa\u00eds que recibe los impactos<br>negativos de dichos acontecimientos.<br>En cuanto a las votaciones del 19 de mayo, Bison\u00f3 quien es<br>miembro de la Direcci\u00f3n Ejecutiva del Partido Revolucionario<br>Moderno, dijo que todas las mediciones apuntan que el<br>presidente Luis Abinader obtendr\u00e1 una holgada victoria en<br>primera vuelta, y eso se proyecta en lo congresual, por lo que<\/p>\n\n\n\n<p>el PRM y aliados obtendr\u00e1n una amplia mayor\u00eda en el Senado<br>de la Rep\u00fablica y en la C\u00e1mara de Diputados.<\/p>\n\n\n\n<p>H\u00e9ctor Herrera Cabral<\/p>\n\n\n\n<p><a href=\"mailto:hhcabral65@hotmail.com\" target=\"_blank\" rel=\"noreferrer noopener\">hhcabral65@hotmail.com<\/a><\/p>\n","protected":false},"excerpt":{"rendered":"<p>Ito Bison\u00f3: Gobierno sigue firme en protecci\u00f3n sectorarrocero cuando entre arancel cero en 2025 Dice no hay que tener miedo para hablar de reformaporque Abinader no act\u00faa por sorpresa Santo Domingo, RD,- El ministro de Industria Comercio y Mipymesasegur\u00f3 que el gobierno que encabeza el presidente LuisAbinader sigue firme en su decisi\u00f3n de continuar protegiendoel [&hellip;]<\/p>\n","protected":false},"author":28,"featured_media":516433,"comment_status":"closed","ping_status":"","sticky":true,"template":"","format":"standard","meta":{"footnotes":""},"categories":[20,18,27],"tags":[],"class_list":["post-516432","post","type-post","status-publish","format-standard","has-post-thumbnail","hentry","category-dominicana-hoy","category-economia","category-portada"],"_links":{"self":[{"href":"https:\/\/diariodominicano.com\/index.php?rest_route=\/wp\/v2\/posts\/516432","targetHints":{"allow":["GET"]}}],"collection":[{"href":"https:\/\/diariodominicano.com\/index.php?rest_route=\/wp\/v2\/posts"}],"about":[{"href":"https:\/\/diariodominicano.com\/index.php?rest_route=\/wp\/v2\/types\/post"}],"author":[{"embeddable":true,"href":"https:\/\/diariodominicano.com\/index.php?rest_route=\/wp\/v2\/users\/28"}],"replies":[{"embeddable":true,"href":"https:\/\/diariodominicano.com\/index.php?rest_route=%2Fwp%2Fv2%2Fcomments&post=516432"}],"version-history":[{"count":1,"href":"https:\/\/diariodominicano.com\/index.php?rest_route=\/wp\/v2\/posts\/516432\/revisions"}],"predecessor-version":[{"id":516434,"href":"https:\/\/diariodominicano.com\/index.php?rest_route=\/wp\/v2\/posts\/516432\/revisions\/516434"}],"wp:featuredmedia":[{"embeddable":true,"href":"https:\/\/diariodominicano.com\/index.php?rest_route=\/wp\/v2\/media\/516433"}],"wp:attachment":[{"href":"https:\/\/diariodominicano.com\/index.php?rest_route=%2Fwp%2Fv2%2Fmedia&parent=516432"}],"wp:term":[{"taxonomy":"category","embeddable":true,"href":"https:\/\/diariodominicano.com\/index.php?rest_route=%2Fwp%2Fv2%2Fcategories&post=516432"},{"taxonomy":"post_tag","embeddable":true,"href":"https:\/\/diariodominicano.com\/index.php?rest_route=%2Fwp%2Fv2%2Ftags&post=516432"}],"curies":[{"name":"wp","href":"https:\/\/api.w.org\/{rel}","templated":true}]}}