{"id":516303,"date":"2024-03-18T00:40:27","date_gmt":"2024-03-18T04:40:27","guid":{"rendered":"https:\/\/diariodominicano.com\/?p=516303"},"modified":"2024-03-18T00:42:09","modified_gmt":"2024-03-18T04:42:09","slug":"ee-uu-saluda-en-el-dia-nacional-de-aruba","status":"publish","type":"post","link":"https:\/\/diariodominicano.com\/?p=516303","title":{"rendered":"EE. UU. saluda en el D\u00eda Nacional de Aruba"},"content":{"rendered":"\n<p>Antony J. Blinken, Secretario de Estado<\/p>\n\n\n\n<p>En nombre de los Estados Unidos de Am\u00e9rica, felicito al pueblo de Aruba por la celebraci\u00f3n del 38\u00b0 aniversario de su Himno Nacional y D\u00eda de la Bandera.<\/p>\n\n\n\n<p>Estados Unidos sigue firmemente comprometido con nuestra asociaci\u00f3n duradera y duradera con Aruba. Fortalecer los v\u00ednculos educativos y culturales entre nuestras naciones es una prioridad mutua, ejemplificada por nuestro centro de asesoramiento EducationUSA y reforzada por las amistades duraderas forjadas sobre valores compartidos y generaciones de turismo e intercambios. Estamos muy orgullosos de nuestros esfuerzos de colaboraci\u00f3n destinados a desmantelar redes criminales transnacionales, combatir actividades ilegales y fomentar una regi\u00f3n caribe\u00f1a segura, estable y exitosa. Seguimos dedicados a asociarnos con Aruba para abordar la crisis clim\u00e1tica y anticipamos con entusiasmo trabajar juntos para apoyar los ambiciosos objetivos de energ\u00eda renovable de Aruba. Tambi\u00e9n nos gustar\u00eda extender nuestro agradecimiento al pueblo de Aruba por recibir calurosamente a m\u00e1s de 1,5 millones de turistas estadounidenses cada a\u00f1o.<\/p>\n\n\n\n<p>Con motivo del Himno Nacional y el D\u00eda de la Bandera de Aruba, Estados Unidos extiende sus m\u00e1s sinceros deseos de un a\u00f1o feliz y pr\u00f3spero para todos los arubanos.<\/p>\n\n\n\n<p>U.S. Department of State<\/p>\n\n\n\n<p><a target=\"_blank\" href=\"mailto:usstatebpa@public.govdelivery.com\" rel=\"noreferrer noopener\">usstatebpa@public.govdelive<\/a><\/p>\n\n\n\n<p>18\/03\/2024 12:01 a.m.EDT<\/p>\n","protected":false},"excerpt":{"rendered":"<p>Antony J. Blinken, Secretario de Estado En nombre de los Estados Unidos de Am\u00e9rica, felicito al pueblo de Aruba por la celebraci\u00f3n del 38\u00b0 aniversario de su Himno Nacional y D\u00eda de la Bandera. Estados Unidos sigue firmemente comprometido con nuestra asociaci\u00f3n duradera y duradera con Aruba. Fortalecer los v\u00ednculos educativos y culturales entre nuestras [&hellip;]<\/p>\n","protected":false},"author":28,"featured_media":482266,"comment_status":"closed","ping_status":"","sticky":false,"template":"","format":"standard","meta":{"footnotes":""},"categories":[26,23],"tags":[],"class_list":["post-516303","post","type-post","status-publish","format-standard","has-post-thumbnail","hentry","category-efemerides","category-internacional"],"_links":{"self":[{"href":"https:\/\/diariodominicano.com\/index.php?rest_route=\/wp\/v2\/posts\/516303","targetHints":{"allow":["GET"]}}],"collection":[{"href":"https:\/\/diariodominicano.com\/index.php?rest_route=\/wp\/v2\/posts"}],"about":[{"href":"https:\/\/diariodominicano.com\/index.php?rest_route=\/wp\/v2\/types\/post"}],"author":[{"embeddable":true,"href":"https:\/\/diariodominicano.com\/index.php?rest_route=\/wp\/v2\/users\/28"}],"replies":[{"embeddable":true,"href":"https:\/\/diariodominicano.com\/index.php?rest_route=%2Fwp%2Fv2%2Fcomments&post=516303"}],"version-history":[{"count":2,"href":"https:\/\/diariodominicano.com\/index.php?rest_route=\/wp\/v2\/posts\/516303\/revisions"}],"predecessor-version":[{"id":516305,"href":"https:\/\/diariodominicano.com\/index.php?rest_route=\/wp\/v2\/posts\/516303\/revisions\/516305"}],"wp:featuredmedia":[{"embeddable":true,"href":"https:\/\/diariodominicano.com\/index.php?rest_route=\/wp\/v2\/media\/482266"}],"wp:attachment":[{"href":"https:\/\/diariodominicano.com\/index.php?rest_route=%2Fwp%2Fv2%2Fmedia&parent=516303"}],"wp:term":[{"taxonomy":"category","embeddable":true,"href":"https:\/\/diariodominicano.com\/index.php?rest_route=%2Fwp%2Fv2%2Fcategories&post=516303"},{"taxonomy":"post_tag","embeddable":true,"href":"https:\/\/diariodominicano.com\/index.php?rest_route=%2Fwp%2Fv2%2Ftags&post=516303"}],"curies":[{"name":"wp","href":"https:\/\/api.w.org\/{rel}","templated":true}]}}