{"id":516294,"date":"2024-03-18T00:01:37","date_gmt":"2024-03-18T04:01:37","guid":{"rendered":"https:\/\/diariodominicano.com\/?p=516294"},"modified":"2024-03-18T00:03:50","modified_gmt":"2024-03-18T04:03:50","slug":"presidente-abinader-pone-en-funcionamiento-el-nuevo-caipi-rosa-gomez-de-mejia-en-santiago","status":"publish","type":"post","link":"https:\/\/diariodominicano.com\/?p=516294","title":{"rendered":"Presidente Abinader pone en funcionamiento el Caipi Rosa G\u00f3mez de Mej\u00eda, en Santiago"},"content":{"rendered":"\n<p><\/p>\n\n\n\n<figure class=\"wp-block-image\"><img decoding=\"async\" src=\"https:\/\/platform-cdn.sharethis.com\/img\/facebook.svg\" alt=\"facebook sharing button\"\/><\/figure>\n\n\n\n<figure class=\"wp-block-image\"><img decoding=\"async\" src=\"https:\/\/platform-cdn.sharethis.com\/img\/twitter.svg\" alt=\"twitter sharing button\"\/><\/figure>\n\n\n\n<figure class=\"wp-block-image\"><img decoding=\"async\" src=\"https:\/\/platform-cdn.sharethis.com\/img\/sharethis.svg\" alt=\"sharethis sharing button\"\/><\/figure>\n\n\n\n<p>Santiago, RD.- El\u00a0<strong>presidente Luis Abinader<\/strong>\u00a0entreg\u00f3 el nuevo\u00a0<strong>Centro de Atenci\u00f3n Integral a la Primera Infancia (Caipi), Rosa G\u00f3mez de Mej\u00eda<\/strong>, en Gurabo Abajo, Santiago. En el nuevo espacio \u00a0<strong>250 ni\u00f1os y ni\u00f1as<\/strong>\u00a0con edades de 0 a 5 a\u00f1os recibir\u00e1n los servicios que ofrece el\u00a0<strong>Instituto Nacional de Atenci\u00f3n Integral a la Primera Infancia<\/strong>\u00a0(Inaipi).<\/p>\n\n\n\n<p><strong>El <\/strong>presidente Abinader catalog\u00f3 a la\u00a0<strong>ex primera dama<\/strong>, como un ser especial que  contaba con una brisa de paz y tranquilidad que siempre entend\u00eda las personas.\u00a0<em>\u00abTen\u00eda esa nobleza que era del alma, pero tambi\u00e9n recta, muy recta\u00bb.<\/em><\/p>\n\n\n\n<p>Indic\u00f3 que el nombre colocado al Caipi no es por la relaci\u00f3n con la ex primera dama, si no por ser un ejemplo de persona, como un&nbsp;<strong>ejemplo de madre, esposa y ciudadana.<\/strong><\/p>\n\n\n\n<p>El mandatario estuvo acompa\u00f1ado del\u00a0<strong>expresidente Hip\u00f3lito Mej\u00eda<\/strong>, esposo de do\u00f1a Rosa G\u00f3mez, quien estuvo con su familia;\u00a0<strong>la vicepresidenta Raquel Pe\u00f1a<\/strong>,\u00a0<strong>la primera dama, Raquel Arbaje<\/strong>\u00a0y la directora ejecutiva del Inaipi,\u00a0<strong>Besaida Manola Santana.<\/strong>\u00a0<\/p>\n\n\n\n<p>El  expresidente Mej\u00eda, resalt\u00f3 el valor de la familia\u00a0<strong>en la sociedad dominicana<\/strong>\u00a0y de parte de su familia, Mej\u00eda G\u00f3mez,\u00a0<strong>agradeci\u00f3 la distinci\u00f3n<\/strong>\u00a0de que el nuevo centro tenga el nombre de su esposa.<\/p>\n\n\n\n<figure class=\"wp-block-image\"><img decoding=\"async\" src=\"https:\/\/presidencia.gob.do\/sites\/default\/files\/inline-images\/WhatsApp%20Image%202024-03-17%20at%206.18.36%20PM.jpeg\" alt=\"\"\/><\/figure>\n\n\n\n<p>Expres\u00f3 su convencimiento de que el presidente Abinader y su esposa, Raquel Arbaje, replican la experiencia m\u00e1s importante&nbsp;<strong>el apoyo, el respeto y el ejemplo a la familia dominicana<\/strong>.<\/p>\n\n\n\n<p>Con el nombre de este centro se brinda&nbsp;<strong>homenaje a do\u00f1a Rosa G\u00f3mez de Mej\u00eda<\/strong>, ex primera dama ejemplar, con alto grado de&nbsp;<strong>sensibilidad humana<\/strong>&nbsp;y que se identific\u00f3 con las mejores causas hacia los sectores vulnerables, en especial aquellas&nbsp;<strong>en favor de la ni\u00f1ez y la familia.&nbsp;<\/strong><\/p>\n\n\n\n<p>Este es el\u00a0<strong>Caipi n\u00famero 56<\/strong>\u00a0que se inaugura en la presente gesti\u00f3n de Gobierno del presidente Abinader a nivel nacional, a los que se suman tres nuevos Centros de Atenci\u00f3n a la Infancia y la Familia (CAFI) puestos en servicios en recintos y centros de la\u00a0<strong>Universidad Aut\u00f3noma de Santo Domingo<\/strong>\u00a0(UASD), para totalizar\u00a0<strong>59 los centros puestos en funcionamiento<\/strong>\u00a0en favor de los ni\u00f1os y la ni\u00f1as y familias.<\/p>\n\n\n\n<p>Contiene informaci\u00f3n de prensa de la Presidencia de la Rep\u00fablica Dominicana.<\/p>\n","protected":false},"excerpt":{"rendered":"<p>Santiago, RD.- El\u00a0presidente Luis Abinader\u00a0entreg\u00f3 el nuevo\u00a0Centro de Atenci\u00f3n Integral a la Primera Infancia (Caipi), Rosa G\u00f3mez de Mej\u00eda, en Gurabo Abajo, Santiago. En el nuevo espacio \u00a0250 ni\u00f1os y ni\u00f1as\u00a0con edades de 0 a 5 a\u00f1os recibir\u00e1n los servicios que ofrece el\u00a0Instituto Nacional de Atenci\u00f3n Integral a la Primera Infancia\u00a0(Inaipi). El presidente Abinader catalog\u00f3 [&hellip;]<\/p>\n","protected":false},"author":28,"featured_media":516295,"comment_status":"closed","ping_status":"","sticky":true,"template":"","format":"standard","meta":{"footnotes":""},"categories":[20,27],"tags":[],"class_list":["post-516294","post","type-post","status-publish","format-standard","has-post-thumbnail","hentry","category-dominicana-hoy","category-portada"],"_links":{"self":[{"href":"https:\/\/diariodominicano.com\/index.php?rest_route=\/wp\/v2\/posts\/516294","targetHints":{"allow":["GET"]}}],"collection":[{"href":"https:\/\/diariodominicano.com\/index.php?rest_route=\/wp\/v2\/posts"}],"about":[{"href":"https:\/\/diariodominicano.com\/index.php?rest_route=\/wp\/v2\/types\/post"}],"author":[{"embeddable":true,"href":"https:\/\/diariodominicano.com\/index.php?rest_route=\/wp\/v2\/users\/28"}],"replies":[{"embeddable":true,"href":"https:\/\/diariodominicano.com\/index.php?rest_route=%2Fwp%2Fv2%2Fcomments&post=516294"}],"version-history":[{"count":2,"href":"https:\/\/diariodominicano.com\/index.php?rest_route=\/wp\/v2\/posts\/516294\/revisions"}],"predecessor-version":[{"id":516297,"href":"https:\/\/diariodominicano.com\/index.php?rest_route=\/wp\/v2\/posts\/516294\/revisions\/516297"}],"wp:featuredmedia":[{"embeddable":true,"href":"https:\/\/diariodominicano.com\/index.php?rest_route=\/wp\/v2\/media\/516295"}],"wp:attachment":[{"href":"https:\/\/diariodominicano.com\/index.php?rest_route=%2Fwp%2Fv2%2Fmedia&parent=516294"}],"wp:term":[{"taxonomy":"category","embeddable":true,"href":"https:\/\/diariodominicano.com\/index.php?rest_route=%2Fwp%2Fv2%2Fcategories&post=516294"},{"taxonomy":"post_tag","embeddable":true,"href":"https:\/\/diariodominicano.com\/index.php?rest_route=%2Fwp%2Fv2%2Ftags&post=516294"}],"curies":[{"name":"wp","href":"https:\/\/api.w.org\/{rel}","templated":true}]}}