{"id":516236,"date":"2024-03-17T22:43:59","date_gmt":"2024-03-18T02:43:59","guid":{"rendered":"https:\/\/diariodominicano.com\/?p=516236"},"modified":"2024-03-17T22:45:41","modified_gmt":"2024-03-18T02:45:41","slug":"el-pld-desarrolla-en-provincias-y-municipios-talleres-explicativos-de-su-plan-electoral-con-miras-a-la-obtencion-del-triunfo","status":"publish","type":"post","link":"https:\/\/diariodominicano.com\/?p=516236","title":{"rendered":"El PLD desarrolla\u00a0en provincias y municipios talleres explicativos de su Plan Electoral con miras a la obtenci\u00f3n del triunfo"},"content":{"rendered":"\n<p>Desde este domingo, hasta el pr\u00f3ximo, comisiones de la Secretar\u00eda de Asuntos Electorales del Partido de la Liberaci\u00f3n Dominicana (PLD)\u00a0 se desplazan por los municipios y provincias del pa\u00eds explicando, en encuentros bajo formato Taller, el plan concebido por la Mesa Electoral con el objetivo de conquistar el triunfo en las elecciones del 19 de mayo.<\/p>\n\n\n\n<p><\/p>\n\n\n\n<p>Los talleres se extender\u00e1n hasta el domingo 24 de marzo, los que estar\u00e1n a cargo de los subsecretarios de Asuntos Electorales y el personal de apoyo, que se distribuyen en cuatro comisiones.<\/p>\n\n\n\n<p>El Plan electoral tiene por meta la captaci\u00f3n de electores que permitan la obtenci\u00f3n del triunfo de su candidato presidencial, Abel Mart\u00ednez, en las elecciones del pr\u00f3ximo mayo.<\/p>\n\n\n\n<p>En la jornada de este domingo se reportaron talleres de explicaci\u00f3n del Plan Electoral en&nbsp;&nbsp;Santiago, La Vega, Puerto Plata, Espaillat Duarte, Hermanas Mirabal, S\u00e1nchez Ram\u00edrez y Mansesor Nouel en dos turnos, a&nbsp;&nbsp;las 10 de la ma\u00f1ana y a las 4.00 de la tarde,<\/p>\n\n\n\n<p>El lunes 18 de mayo los talleres se programaron para la provincia La Romana, que incluye el municipio cabecero, sus municipios y distritos municipales.<\/p>\n\n\n\n<p>El papel a desarrollar por los delegados en los colegios electorales, las comisiones de recintos, los delegados ante Juntas Electorales Municipales y la responsabilidad de miembros y militantes se desglosan en estos talleres, concebido por la Mesa Electoral, conformada por los titulares de diferentes secretar\u00edas bajo la coordinaci\u00f3n de la Presidencia y secretaria general del PLD.<\/p>\n\n\n\n<p><strong>SECRETARIA COMUNICACIONES<\/strong><\/p>\n\n\n\n<p><strong>17 MARZO 2024<\/strong><\/p>\n","protected":false},"excerpt":{"rendered":"<p>Desde este domingo, hasta el pr\u00f3ximo, comisiones de la Secretar\u00eda de Asuntos Electorales del Partido de la Liberaci\u00f3n Dominicana (PLD)\u00a0 se desplazan por los municipios y provincias del pa\u00eds explicando, en encuentros bajo formato Taller, el plan concebido por la Mesa Electoral con el objetivo de conquistar el triunfo en las elecciones del 19 de [&hellip;]<\/p>\n","protected":false},"author":28,"featured_media":0,"comment_status":"closed","ping_status":"","sticky":true,"template":"","format":"standard","meta":{"footnotes":""},"categories":[22,27],"tags":[],"class_list":["post-516236","post","type-post","status-publish","format-standard","hentry","category-politica","category-portada"],"_links":{"self":[{"href":"https:\/\/diariodominicano.com\/index.php?rest_route=\/wp\/v2\/posts\/516236","targetHints":{"allow":["GET"]}}],"collection":[{"href":"https:\/\/diariodominicano.com\/index.php?rest_route=\/wp\/v2\/posts"}],"about":[{"href":"https:\/\/diariodominicano.com\/index.php?rest_route=\/wp\/v2\/types\/post"}],"author":[{"embeddable":true,"href":"https:\/\/diariodominicano.com\/index.php?rest_route=\/wp\/v2\/users\/28"}],"replies":[{"embeddable":true,"href":"https:\/\/diariodominicano.com\/index.php?rest_route=%2Fwp%2Fv2%2Fcomments&post=516236"}],"version-history":[{"count":4,"href":"https:\/\/diariodominicano.com\/index.php?rest_route=\/wp\/v2\/posts\/516236\/revisions"}],"predecessor-version":[{"id":516240,"href":"https:\/\/diariodominicano.com\/index.php?rest_route=\/wp\/v2\/posts\/516236\/revisions\/516240"}],"wp:attachment":[{"href":"https:\/\/diariodominicano.com\/index.php?rest_route=%2Fwp%2Fv2%2Fmedia&parent=516236"}],"wp:term":[{"taxonomy":"category","embeddable":true,"href":"https:\/\/diariodominicano.com\/index.php?rest_route=%2Fwp%2Fv2%2Fcategories&post=516236"},{"taxonomy":"post_tag","embeddable":true,"href":"https:\/\/diariodominicano.com\/index.php?rest_route=%2Fwp%2Fv2%2Ftags&post=516236"}],"curies":[{"name":"wp","href":"https:\/\/api.w.org\/{rel}","templated":true}]}}