{"id":516234,"date":"2024-03-17T22:39:12","date_gmt":"2024-03-18T02:39:12","guid":{"rendered":"https:\/\/diariodominicano.com\/?p=516234"},"modified":"2024-03-17T22:39:12","modified_gmt":"2024-03-18T02:39:12","slug":"presidente-abinader-inaugura-tramo-i-del-teleferico-de-santiago","status":"publish","type":"post","link":"https:\/\/diariodominicano.com\/?p=516234","title":{"rendered":"Presidente Abinader inaugura tramo I del Telef\u00e9rico de Santiago"},"content":{"rendered":"\n<p><strong><em><u>El sistema, construido con una inversi\u00f3n de RD$ 6,544 millones de pesos, tiene la capacidad de transportar 8000 pasajeros por horas en ambos sentidos para un total de m\u00e1s de 64 mil pasajeros diarios<\/u><\/em><\/strong><\/p>\n\n\n\n<p><strong>Santiago de los Caballeros,<strong>17 de marzo de 2024<\/strong> .<\/strong>\u00a0&#8211;\u00a0 El presidente Luis Abinader Corona dej\u00f3 inaugurado en el d\u00eda de hoy el primer tramo del Telef\u00e9rico de Santiago, obra construida con una inversi\u00f3n de RD$6,544 millones de pesos, impactar\u00e1 de manera directa alrededor de 73,968 habitantes de 9 de los sectores m\u00e1s populosos de la ciudad de Santiago.<\/p>\n\n\n\n<p>El Telef\u00e9rico de Santiago forma parte del Sistema Integrado de Transporte de Santiago (SIT-Stgo) iniciativa creada desde el poder ejecutivo que tiene como objetivo la integraci\u00f3n f\u00edsica, tecnol\u00f3gica y tarifaria de diferentes medios de transportes p\u00fablico con el objetivo de contribuir a mejorar la calidad de vida de los habitantes de la ciudad, as\u00ed como desarrollar alternativas de movilidad sostenible que reduzcan el impacto en el medio ambiente.<\/p>\n\n\n\n<p>Se trata de un sistema de transporte por cable, compuesto por 83 de cabinas con pinzas desembragables, con capacidad de transportar 4,000 pasajeros por hora por sentido, para un total de 8,000 personas por hora, y una capacidad de transporte diaria de 64 mil personas.<\/p>\n\n\n\n<p>Este primer tramo del sistema comprende 4 kil\u00f3metros que van desde el sector La Yag\u00fcita del Pastor hasta la Terminal Central Las Carreras en Pueblo Nuevo, con 4 estaciones: T1:&nbsp; Estaci\u00f3n Central, E2:&nbsp; Estaci\u00f3n Emiliano Tardif, E3:&nbsp; Estaci\u00f3n Rene Klang de Guzm\u00e1n&nbsp;<\/p>\n\n\n\n<p>y E4:&nbsp; Estaci\u00f3n Yolanda Santana.&nbsp; Su recorrido completo se realiza en 10 minutos.<\/p>\n\n\n\n<p>Durante su discurso el mandatario inform\u00f3 que el sistema estar\u00e1 operando de manera gratuita a partir de ma\u00f1ana lunes 18 de marzo y con horarios especiales, con el objetivo de que los habitantes de Santiago puedan hacer uso de este, vayan conociendo y adoptando este moderno sistema de transporte e incorporarlo en su rutina diaria como una opci\u00f3n de movilidad segura, r\u00e1pida, confortable y mucho m\u00e1s econ\u00f3mica.<\/p>\n\n\n\n<p>\u201cEl 29 de septiembre del 2021 estuvimos en este mismo lugar dando el primer picazo para el inicio de la construcci\u00f3n de esta obra que hoy estamos entregando a todos los santiagueros y con ella ir materializando lo que es una de las principales iniciativa de nuestra gesti\u00f3n, el Sistema Integrado de Transporte de Santiago, como una alternativa que nos permitir\u00e1 ir dando soluci\u00f3n a uno de los mayores problemas sociales de la Rep\u00fablica Dominicana que sin lugar a duda lo constituye el transporte terrestre\u201d , enfatiz\u00f3 el mandatario en su discurso.<\/p>\n\n\n\n<p>\u201cSin lugar a duda estamos en un momento hist\u00f3rico que plantea un antes y un despu\u00e9s para esta provincia, haciendo valer la responsabilidad que tiene el Estado de dar soluciones colectivas a la problem\u00e1tica del transporte, la movilidad, la accesibilidad en las ciudades, la reducci\u00f3n de las emisiones ambientales de CO2, en mejorar el medio ambiente y de esta manera contribuir a la disminuci\u00f3n en la saturaci\u00f3n vehicular\u201d, afirm\u00f3 Abinader.<\/p>\n\n\n\n<p>Asimismo, durante su discurso Joel Santos Echavarria, ministro de la Presidencia se\u00f1al\u00f3 una serie de acciones, que son complementarias al proyecto y que demuestran la estrategia del Gobierno de combinar el desarrollo en lo econ\u00f3mico, social, ambiental y urban\u00edstico, como forma de mejorar la calidad de vida de los ciudadanos en todos los aspectos.&nbsp;<\/p>\n\n\n\n<p>\u201cEn el aspecto urban\u00edstico, el Telef\u00e9rico de Santiago deja grandes aportes en todo su trayecto. M\u00e1s de 25 mil metros de terrenos se han destinado para la mejora y construcci\u00f3n de obras paisaj\u00edsticas, tales como parques infantiles y de recreaci\u00f3n, espacios peatonales, aceras, as\u00ed como cuadrantes para el intercambio de rutas urbanas y suburbanas, como las ubicadas en Alto del Yaque, La Canela y Sabana Iglesia, enfatiz\u00f3 Santos.<\/p>\n\n\n\n<p>Adem\u00e1s, resalt\u00f3 la plusval\u00eda de las propiedades residenciales y comerciales, a lo que se suma la generaci\u00f3n directa de empleos de t\u00e9cnicos y obreros, que se estima en 1,500 nuevos puestos de trabajo.<\/p>\n\n\n\n<p>Mientras que Jhael Isa director ejecutivo del Fideicomiso para el Desarrollo del Sistema de Transporte Masivo de la Rep\u00fablica Dominicana (FITRAM), organismo que gestiona la Oficina de Desarrollo de Proyectos de Movilidad Urbana e Interurbana del Ministerio de la Presidencia, quien tiene a su cargo la construcci\u00f3n y operaciones del sistema, se refiri\u00f3 que la experiencia en los \u00faltimos 10 a\u00f1os de incorporaci\u00f3n de sistemas de cable como transporte p\u00fablico masivo, en ciudades latinoamericanas con problemas similares de crecimiento descontrolado, ha sido altamente exitosa. Estableciendo una oportunidad y garantizando el acceso a sectores de dif\u00edcil acceso, mediante un servicio seguro y de alta calidad que incide directamente en la tranquilidad y la dignidad de sus ciudadanos.<\/p>\n\n\n\n<p>\u201cTal y como afirm\u00f3 el se\u00f1or presidente, juntos somos testigos de un momento hist\u00f3rico que abre un nuevo cap\u00edtulo en el desarrollo sostenible de la ciudad de Santiago, pues no se trata s\u00f3lo de la inauguraci\u00f3n del primer tramo del Telef\u00e9rico, sino que estamos asistiendo al inicio del primer sistema organizado de transporte p\u00fablico de esta metr\u00f3poli, la segunda provincia m\u00e1s poblada de nuestro pa\u00eds, y eso constituye un verdadero cambio.&nbsp; Un cambio que incidir\u00e1 no solo en mejorar la calidad del transporte, sino tambi\u00e9n generar nuevas oportunidades de crecimiento, de apertura para nuevos negocios, atraer inversiones extranjeras para diferentes sectores, como ya ha venido aconteciendo en el turismo, zonas francas y el sector salud\u201d, reafirm\u00f3 el director de FITRAM.<\/p>\n\n\n\n<p>Asimismo, Isa enfatiz\u00f3 que la inversi\u00f3n estatal con la participaci\u00f3n de capital privado en soluciones de transporte, m\u00e1s que una opci\u00f3n es una obligaci\u00f3n, una responsabilidad que no puede ser postergada y que da respuesta de manera efectiva a la necesidad colectiva de los ciudadanos para transportarse de manera r\u00e1pida y segura, garantizando su tranquilidad. Una inversi\u00f3n social a largo plazo que impactar\u00e1 en una mejor calidad de vida para sus usuarios.<\/p>\n\n\n\n<p><strong><u>Horario especial de servicios del Telef\u00e9rico de Santiago en su fase introductoria:<\/u><\/strong><\/p>\n\n\n\n<p>En esta primera fase de educaci\u00f3n el Telef\u00e9rico de Santiago estar\u00e1 ofreciendo servicio en horarios especiales para facilitar que los ciudadanos de la ciudad vayan adoptando el uso del sistema.<\/p>\n\n\n\n<p><strong>Estos horarios son:<\/strong><\/p>\n\n\n\n<p>\u00b7&nbsp;&nbsp;&nbsp;&nbsp;&nbsp;&nbsp;&nbsp;&nbsp;&nbsp;Del 18 al 31 de marzo<\/p>\n\n\n\n<p>\u00b7&nbsp;&nbsp;&nbsp;&nbsp;&nbsp;&nbsp;&nbsp;&nbsp;&nbsp;De lunes a viernes de 8 a 10 de la ma\u00f1ana.<\/p>\n\n\n\n<p>\u00b7&nbsp;&nbsp;&nbsp;&nbsp;&nbsp;&nbsp;&nbsp;&nbsp;&nbsp;S\u00e1bados, domingos y d\u00edas feriados de 4 a 6:00 p.m.<\/p>\n\n\n\n<p>\u00b7&nbsp;&nbsp;&nbsp;&nbsp;&nbsp;&nbsp;&nbsp;&nbsp;&nbsp;Del 1ero. al 30 de abril:<\/p>\n\n\n\n<p>\u00b7&nbsp;&nbsp;&nbsp;&nbsp;&nbsp;&nbsp;&nbsp;&nbsp;&nbsp;De lunes a s\u00e1bado de 6:00 a 9:00 am y de 4:00 a 8:00 pm.<\/p>\n\n\n\n<p>\u00b7&nbsp;&nbsp;&nbsp;&nbsp;&nbsp;&nbsp;&nbsp;&nbsp;&nbsp;Los domingos y d\u00edas feriados de 12 m.&nbsp; a 8:00 pm.<\/p>\n\n\n\n<p>\u00b7&nbsp;&nbsp;&nbsp;&nbsp;&nbsp;&nbsp;&nbsp;&nbsp;&nbsp;A partir del 1ro de mayo el horario ser\u00e1:<\/p>\n\n\n\n<p>\u00b7&nbsp;&nbsp;&nbsp;&nbsp;&nbsp;&nbsp;&nbsp;&nbsp;&nbsp;De lunes a viernes de 6:00am a 10:30 pm<\/p>\n\n\n\n<p>\u00b7&nbsp;&nbsp;&nbsp;&nbsp;&nbsp;&nbsp;&nbsp;&nbsp;&nbsp;S\u00e1bados de 6:00am a 9:00pm<\/p>\n\n\n\n<p>\u00b7\u00a0\u00a0\u00a0\u00a0\u00a0\u00a0\u00a0\u00a0\u00a0Domingos y d\u00edas feriados de 8:00am a 9:00pm<\/p>\n\n\n\n<p>Johanna Benoit<\/p>\n\n\n\n<p><a target=\"_blank\" href=\"mailto:benoit181182@gmail.com\" rel=\"noreferrer noopener\">benoit181182@gmail.com<\/a><\/p>\n","protected":false},"excerpt":{"rendered":"<p>El sistema, construido con una inversi\u00f3n de RD$ 6,544 millones de pesos, tiene la capacidad de transportar 8000 pasajeros por horas en ambos sentidos para un total de m\u00e1s de 64 mil pasajeros diarios Santiago de los Caballeros,17 de marzo de 2024 .\u00a0&#8211;\u00a0 El presidente Luis Abinader Corona dej\u00f3 inaugurado en el d\u00eda de hoy [&hellip;]<\/p>\n","protected":false},"author":28,"featured_media":0,"comment_status":"closed","ping_status":"","sticky":true,"template":"","format":"standard","meta":{"footnotes":""},"categories":[20,27],"tags":[],"class_list":["post-516234","post","type-post","status-publish","format-standard","hentry","category-dominicana-hoy","category-portada"],"_links":{"self":[{"href":"https:\/\/diariodominicano.com\/index.php?rest_route=\/wp\/v2\/posts\/516234","targetHints":{"allow":["GET"]}}],"collection":[{"href":"https:\/\/diariodominicano.com\/index.php?rest_route=\/wp\/v2\/posts"}],"about":[{"href":"https:\/\/diariodominicano.com\/index.php?rest_route=\/wp\/v2\/types\/post"}],"author":[{"embeddable":true,"href":"https:\/\/diariodominicano.com\/index.php?rest_route=\/wp\/v2\/users\/28"}],"replies":[{"embeddable":true,"href":"https:\/\/diariodominicano.com\/index.php?rest_route=%2Fwp%2Fv2%2Fcomments&post=516234"}],"version-history":[{"count":1,"href":"https:\/\/diariodominicano.com\/index.php?rest_route=\/wp\/v2\/posts\/516234\/revisions"}],"predecessor-version":[{"id":516235,"href":"https:\/\/diariodominicano.com\/index.php?rest_route=\/wp\/v2\/posts\/516234\/revisions\/516235"}],"wp:attachment":[{"href":"https:\/\/diariodominicano.com\/index.php?rest_route=%2Fwp%2Fv2%2Fmedia&parent=516234"}],"wp:term":[{"taxonomy":"category","embeddable":true,"href":"https:\/\/diariodominicano.com\/index.php?rest_route=%2Fwp%2Fv2%2Fcategories&post=516234"},{"taxonomy":"post_tag","embeddable":true,"href":"https:\/\/diariodominicano.com\/index.php?rest_route=%2Fwp%2Fv2%2Ftags&post=516234"}],"curies":[{"name":"wp","href":"https:\/\/api.w.org\/{rel}","templated":true}]}}