{"id":51618,"date":"2020-07-17T23:50:09","date_gmt":"2020-07-17T23:50:09","guid":{"rendered":"http:\/\/diariodominicano.ddns.net\/?p=51618"},"modified":"2020-07-17T23:50:09","modified_gmt":"2020-07-17T23:50:09","slug":"el-espanol-lengua-oficial-en-republica-dominicana-2","status":"publish","type":"post","link":"https:\/\/diariodominicano.com\/?p=51618","title":{"rendered":"El espa\u00f1ol  lengua oficial en Rep\u00fablica Dominicana"},"content":{"rendered":"<p><body><\/p>\n<p><strong>Diariodominicano.com<\/strong><\/p>\n<p><strong>El espa\u00f1ol  lengua oficial en Rep\u00fablica Dominicana<\/strong><\/p>\n<p><strong>    SANTO DOMINGO, el  18 de julio de 1912<\/strong>, el Presidente Eladio Victoria promulg\u00f3 la ley que establece el idioma espa\u00f1ol como lengua oficial de Rep\u00fablica Dominicana.<\/p>\n<\/p>\n<p>   El proyecto fue convertido en ley luego de que lo sometiera al Congreso el licenciado Ram\u00f3n O. Lovat\u00f3n.<\/p>\n<\/p>\n<\/p>\n<h6> 2020-07-17 23:50:09 <\/h6>\n<p><!--\n<link rel=\"stylesheet\" href=\"css\/bootstrap.min.css\">\n\n\n<ul class=\"pagination\">\n\t    \n\t\n\n<li >\n\t<a href='?page_no=403'>Previous<\/a>\n\t<\/li>\n\n\n       \n    \n\n<li><a href='?page_no=1'>1<\/a><\/li>\n\n\n\n<li><a href='?page_no=2'>2<\/a><\/li>\n\n\n\n<li><a>...<\/a><\/li>\n\n\n\n<li><a href='?page_no=402'>402<\/a><\/li>\n\n\n\n<li><a href='?page_no=403'>403<\/a><\/li>\n\n\n\n<li class='active'><a>404<\/a><\/li>\n\n\n\n<li><a href='?page_no=405'>405<\/a><\/li>\n\n\n\n<li><a href='?page_no=406'>406<\/a><\/li>\n\n\n\n<li><a>...<\/a><\/li>\n\n\n\n<li><a href='?page_no=22911'>22911<\/a><\/li>\n\n\n\n<li><a href='?page_no=22912'>22912<\/a><\/li>\n\n    \n\t\n\n<li >\n\t<a href='?page_no=405'>Next<\/a>\n\t<\/li>\n\n\n    \n\n<li><a href='?page_no=22912'>Last &rsaquo;&rsaquo;<\/a><\/li>\n\n<\/ul>\n\n\n--><br \/>\n<\/body><\/p>\n","protected":false},"excerpt":{"rendered":"<p>Diariodominicano.com El espa\u00f1ol lengua oficial en Rep\u00fablica Dominicana SANTO DOMINGO, el 18 de julio de 1912, el Presidente Eladio Victoria promulg\u00f3 la ley que establece el idioma espa\u00f1ol como lengua oficial de Rep\u00fablica Dominicana. El proyecto fue convertido en ley luego de que lo sometiera al Congreso el licenciado Ram\u00f3n O. Lovat\u00f3n. 2020-07-17 23:50:09<\/p>\n","protected":false},"author":3,"featured_media":0,"comment_status":"open","ping_status":"open","sticky":false,"template":"","format":"standard","meta":{"footnotes":""},"categories":[21],"tags":[],"class_list":["post-51618","post","type-post","status-publish","format-standard","hentry","category-cultura"],"_links":{"self":[{"href":"https:\/\/diariodominicano.com\/index.php?rest_route=\/wp\/v2\/posts\/51618","targetHints":{"allow":["GET"]}}],"collection":[{"href":"https:\/\/diariodominicano.com\/index.php?rest_route=\/wp\/v2\/posts"}],"about":[{"href":"https:\/\/diariodominicano.com\/index.php?rest_route=\/wp\/v2\/types\/post"}],"author":[{"embeddable":true,"href":"https:\/\/diariodominicano.com\/index.php?rest_route=\/wp\/v2\/users\/3"}],"replies":[{"embeddable":true,"href":"https:\/\/diariodominicano.com\/index.php?rest_route=%2Fwp%2Fv2%2Fcomments&post=51618"}],"version-history":[{"count":0,"href":"https:\/\/diariodominicano.com\/index.php?rest_route=\/wp\/v2\/posts\/51618\/revisions"}],"wp:attachment":[{"href":"https:\/\/diariodominicano.com\/index.php?rest_route=%2Fwp%2Fv2%2Fmedia&parent=51618"}],"wp:term":[{"taxonomy":"category","embeddable":true,"href":"https:\/\/diariodominicano.com\/index.php?rest_route=%2Fwp%2Fv2%2Fcategories&post=51618"},{"taxonomy":"post_tag","embeddable":true,"href":"https:\/\/diariodominicano.com\/index.php?rest_route=%2Fwp%2Fv2%2Ftags&post=51618"}],"curies":[{"name":"wp","href":"https:\/\/api.w.org\/{rel}","templated":true}]}}