{"id":516169,"date":"2024-03-17T15:38:41","date_gmt":"2024-03-17T19:38:41","guid":{"rendered":"https:\/\/diariodominicano.com\/?p=516169"},"modified":"2024-03-17T15:38:41","modified_gmt":"2024-03-17T19:38:41","slug":"mide-inaugura-en-la-romana-nuevas-instalaciones-del-comando-conjunto-este","status":"publish","type":"post","link":"https:\/\/diariodominicano.com\/?p=516169","title":{"rendered":"MIDE inaugura en La Romana nuevas instalaciones del Comando Conjunto Este"},"content":{"rendered":"\n<p>diariodominicano.com<\/p>\n\n\n\n<p>La Romana, R. D.,\u200217 de marzo, 2024.-\u2002Con el fin de ampliar y reforzar las labores de seguridad ciudadana en la regi\u00f3n Este del pa\u00eds, el Ministerio de Defensa (MIDE), dej\u00f3 inauguradas las nuevas oficinas del Comando Conjunto Este de las Fuerzas Armadas en esta provincia.<\/p>\n\n\n\n<p>El acto fue encabezado por el ministro de Defensa, teniente general Carlos Luciano D\u00edaz Morfa, ERD; el contralmirante Juan Gilberto N\u00fa\u00f1ez Abreu, ARD; el general de brigada Fernando El\u00edas Hach\u00e9 Alc\u00e1ntara, FARD, director de Seguridad Militar y Policial de la Procuradur\u00eda General de la Rep\u00fablica; el director regional Este de la Polic\u00eda Nacional, general Juan Pablo Ferreira, de la Polic\u00eda Nacional (P.N.), y el director regional sureste de la misma instituci\u00f3n policial, Wandy Mad\u00e9 Montilla, P.N.<\/p>\n\n\n\n<p>En su discurso central, el comandante N\u00fa\u00f1ez Abreu agradeci\u00f3 al ministro de Defensa y a la procuradora general de la Rep\u00fablica por su colaboraci\u00f3n y apoyo, indicando que todos los planes operativos del CCE, se realizar\u00e1n desde esas instalaciones.<\/p>\n\n\n\n<p>\u201cEste lugar en donde estamos ser\u00e1 mejor de lo que era, porque llegamos nosotros a colaborar, para salvaguardar la dignidad de la patria, este respeto que deben tener cada uno de los uniformados de nuestro pa\u00eds, que es el mandato principal del teniente general Carlos Luciano D\u00edaz Morfa\u201d, Expres\u00f3.&nbsp;<\/p>\n\n\n\n<p>Durante la actividad el ministro de Defensa fue reconocido con una placa de parte del comandante del comando conjunto, como agradecimiento por el apoyo; tambi\u00e9n se reconocieron al general Hache Alc\u00e1ntara y a Mirian Germ\u00e1n con una placa en forma de escudo, por el desempe\u00f1o de sus labores en la procuradur\u00eda general.<\/p>\n\n\n\n<p>Al finalizar la inauguraci\u00f3n, las autoridades develaron tres bustos de los padres de la patria a la entrada de sus nuevas oficinas administrativas.<\/p>\n\n\n\n<p><strong><em>Departamento de Prensa<\/em><\/strong><\/p>\n\n\n\n<p><em><strong>Direcci\u00f3n de Asuntos Civiles del Estado Mayor Conjunto, J5<\/strong><\/em><\/p>\n\n\n\n<p><em><strong>Ministerio de Defensa de Rep\u00fablica Dominicana<\/strong><\/em><\/p>\n\n\n\n<p><\/p>\n","protected":false},"excerpt":{"rendered":"<p>diariodominicano.com La Romana, R. D.,\u200217 de marzo, 2024.-\u2002Con el fin de ampliar y reforzar las labores de seguridad ciudadana en la regi\u00f3n Este del pa\u00eds, el Ministerio de Defensa (MIDE), dej\u00f3 inauguradas las nuevas oficinas del Comando Conjunto Este de las Fuerzas Armadas en esta provincia. El acto fue encabezado por el ministro de Defensa, [&hellip;]<\/p>\n","protected":false},"author":5,"featured_media":516189,"comment_status":"closed","ping_status":"","sticky":true,"template":"","format":"standard","meta":{"footnotes":""},"categories":[20,27],"tags":[],"class_list":["post-516169","post","type-post","status-publish","format-standard","has-post-thumbnail","hentry","category-dominicana-hoy","category-portada"],"_links":{"self":[{"href":"https:\/\/diariodominicano.com\/index.php?rest_route=\/wp\/v2\/posts\/516169","targetHints":{"allow":["GET"]}}],"collection":[{"href":"https:\/\/diariodominicano.com\/index.php?rest_route=\/wp\/v2\/posts"}],"about":[{"href":"https:\/\/diariodominicano.com\/index.php?rest_route=\/wp\/v2\/types\/post"}],"author":[{"embeddable":true,"href":"https:\/\/diariodominicano.com\/index.php?rest_route=\/wp\/v2\/users\/5"}],"replies":[{"embeddable":true,"href":"https:\/\/diariodominicano.com\/index.php?rest_route=%2Fwp%2Fv2%2Fcomments&post=516169"}],"version-history":[{"count":1,"href":"https:\/\/diariodominicano.com\/index.php?rest_route=\/wp\/v2\/posts\/516169\/revisions"}],"predecessor-version":[{"id":516190,"href":"https:\/\/diariodominicano.com\/index.php?rest_route=\/wp\/v2\/posts\/516169\/revisions\/516190"}],"wp:featuredmedia":[{"embeddable":true,"href":"https:\/\/diariodominicano.com\/index.php?rest_route=\/wp\/v2\/media\/516189"}],"wp:attachment":[{"href":"https:\/\/diariodominicano.com\/index.php?rest_route=%2Fwp%2Fv2%2Fmedia&parent=516169"}],"wp:term":[{"taxonomy":"category","embeddable":true,"href":"https:\/\/diariodominicano.com\/index.php?rest_route=%2Fwp%2Fv2%2Fcategories&post=516169"},{"taxonomy":"post_tag","embeddable":true,"href":"https:\/\/diariodominicano.com\/index.php?rest_route=%2Fwp%2Fv2%2Ftags&post=516169"}],"curies":[{"name":"wp","href":"https:\/\/api.w.org\/{rel}","templated":true}]}}