{"id":516168,"date":"2024-03-17T15:17:07","date_gmt":"2024-03-17T19:17:07","guid":{"rendered":"https:\/\/diariodominicano.com\/?p=516168"},"modified":"2024-03-17T15:43:35","modified_gmt":"2024-03-17T19:43:35","slug":"denfi-y-union-llevan-jornada-oftalmologica-a-ninos-de-escasos-recursos","status":"publish","type":"post","link":"https:\/\/diariodominicano.com\/?p=516168","title":{"rendered":"Denfi y Uni\u00f3n llevan jornada oftalmol\u00f3gica a ni\u00f1os de escasos recursos"},"content":{"rendered":"\n<p>Opt\u00f3metra Antonio S\u00e1nchez<\/p>\n\n\n\n<figure class=\"wp-block-image size-large\"><img loading=\"lazy\" decoding=\"async\" width=\"1024\" height=\"576\" src=\"https:\/\/diariodominicano.com\/wp-content\/uploads\/2024\/03\/Maritza-Duran-Heydi-Cuello-y-Ramon-Benito-1024x576.jpeg\" alt=\"\" class=\"wp-image-516173\" srcset=\"https:\/\/diariodominicano.com\/wp-content\/uploads\/2024\/03\/Maritza-Duran-Heydi-Cuello-y-Ramon-Benito-1024x576.jpeg 1024w, https:\/\/diariodominicano.com\/wp-content\/uploads\/2024\/03\/Maritza-Duran-Heydi-Cuello-y-Ramon-Benito-300x169.jpeg 300w, https:\/\/diariodominicano.com\/wp-content\/uploads\/2024\/03\/Maritza-Duran-Heydi-Cuello-y-Ramon-Benito-768x432.jpeg 768w, https:\/\/diariodominicano.com\/wp-content\/uploads\/2024\/03\/Maritza-Duran-Heydi-Cuello-y-Ramon-Benito-1536x864.jpeg 1536w, https:\/\/diariodominicano.com\/wp-content\/uploads\/2024\/03\/Maritza-Duran-Heydi-Cuello-y-Ramon-Benito-816x459.jpeg 816w, https:\/\/diariodominicano.com\/wp-content\/uploads\/2024\/03\/Maritza-Duran-Heydi-Cuello-y-Ramon-Benito.jpeg 1599w\" sizes=\"auto, (max-width: 1024px) 100vw, 1024px\" \/><\/figure>\n\n\n\n<p><strong>Maritza Dur\u00e1n, Heydi Cuello y Ram\u00f3n Benito<\/strong><\/p>\n\n\n\n<p>Santo Domingo, RD._\u00a0 La Fundaci\u00f3n Denfi y la Uni\u00f3n de Periodistas y Medios Digitales del Este (Uni\u00f3n) realizaron una amplia jornada oftalmol\u00f3gica en el sector Villa Faro de Santo Domingo Este, donde unos 75 ni\u00f1os fueron examinados,<br>donados sus lentes y otros fueron referidos por presentar un diagn\u00f3stico mayor.<\/p>\n\n\n\n<p>Los ni\u00f1os y adolescentes que se beneficiaron con el operativo de salud visual pertenecen a la Fundaci\u00f3n Arca de T\u00eda Nadina, y la actividad se enmarca dentro del mes del glaucoma.<\/p>\n\n\n\n<p>La donaci\u00f3n de lentes a ni\u00f1os de entre 7 y 15 a\u00f1os de edad estuvo a cargo de la Fundaci\u00f3n Denfi y Charity Visi\u00f3n, y las evaluaciones durante toda la jornada fueron hechas por el opt\u00f3metra Antonio S\u00e1nchez.<\/p>\n\n\n\n<figure class=\"wp-block-image size-large\"><img loading=\"lazy\" decoding=\"async\" width=\"1024\" height=\"576\" src=\"https:\/\/diariodominicano.com\/wp-content\/uploads\/2024\/03\/Maritza-Duran-de-Denfi-probando-montura-1024x576.jpeg\" alt=\"\" class=\"wp-image-516175\" srcset=\"https:\/\/diariodominicano.com\/wp-content\/uploads\/2024\/03\/Maritza-Duran-de-Denfi-probando-montura-1024x576.jpeg 1024w, https:\/\/diariodominicano.com\/wp-content\/uploads\/2024\/03\/Maritza-Duran-de-Denfi-probando-montura-300x169.jpeg 300w, https:\/\/diariodominicano.com\/wp-content\/uploads\/2024\/03\/Maritza-Duran-de-Denfi-probando-montura-768x432.jpeg 768w, https:\/\/diariodominicano.com\/wp-content\/uploads\/2024\/03\/Maritza-Duran-de-Denfi-probando-montura-816x459.jpeg 816w, https:\/\/diariodominicano.com\/wp-content\/uploads\/2024\/03\/Maritza-Duran-de-Denfi-probando-montura.jpeg 1280w\" sizes=\"auto, (max-width: 1024px) 100vw, 1024px\" \/><\/figure>\n\n\n\n<p><strong>Maritza Dur\u00e1n, de Denfi, probando montura<\/strong><\/p>\n\n\n\n<p>La jornada m\u00e9dica fue encabezada por la licenciada Maritza Dur\u00e1n, presidenta de la Fundaci\u00f3n Denfi; Heydi Cuello, de Arca de T\u00eda Nadina; Valery Ortiz, de Charity Visi\u00f3n y Ram\u00f3n Benito, en representaci\u00f3n de la Uni\u00f3n.<\/p>\n\n\n\n<p>Dur\u00e1n, de la Fundaci\u00f3n Denfi, asegur\u00f3 que este tipo de jornadas se vienen realizando durante a\u00f1os consecutivos, principalmente con ni\u00f1os y adolescentes para concientizarlos temprano sobre las enfermedades visuales y sus consecuencias.<\/p>\n\n\n\n<p>Agreg\u00f3 que los pacientes atendidos y examinados en las jornadas encabezadas por Denfi reciben el debido seguimiento y acompa\u00f1amiento durante el proceso de mejor\u00eda o sanaci\u00f3n.<\/p>\n\n\n\n<figure class=\"wp-block-image size-large\"><img loading=\"lazy\" decoding=\"async\" width=\"1024\" height=\"576\" src=\"https:\/\/diariodominicano.com\/wp-content\/uploads\/2024\/03\/Maritza-Cuello-de-Denfi-1024x576.jpeg\" alt=\"\" class=\"wp-image-516176\" srcset=\"https:\/\/diariodominicano.com\/wp-content\/uploads\/2024\/03\/Maritza-Cuello-de-Denfi-1024x576.jpeg 1024w, https:\/\/diariodominicano.com\/wp-content\/uploads\/2024\/03\/Maritza-Cuello-de-Denfi-300x169.jpeg 300w, https:\/\/diariodominicano.com\/wp-content\/uploads\/2024\/03\/Maritza-Cuello-de-Denfi-768x432.jpeg 768w, https:\/\/diariodominicano.com\/wp-content\/uploads\/2024\/03\/Maritza-Cuello-de-Denfi-816x459.jpeg 816w, https:\/\/diariodominicano.com\/wp-content\/uploads\/2024\/03\/Maritza-Cuello-de-Denfi.jpeg 1280w\" sizes=\"auto, (max-width: 1024px) 100vw, 1024px\" \/><\/figure>\n\n\n\n<p><strong>Maritza Cuello, de Denfi<\/strong><\/p>\n\n\n\n<p>Mientras que Ram\u00f3n Benito, de la Uni\u00f3n, explic\u00f3 que seguir\u00e1n coordinando actividades de este tipo en el entendido de que los periodistas no deben ser ajeno a las necesidades de la gente, al tiempo que invit\u00f3 a los miembros de la entidad a realizarse sus chequeos visuales a tiempo.<\/p>\n\n\n\n<p>Por su parte, la se\u00f1ora Cuello, de la Fundaci\u00f3n Arca de T\u00eda Nadina y en cuyo local se hizo la jornada; agradeci\u00f3 a los organizadores y confi\u00f3 en que no ser\u00e1 el primer y \u00faltimo operativo que Denfi y Charity Visi\u00f3n realizar\u00e1n en el sector Villa Faro.<\/p>\n\n\n\n<p>Fabian Suero<\/p>\n\n\n\n<p><a target=\"_blank\" href=\"mailto:fasuero5@gmail.com\" rel=\"noreferrer noopener\">fasuero5@gmail.com<\/a><\/p>\n\n\n\n<p><strong>Relaciones P\u00fablicas de la Uni\u00f3n<br>Domingo 17 de marzo de 2024<\/strong><\/p>\n","protected":false},"excerpt":{"rendered":"<p>Opt\u00f3metra Antonio S\u00e1nchez Maritza Dur\u00e1n, Heydi Cuello y Ram\u00f3n Benito Santo Domingo, RD._\u00a0 La Fundaci\u00f3n Denfi y la Uni\u00f3n de Periodistas y Medios Digitales del Este (Uni\u00f3n) realizaron una amplia jornada oftalmol\u00f3gica en el sector Villa Faro de Santo Domingo Este, donde unos 75 ni\u00f1os fueron examinados,donados sus lentes y otros fueron referidos por presentar [&hellip;]<\/p>\n","protected":false},"author":28,"featured_media":516170,"comment_status":"closed","ping_status":"","sticky":true,"template":"","format":"standard","meta":{"footnotes":""},"categories":[36,20,25,27],"tags":[],"class_list":["post-516168","post","type-post","status-publish","format-standard","has-post-thumbnail","hentry","category-hombresmujeresycosas","category-dominicana-hoy","category-gente","category-portada"],"_links":{"self":[{"href":"https:\/\/diariodominicano.com\/index.php?rest_route=\/wp\/v2\/posts\/516168","targetHints":{"allow":["GET"]}}],"collection":[{"href":"https:\/\/diariodominicano.com\/index.php?rest_route=\/wp\/v2\/posts"}],"about":[{"href":"https:\/\/diariodominicano.com\/index.php?rest_route=\/wp\/v2\/types\/post"}],"author":[{"embeddable":true,"href":"https:\/\/diariodominicano.com\/index.php?rest_route=\/wp\/v2\/users\/28"}],"replies":[{"embeddable":true,"href":"https:\/\/diariodominicano.com\/index.php?rest_route=%2Fwp%2Fv2%2Fcomments&post=516168"}],"version-history":[{"count":3,"href":"https:\/\/diariodominicano.com\/index.php?rest_route=\/wp\/v2\/posts\/516168\/revisions"}],"predecessor-version":[{"id":516177,"href":"https:\/\/diariodominicano.com\/index.php?rest_route=\/wp\/v2\/posts\/516168\/revisions\/516177"}],"wp:featuredmedia":[{"embeddable":true,"href":"https:\/\/diariodominicano.com\/index.php?rest_route=\/wp\/v2\/media\/516170"}],"wp:attachment":[{"href":"https:\/\/diariodominicano.com\/index.php?rest_route=%2Fwp%2Fv2%2Fmedia&parent=516168"}],"wp:term":[{"taxonomy":"category","embeddable":true,"href":"https:\/\/diariodominicano.com\/index.php?rest_route=%2Fwp%2Fv2%2Fcategories&post=516168"},{"taxonomy":"post_tag","embeddable":true,"href":"https:\/\/diariodominicano.com\/index.php?rest_route=%2Fwp%2Fv2%2Ftags&post=516168"}],"curies":[{"name":"wp","href":"https:\/\/api.w.org\/{rel}","templated":true}]}}