{"id":516136,"date":"2024-03-17T14:37:52","date_gmt":"2024-03-17T18:37:52","guid":{"rendered":"https:\/\/diariodominicano.com\/?p=516136"},"modified":"2024-03-17T14:52:23","modified_gmt":"2024-03-17T18:52:23","slug":"dios-y-el-projimo-como-unidad-de-amor","status":"publish","type":"post","link":"https:\/\/diariodominicano.com\/?p=516136","title":{"rendered":"DIOS Y EL PR\u00d3JIMO COMO UNIDAD DE AMOR"},"content":{"rendered":"\n<p><strong><u>COMPARTIENDO DI\u00c1LOGOS CONMIGO MISMO<\/u><\/strong><\/p>\n\n\n\n<p><strong>DIOS Y EL PR\u00d3JIMO COMO UNIDAD DE AMOR<\/strong><\/p>\n\n\n\n<p><strong><em>(El misterio y la persona misma de Jes\u00fas, con su naturaleza humana y divina, encarnan ese componente de pasi\u00f3n; representada en los dos brazos del Crucificado, siempre abiertos a la realidad existencial y a la m\u00edstica del verso, desde cualquier \u00e1ngulo de la visi\u00f3n. Alimentados por el pan glorioso, aprendemos a reprendernos, saliendo al encuentro y entrando en ofrenda hacia todo y con todos).<\/em><\/strong><\/p>\n\n\n\n<p><strong>I.- NO ME BASTA AMAR A DIOS<\/strong><\/p>\n\n\n\n<p><strong>Y OLVIDARME DE AQUELLO QUE ME GLORIFICA <a><\/a><\/strong><\/p>\n\n\n\n<p><a>Nuestra aptitud es la de ir a calmar,<\/a><\/p>\n\n\n\n<p>y a colmar el coraz\u00f3n de las gentes;<\/p>\n\n\n\n<p>rehacer lo que realiz\u00f3 el hijo de Dios,<\/p>\n\n\n\n<p>que vino a injertar el destello del sol,<\/p>\n\n\n\n<p>de modo tan efectivo como afectivo.<\/p>\n\n\n\n<p>Hemos de amar lo que nos custodia,<\/p>\n\n\n\n<p>con la yema de su voluntad gloriosa,<\/p>\n\n\n\n<p>es nuestra perenne obligaci\u00f3n diaria,<\/p>\n\n\n\n<p>el deber de gratitud hacia el Creador,<\/p>\n\n\n\n<p>por su gratuidad de ofrecernos vida.<\/p>\n\n\n\n<p>Retorne a cada cual el compromiso,<\/p>\n\n\n\n<p>de cohabitar con la mirada besando,<\/p>\n\n\n\n<p>abrazando la adhesi\u00f3n de la entrega,<\/p>\n\n\n\n<p>rode\u00e1ndose de caricias en lo hallado,<\/p>\n\n\n\n<p>para poder aliviar la cruz de cada d\u00eda.<\/p>\n\n\n\n<p><strong>II.- NO ME BASTA QUERER A DIOS<\/strong><\/p>\n\n\n\n<p><strong>Y DEJAR DE LADO AQUELLO QUE ME ACOMPA\u00d1A<\/strong><\/p>\n\n\n\n<p>Uno tiene que amarse para los dem\u00e1s,<\/p>\n\n\n\n<p>iniciando por hacerlo hacia s\u00ed mismo,<\/p>\n\n\n\n<p>lo que nos lleva a recogernos sin m\u00e1s;<\/p>\n\n\n\n<p>a meditar sobre el deseo omnipotente,<\/p>\n\n\n\n<p>que est\u00e1 inscrito en el esp\u00edritu del ser.<\/p>\n\n\n\n<p>Un \u00f3rgano vac\u00edo de amor se enferma,<\/p>\n\n\n\n<p>nada siente y el desamor lo consiente,<\/p>\n\n\n\n<p>declina de latir y se inclina de vicios,<\/p>\n\n\n\n<p>camina ciego y tampoco oye a Jes\u00fas,<\/p>\n\n\n\n<p>infunde el mal y el bien lo confunde.<\/p>\n\n\n\n<p>En la persona est\u00e1 el designio divino,<\/p>\n\n\n\n<p>ciertamente no somos de este mundo,<\/p>\n\n\n\n<p>y s\u00f3lo en el cielo hallaremos la dicha;<\/p>\n\n\n\n<p>que por las bajuras ahora rebuscamos,<\/p>\n\n\n\n<p>cuando la paz eterna es de las alturas.<\/p>\n\n\n\n<p><strong>III.- NO ME BASTA SENTIR A DIOS<\/strong><\/p>\n\n\n\n<p><strong>Y NEGAR LA LEALTAD COMO R\u00c9PLICA A SU FIDELIDAD<\/strong><\/p>\n\n\n\n<p>Percibir al Redentor es un signo de luz,<\/p>\n\n\n\n<p>que nos hace vigilar nuestras marchas,<\/p>\n\n\n\n<p>ponernos en movimiento y reponernos,<\/p>\n\n\n\n<p>pues la lealtad c\u00f3smica es un consuelo,<\/p>\n\n\n\n<p>que requiere cultivo y aspira a florecer.<\/p>\n\n\n\n<p>Nadie vive en s\u00ed mismo y por s\u00ed mismo,<\/p>\n\n\n\n<p>tampoco para s\u00ed mismo existe, cohabita<\/p>\n\n\n\n<p>para formar y conformar la recreaci\u00f3n,<\/p>\n\n\n\n<p>de una creaci\u00f3n de voluntad perdurable,<\/p>\n\n\n\n<p>que busca su propia dimensi\u00f3n m\u00edstica.<\/p>\n\n\n\n<p>Fieles a ese v\u00ednculo que nos transciende,<\/p>\n\n\n\n<p>a pesar de nuestras dudas y opacidades,<\/p>\n\n\n\n<p>ah\u00ed est\u00e1 Cristo con su voz siempre viva:<\/p>\n\n\n\n<p>d\u00e1ndonos aliento, don\u00e1ndonos la verdad,&nbsp; &nbsp;<\/p>\n\n\n\n<p>alej\u00e1ndonos el mal y acerc\u00e1ndonos la fe.<\/p>\n\n\n\n<p><strong>V\u00edctor CORCOBA HERRERO<\/strong><\/p>\n\n\n\n<p><a href=\"mailto:corcoba@telefonica.net\"><strong>corcoba@telefonica.net<\/strong><\/a><\/p>\n\n\n\n<p><strong>16 de marzo de 2024.-<\/strong><\/p>\n\n\n\n<p>Diariodominicano.com el medio de comunicaci\u00f3n<\/p>\n\n\n\n<p><\/p>\n","protected":false},"excerpt":{"rendered":"<p>COMPARTIENDO DI\u00c1LOGOS CONMIGO MISMO DIOS Y EL PR\u00d3JIMO COMO UNIDAD DE AMOR (El misterio y la persona misma de Jes\u00fas, con su naturaleza humana y divina, encarnan ese componente de pasi\u00f3n; representada en los dos brazos del Crucificado, siempre abiertos a la realidad existencial y a la m\u00edstica del verso, desde cualquier \u00e1ngulo de la [&hellip;]<\/p>\n","protected":false},"author":28,"featured_media":477226,"comment_status":"closed","ping_status":"","sticky":false,"template":"","format":"standard","meta":{"footnotes":""},"categories":[25,19],"tags":[],"class_list":["post-516136","post","type-post","status-publish","format-standard","has-post-thumbnail","hentry","category-gente","category-mi-voz"],"_links":{"self":[{"href":"https:\/\/diariodominicano.com\/index.php?rest_route=\/wp\/v2\/posts\/516136","targetHints":{"allow":["GET"]}}],"collection":[{"href":"https:\/\/diariodominicano.com\/index.php?rest_route=\/wp\/v2\/posts"}],"about":[{"href":"https:\/\/diariodominicano.com\/index.php?rest_route=\/wp\/v2\/types\/post"}],"author":[{"embeddable":true,"href":"https:\/\/diariodominicano.com\/index.php?rest_route=\/wp\/v2\/users\/28"}],"replies":[{"embeddable":true,"href":"https:\/\/diariodominicano.com\/index.php?rest_route=%2Fwp%2Fv2%2Fcomments&post=516136"}],"version-history":[{"count":2,"href":"https:\/\/diariodominicano.com\/index.php?rest_route=\/wp\/v2\/posts\/516136\/revisions"}],"predecessor-version":[{"id":516148,"href":"https:\/\/diariodominicano.com\/index.php?rest_route=\/wp\/v2\/posts\/516136\/revisions\/516148"}],"wp:featuredmedia":[{"embeddable":true,"href":"https:\/\/diariodominicano.com\/index.php?rest_route=\/wp\/v2\/media\/477226"}],"wp:attachment":[{"href":"https:\/\/diariodominicano.com\/index.php?rest_route=%2Fwp%2Fv2%2Fmedia&parent=516136"}],"wp:term":[{"taxonomy":"category","embeddable":true,"href":"https:\/\/diariodominicano.com\/index.php?rest_route=%2Fwp%2Fv2%2Fcategories&post=516136"},{"taxonomy":"post_tag","embeddable":true,"href":"https:\/\/diariodominicano.com\/index.php?rest_route=%2Fwp%2Fv2%2Ftags&post=516136"}],"curies":[{"name":"wp","href":"https:\/\/api.w.org\/{rel}","templated":true}]}}