{"id":516108,"date":"2024-03-17T00:46:56","date_gmt":"2024-03-17T04:46:56","guid":{"rendered":"https:\/\/diariodominicano.com\/?p=516108"},"modified":"2024-03-17T01:45:02","modified_gmt":"2024-03-17T05:45:02","slug":"uasd-realiza-ceremonia-de-colocacion-de-distintivos-a-internos-de-enfermeria","status":"publish","type":"post","link":"https:\/\/diariodominicano.com\/?p=516108","title":{"rendered":"UASD realiza ceremonia de colocaci\u00f3n de distintivos a internos de enfermer\u00eda\u00a0"},"content":{"rendered":"\n<p>La Universidad Aut\u00f3noma de Santo Domingo (UASD), a trav\u00e9s de la Facultad de Ciencias de la Salud (FCS), realiz\u00f3&nbsp; la ceremonia de colocaci\u00f3n de distintivos,&nbsp;un ritual que simboliza la culminaci\u00f3n del ciclo b\u00e1sico y da paso al comienzo del Ciclo Profesional Supervisado,&nbsp;a internos de Enfermer\u00eda.<\/p>\n\n\n\n<figure class=\"wp-block-image size-full\"><img loading=\"lazy\" decoding=\"async\" width=\"640\" height=\"427\" src=\"https:\/\/diariodominicano.com\/wp-content\/uploads\/2024\/03\/TMV_9465.jpg\" alt=\"\" class=\"wp-image-516110\" srcset=\"https:\/\/diariodominicano.com\/wp-content\/uploads\/2024\/03\/TMV_9465.jpg 640w, https:\/\/diariodominicano.com\/wp-content\/uploads\/2024\/03\/TMV_9465-300x200.jpg 300w\" sizes=\"auto, (max-width: 640px) 100vw, 640px\" \/><\/figure>\n\n\n\n<p>El decano de la facultad, doctor Mario Ufre, al encabezar la actividad efectuada en el auditorio Manuel del Cabral, de la Biblioteca Pedro Mir, resalt\u00f3 el importante rol que ejercen los enfermeros para el cuidado de los pacientes, como un soporte esencial de los doctores.<\/p>\n\n\n\n<p>\u201cLos m\u00e9dicos no podemos estar lejos de los enfermeros.&nbsp; El m\u00e9dico se va tranquilo, porque sabe que los pacientes bajo su responsabilidad quedan en el mejor cuidado de los guardianes de la salud: los enfermeros\u201d, expres\u00f3 el funcionario.<\/p>\n\n\n\n<p><a><\/a>El acto cont\u00f3 con las palabras de la directora de la Escuela de Enfermer\u00eda, Alquidia Dur\u00e1n; de la directora de los Cuidados Intensivos del Servicio Nacional de Salud, Deyanira Gal\u00e1n; de la directora Nacional de Enfermer\u00eda del Ministerio de Salud P\u00fablica, Yolanda Saturria y de la interna de enfermer\u00eda, Eliud Travieso.<\/p>\n\n\n\n<p>La directora de Enfermer\u00eda, Dur\u00e1n Mej\u00eda, manifest\u00f3 que al recibir los distintivos, los internos de enfermer\u00eda dan inicio a una nueva etapa para dar asistencia a los pacientes con responsabilidad, amor y transparencia.<\/p>\n\n\n\n<p>\u00abLos enfermeros est\u00e1n en la primera l\u00ednea de acci\u00f3n en la prestaci\u00f3n del servicio y desempe\u00f1an un papel esencial en la atenci\u00f3n centrada en las personas. Los enfermeros somos quienes, con paciencia y ternura, ayudamos a tranquilizar a las personas que est\u00e1n sufriendo de alg\u00fan malestar f\u00edsico o emocional\u00bb, expres\u00f3 la directora.<\/p>\n\n\n\n<p>En tanto, la directora de los Cuidados Intensivos del Servicio Nacional de Salud, Gal\u00e1n, &nbsp;exhort\u00f3 a los internos de Enfermer\u00eda dar lo mejor en esta nueva etapa de pr\u00e1ctica profesional en los Centros de Salud del pa\u00eds.<\/p>\n\n\n\n<p>\u00abCon su dedicaci\u00f3n y entrega, continuaremos estandarizando los cuidados de enfermer\u00eda para el beneficio de los pacientes\u00bb, agreg\u00f3.<\/p>\n\n\n\n<p>Mientras que la directora de Enfermer\u00eda del Ministerio de Salud P\u00fablica, Saturria, destac\u00f3 que para los nuevos internos tienen un importante reto: mejorar la humanizaci\u00f3n de los servicios de enfermer\u00eda.<\/p>\n\n\n\n<p>\u00abLos enfermeros somos los responsables de dar el cuidado y este debe darse oportunamente, con calidad y calidez, tanto para la salud p\u00fablica como la privada\u00bb, consider\u00f3.<\/p>\n\n\n\n<p>En representaci\u00f3n de los internos habl\u00f3 Travieso, quien expres\u00f3 que esta ceremonia representa la confianza que profesores, pacientes y la sociedad tienen con cada uno de los internos como futuros enfermeros.<\/p>\n\n\n\n<p>1-&nbsp;&nbsp;&nbsp;&nbsp;El decano de la facultad, doctor Mario Ufre, encabez\u00f3 la actividad junto a las directoras de la Escuela de Enfermer\u00eda, Alquidia Dur\u00e1n; de Cuidados Intensivos del Servicio Nacional de Salud, Deyanira Gal\u00e1n; Nacional de Enfermer\u00eda del Ministerio de Salud P\u00fablica, Yolanda Saturria y de la interna de enfermer\u00eda, Eliud Travieso<\/p>\n\n\n\n<p>2-\u00a0\u00a0\u00a0\u00a0En representaci\u00f3n de los internos habl\u00f3 Travieso, quien expres\u00f3 que esta ceremonia representa la confianza que profesores, pacientes y la sociedad tienen con cada uno de los internos como futuros enfermeros.<\/p>\n\n\n\n<p>Relaciones P\u00fablicas<\/p>\n\n\n\n<p><a target=\"_blank\" href=\"mailto:relacionespublicas@uasd.edu.do\" rel=\"noreferrer noopener\">relacionespublicas@uasd.edu.<\/a><\/p>\n","protected":false},"excerpt":{"rendered":"<p>La Universidad Aut\u00f3noma de Santo Domingo (UASD), a trav\u00e9s de la Facultad de Ciencias de la Salud (FCS), realiz\u00f3&nbsp; la ceremonia de colocaci\u00f3n de distintivos,&nbsp;un ritual que simboliza la culminaci\u00f3n del ciclo b\u00e1sico y da paso al comienzo del Ciclo Profesional Supervisado,&nbsp;a internos de Enfermer\u00eda. El decano de la facultad, doctor Mario Ufre, al encabezar [&hellip;]<\/p>\n","protected":false},"author":28,"featured_media":516109,"comment_status":"closed","ping_status":"","sticky":false,"template":"","format":"standard","meta":{"footnotes":""},"categories":[36,20],"tags":[],"class_list":["post-516108","post","type-post","status-publish","format-standard","has-post-thumbnail","hentry","category-hombresmujeresycosas","category-dominicana-hoy"],"_links":{"self":[{"href":"https:\/\/diariodominicano.com\/index.php?rest_route=\/wp\/v2\/posts\/516108","targetHints":{"allow":["GET"]}}],"collection":[{"href":"https:\/\/diariodominicano.com\/index.php?rest_route=\/wp\/v2\/posts"}],"about":[{"href":"https:\/\/diariodominicano.com\/index.php?rest_route=\/wp\/v2\/types\/post"}],"author":[{"embeddable":true,"href":"https:\/\/diariodominicano.com\/index.php?rest_route=\/wp\/v2\/users\/28"}],"replies":[{"embeddable":true,"href":"https:\/\/diariodominicano.com\/index.php?rest_route=%2Fwp%2Fv2%2Fcomments&post=516108"}],"version-history":[{"count":2,"href":"https:\/\/diariodominicano.com\/index.php?rest_route=\/wp\/v2\/posts\/516108\/revisions"}],"predecessor-version":[{"id":516113,"href":"https:\/\/diariodominicano.com\/index.php?rest_route=\/wp\/v2\/posts\/516108\/revisions\/516113"}],"wp:featuredmedia":[{"embeddable":true,"href":"https:\/\/diariodominicano.com\/index.php?rest_route=\/wp\/v2\/media\/516109"}],"wp:attachment":[{"href":"https:\/\/diariodominicano.com\/index.php?rest_route=%2Fwp%2Fv2%2Fmedia&parent=516108"}],"wp:term":[{"taxonomy":"category","embeddable":true,"href":"https:\/\/diariodominicano.com\/index.php?rest_route=%2Fwp%2Fv2%2Fcategories&post=516108"},{"taxonomy":"post_tag","embeddable":true,"href":"https:\/\/diariodominicano.com\/index.php?rest_route=%2Fwp%2Fv2%2Ftags&post=516108"}],"curies":[{"name":"wp","href":"https:\/\/api.w.org\/{rel}","templated":true}]}}