{"id":516098,"date":"2024-03-17T00:37:15","date_gmt":"2024-03-17T04:37:15","guid":{"rendered":"https:\/\/diariodominicano.com\/?p=516098"},"modified":"2024-03-17T01:35:19","modified_gmt":"2024-03-17T05:35:19","slug":"ministerio-de-defensa-inaugura-farmacia-y-remoza-oficinas-en-la-junta-de-retiro","status":"publish","type":"post","link":"https:\/\/diariodominicano.com\/?p=516098","title":{"rendered":"Ministerio de Defensa inaugura farmacia y remoza oficinas en la Junta de Retiro"},"content":{"rendered":"\n<p><strong>SANTO DOMINGO.<\/strong>&nbsp;&#8211; Con el objetivo de seguir brindando un \u00f3ptimo servicio a los militares retirados, el ministro de Defensa teniente general Carlos Luciano D\u00edaz Morfa, ERD., y el presidente de la JRFPFFAA, Mayor General Julio C\u00e9sar A. Hern\u00e1ndez Olivero, ERD., inauguraron una farmacia y remozaron las oficinas de la Direcci\u00f3n de Retiro y departamento de Archivo, en el edificio principal de la Junta de Retiro y Fondos de Pensiones de las Fuerzas Armadas (JRFPFFAA).<\/p>\n\n\n\n<figure class=\"wp-block-image size-large\"><img loading=\"lazy\" decoding=\"async\" width=\"1024\" height=\"682\" src=\"https:\/\/diariodominicano.com\/wp-content\/uploads\/2024\/03\/WhatsApp-Image-2024-03-15-at-5.31.33-PM-2-1024x682.jpeg\" alt=\"\" class=\"wp-image-516101\" srcset=\"https:\/\/diariodominicano.com\/wp-content\/uploads\/2024\/03\/WhatsApp-Image-2024-03-15-at-5.31.33-PM-2-1024x682.jpeg 1024w, https:\/\/diariodominicano.com\/wp-content\/uploads\/2024\/03\/WhatsApp-Image-2024-03-15-at-5.31.33-PM-2-300x200.jpeg 300w, https:\/\/diariodominicano.com\/wp-content\/uploads\/2024\/03\/WhatsApp-Image-2024-03-15-at-5.31.33-PM-2-768x512.jpeg 768w, https:\/\/diariodominicano.com\/wp-content\/uploads\/2024\/03\/WhatsApp-Image-2024-03-15-at-5.31.33-PM-2-816x544.jpeg 816w, https:\/\/diariodominicano.com\/wp-content\/uploads\/2024\/03\/WhatsApp-Image-2024-03-15-at-5.31.33-PM-2.jpeg 1280w\" sizes=\"auto, (max-width: 1024px) 100vw, 1024px\" \/><\/figure>\n\n\n\n<p>El ministro de Defensa, teniente general Carlos Luciano D\u00edaz Morfa, ERD., manifest\u00f3 que \u201cEstas obras que se entregan hoy son una muestra m\u00e1s del inter\u00e9s permanente del Excelent\u00edsimo Se\u00f1or presidente Luis Rodolfo Abinader Corona de mejorar la calidad en el servicio que se le ofrece a nuestros militares activos y en la honrosa condici\u00f3n de retiro\u201d.<\/p>\n\n\n\n<figure class=\"wp-block-image size-large\"><img loading=\"lazy\" decoding=\"async\" width=\"1024\" height=\"682\" src=\"https:\/\/diariodominicano.com\/wp-content\/uploads\/2024\/03\/WhatsApp-Image-2024-03-15-at-5.31.32-PM-1024x682.jpeg\" alt=\"\" class=\"wp-image-516104\" srcset=\"https:\/\/diariodominicano.com\/wp-content\/uploads\/2024\/03\/WhatsApp-Image-2024-03-15-at-5.31.32-PM-1024x682.jpeg 1024w, https:\/\/diariodominicano.com\/wp-content\/uploads\/2024\/03\/WhatsApp-Image-2024-03-15-at-5.31.32-PM-300x200.jpeg 300w, https:\/\/diariodominicano.com\/wp-content\/uploads\/2024\/03\/WhatsApp-Image-2024-03-15-at-5.31.32-PM-768x512.jpeg 768w, https:\/\/diariodominicano.com\/wp-content\/uploads\/2024\/03\/WhatsApp-Image-2024-03-15-at-5.31.32-PM-816x544.jpeg 816w, https:\/\/diariodominicano.com\/wp-content\/uploads\/2024\/03\/WhatsApp-Image-2024-03-15-at-5.31.32-PM.jpeg 1280w\" sizes=\"auto, (max-width: 1024px) 100vw, 1024px\" \/><\/figure>\n\n\n\n<p>Mientras que el Mayor General Hern\u00e1ndez Olivero agradeci\u00f3 todo el apoyo brindado por el teniente general D\u00edaz Morfa, y dijo que continuar\u00e1n las mejoras en la infraestructura y servicios que se ofrecen a los miembros retirados.<\/p>\n\n\n\n<figure class=\"wp-block-image size-large\"><img loading=\"lazy\" decoding=\"async\" width=\"1024\" height=\"682\" src=\"https:\/\/diariodominicano.com\/wp-content\/uploads\/2024\/03\/WhatsApp-Image-2024-03-15-at-5.31.33-PM-1024x682.jpeg\" alt=\"\" class=\"wp-image-516105\" srcset=\"https:\/\/diariodominicano.com\/wp-content\/uploads\/2024\/03\/WhatsApp-Image-2024-03-15-at-5.31.33-PM-1024x682.jpeg 1024w, https:\/\/diariodominicano.com\/wp-content\/uploads\/2024\/03\/WhatsApp-Image-2024-03-15-at-5.31.33-PM-300x200.jpeg 300w, https:\/\/diariodominicano.com\/wp-content\/uploads\/2024\/03\/WhatsApp-Image-2024-03-15-at-5.31.33-PM-768x512.jpeg 768w, https:\/\/diariodominicano.com\/wp-content\/uploads\/2024\/03\/WhatsApp-Image-2024-03-15-at-5.31.33-PM-816x544.jpeg 816w, https:\/\/diariodominicano.com\/wp-content\/uploads\/2024\/03\/WhatsApp-Image-2024-03-15-at-5.31.33-PM.jpeg 1280w\" sizes=\"auto, (max-width: 1024px) 100vw, 1024px\" \/><\/figure>\n\n\n\n<p>El corte de cinta da apertura a diversas obras que fueron inauguradas y remozadas, que inmediatamente entran en funcionamiento, como la Farmacia, que brindar\u00e1 servicios de entrega de medicamentos de manera gratuita mediante receta m\u00e9dica al personal militar retirado.<\/p>\n\n\n\n<p>Las \u00e1reas remozadas fueron la Direcci\u00f3n de Retiro, la cual se responsabiliza de realizar la tramitaci\u00f3n de los expedientes y solicitudes de los miembros activos para ejecutar los procesos de retiros de acuerdo con la ley. De igual forma el departamento de Archivo, mismo que reposan los expedientes y documentaciones de la instituci\u00f3n, as\u00ed como ba\u00f1os y \u00e1reas comunes.<\/p>\n\n\n\n<p>Tambi\u00e9n fueron entregadas cinco motocicletas para uso de las misiones oficiales y eficientizar los servicios de mensajer\u00eda y entrega de documentaci\u00f3n de la instituci\u00f3n.<\/p>\n\n\n\n<p>Prensa Mide<\/p>\n\n\n\n<p><a target=\"_blank\" href=\"mailto:prensaj5mide@gmail.com\" rel=\"noreferrer noopener\">prensaj5mide@gmail.com<\/a><\/p>\n\n\n\n<p><strong><em>Departamento de Prensa<\/em><\/strong><\/p>\n\n\n\n<p><em><strong>Direcci\u00f3n de Asuntos Civiles del Estado Mayor Conjunto, J5<\/strong><\/em><\/p>\n\n\n\n<p><em><strong>Ministerio de Defensa de Rep\u00fablica Dominicana<\/strong><\/em><\/p>\n\n\n\n<p><\/p>\n","protected":false},"excerpt":{"rendered":"<p>SANTO DOMINGO.&nbsp;&#8211; Con el objetivo de seguir brindando un \u00f3ptimo servicio a los militares retirados, el ministro de Defensa teniente general Carlos Luciano D\u00edaz Morfa, ERD., y el presidente de la JRFPFFAA, Mayor General Julio C\u00e9sar A. Hern\u00e1ndez Olivero, ERD., inauguraron una farmacia y remozaron las oficinas de la Direcci\u00f3n de Retiro y departamento de [&hellip;]<\/p>\n","protected":false},"author":28,"featured_media":516099,"comment_status":"closed","ping_status":"","sticky":false,"template":"","format":"standard","meta":{"footnotes":""},"categories":[20],"tags":[],"class_list":["post-516098","post","type-post","status-publish","format-standard","has-post-thumbnail","hentry","category-dominicana-hoy"],"_links":{"self":[{"href":"https:\/\/diariodominicano.com\/index.php?rest_route=\/wp\/v2\/posts\/516098","targetHints":{"allow":["GET"]}}],"collection":[{"href":"https:\/\/diariodominicano.com\/index.php?rest_route=\/wp\/v2\/posts"}],"about":[{"href":"https:\/\/diariodominicano.com\/index.php?rest_route=\/wp\/v2\/types\/post"}],"author":[{"embeddable":true,"href":"https:\/\/diariodominicano.com\/index.php?rest_route=\/wp\/v2\/users\/28"}],"replies":[{"embeddable":true,"href":"https:\/\/diariodominicano.com\/index.php?rest_route=%2Fwp%2Fv2%2Fcomments&post=516098"}],"version-history":[{"count":3,"href":"https:\/\/diariodominicano.com\/index.php?rest_route=\/wp\/v2\/posts\/516098\/revisions"}],"predecessor-version":[{"id":516106,"href":"https:\/\/diariodominicano.com\/index.php?rest_route=\/wp\/v2\/posts\/516098\/revisions\/516106"}],"wp:featuredmedia":[{"embeddable":true,"href":"https:\/\/diariodominicano.com\/index.php?rest_route=\/wp\/v2\/media\/516099"}],"wp:attachment":[{"href":"https:\/\/diariodominicano.com\/index.php?rest_route=%2Fwp%2Fv2%2Fmedia&parent=516098"}],"wp:term":[{"taxonomy":"category","embeddable":true,"href":"https:\/\/diariodominicano.com\/index.php?rest_route=%2Fwp%2Fv2%2Fcategories&post=516098"},{"taxonomy":"post_tag","embeddable":true,"href":"https:\/\/diariodominicano.com\/index.php?rest_route=%2Fwp%2Fv2%2Ftags&post=516098"}],"curies":[{"name":"wp","href":"https:\/\/api.w.org\/{rel}","templated":true}]}}