{"id":516086,"date":"2024-03-17T00:23:52","date_gmt":"2024-03-17T04:23:52","guid":{"rendered":"https:\/\/diariodominicano.com\/?p=516086"},"modified":"2024-03-17T00:30:13","modified_gmt":"2024-03-17T04:30:13","slug":"mide-entrega-nueva-flotilla-de-automoviles-a-escuelas-vocacionales-de-las-ff-aa-y-p-n","status":"publish","type":"post","link":"https:\/\/diariodominicano.com\/?p=516086","title":{"rendered":"MIDE entrega nueva flotilla de autom\u00f3viles a Escuelas Vocacionales de las FF.AA. y P.N"},"content":{"rendered":"\n<p><strong>SANTO DOMINGO ESTE, RD. &#8211;<\/strong>\u00a0El ministro de Defensa, teniente general, Carlos Luciano D\u00edaz Morfa, ERD, entreg\u00f3 este s\u00e1bado al director general de las Escuelas Vocacionales de las Fuerzas Armadas y de la Polic\u00eda Nacional (DIGEV), general de Brigada, Jorge Luis Morel De Dios, ERD, siete autom\u00f3viles marca Suzuki SWIFT de cinco pasajeros, del a\u00f1o 2023.<\/p>\n\n\n\n<figure class=\"wp-block-image size-large\"><img loading=\"lazy\" decoding=\"async\" width=\"1024\" height=\"682\" src=\"https:\/\/diariodominicano.com\/wp-content\/uploads\/2024\/03\/WhatsApp-Image-2024-03-16-at-5.30.54-PM-1024x682.jpeg\" alt=\"\" class=\"wp-image-516091\" srcset=\"https:\/\/diariodominicano.com\/wp-content\/uploads\/2024\/03\/WhatsApp-Image-2024-03-16-at-5.30.54-PM-1024x682.jpeg 1024w, https:\/\/diariodominicano.com\/wp-content\/uploads\/2024\/03\/WhatsApp-Image-2024-03-16-at-5.30.54-PM-300x200.jpeg 300w, https:\/\/diariodominicano.com\/wp-content\/uploads\/2024\/03\/WhatsApp-Image-2024-03-16-at-5.30.54-PM-768x511.jpeg 768w, https:\/\/diariodominicano.com\/wp-content\/uploads\/2024\/03\/WhatsApp-Image-2024-03-16-at-5.30.54-PM-816x543.jpeg 816w, https:\/\/diariodominicano.com\/wp-content\/uploads\/2024\/03\/WhatsApp-Image-2024-03-16-at-5.30.54-PM.jpeg 1280w\" sizes=\"auto, (max-width: 1024px) 100vw, 1024px\" \/><\/figure>\n\n\n\n<figure class=\"wp-block-image size-large\"><img loading=\"lazy\" decoding=\"async\" width=\"1024\" height=\"682\" src=\"https:\/\/diariodominicano.com\/wp-content\/uploads\/2024\/03\/WhatsApp-Image-2024-03-16-at-5.30.54-PM-3-1024x682.jpeg\" alt=\"\" class=\"wp-image-516089\" srcset=\"https:\/\/diariodominicano.com\/wp-content\/uploads\/2024\/03\/WhatsApp-Image-2024-03-16-at-5.30.54-PM-3-1024x682.jpeg 1024w, https:\/\/diariodominicano.com\/wp-content\/uploads\/2024\/03\/WhatsApp-Image-2024-03-16-at-5.30.54-PM-3-300x200.jpeg 300w, https:\/\/diariodominicano.com\/wp-content\/uploads\/2024\/03\/WhatsApp-Image-2024-03-16-at-5.30.54-PM-3-768x511.jpeg 768w, https:\/\/diariodominicano.com\/wp-content\/uploads\/2024\/03\/WhatsApp-Image-2024-03-16-at-5.30.54-PM-3-1536x1022.jpeg 1536w, https:\/\/diariodominicano.com\/wp-content\/uploads\/2024\/03\/WhatsApp-Image-2024-03-16-at-5.30.54-PM-3-2048x1363.jpeg 2048w, https:\/\/diariodominicano.com\/wp-content\/uploads\/2024\/03\/WhatsApp-Image-2024-03-16-at-5.30.54-PM-3-816x543.jpeg 816w\" sizes=\"auto, (max-width: 1024px) 100vw, 1024px\" \/><\/figure>\n\n\n\n<figure class=\"wp-block-image size-large\"><img loading=\"lazy\" decoding=\"async\" width=\"1024\" height=\"682\" src=\"https:\/\/diariodominicano.com\/wp-content\/uploads\/2024\/03\/WhatsApp-Image-2024-03-16-at-5.30.54-PM-5-1024x682.jpeg\" alt=\"\" class=\"wp-image-516092\" srcset=\"https:\/\/diariodominicano.com\/wp-content\/uploads\/2024\/03\/WhatsApp-Image-2024-03-16-at-5.30.54-PM-5-1024x682.jpeg 1024w, https:\/\/diariodominicano.com\/wp-content\/uploads\/2024\/03\/WhatsApp-Image-2024-03-16-at-5.30.54-PM-5-300x200.jpeg 300w, https:\/\/diariodominicano.com\/wp-content\/uploads\/2024\/03\/WhatsApp-Image-2024-03-16-at-5.30.54-PM-5-768x511.jpeg 768w, https:\/\/diariodominicano.com\/wp-content\/uploads\/2024\/03\/WhatsApp-Image-2024-03-16-at-5.30.54-PM-5-1536x1022.jpeg 1536w, https:\/\/diariodominicano.com\/wp-content\/uploads\/2024\/03\/WhatsApp-Image-2024-03-16-at-5.30.54-PM-5-2048x1363.jpeg 2048w, https:\/\/diariodominicano.com\/wp-content\/uploads\/2024\/03\/WhatsApp-Image-2024-03-16-at-5.30.54-PM-5-816x543.jpeg 816w\" sizes=\"auto, (max-width: 1024px) 100vw, 1024px\" \/><\/figure>\n\n\n\n<p><strong>El ministro de Defensa, teniente general, Carlos Luciano D\u00edaz Morfa, ERD<\/strong> <strong>observa uno de los veh\u00edculos.<\/strong><\/p>\n\n\n\n<figure class=\"wp-block-image size-large\"><img loading=\"lazy\" decoding=\"async\" width=\"1024\" height=\"682\" src=\"https:\/\/diariodominicano.com\/wp-content\/uploads\/2024\/03\/WhatsApp-Image-2024-03-16-at-5.30.54-PM-6-1024x682.jpeg\" alt=\"\" class=\"wp-image-516094\" srcset=\"https:\/\/diariodominicano.com\/wp-content\/uploads\/2024\/03\/WhatsApp-Image-2024-03-16-at-5.30.54-PM-6-1024x682.jpeg 1024w, https:\/\/diariodominicano.com\/wp-content\/uploads\/2024\/03\/WhatsApp-Image-2024-03-16-at-5.30.54-PM-6-300x200.jpeg 300w, https:\/\/diariodominicano.com\/wp-content\/uploads\/2024\/03\/WhatsApp-Image-2024-03-16-at-5.30.54-PM-6-768x511.jpeg 768w, https:\/\/diariodominicano.com\/wp-content\/uploads\/2024\/03\/WhatsApp-Image-2024-03-16-at-5.30.54-PM-6-1536x1022.jpeg 1536w, https:\/\/diariodominicano.com\/wp-content\/uploads\/2024\/03\/WhatsApp-Image-2024-03-16-at-5.30.54-PM-6-2048x1363.jpeg 2048w, https:\/\/diariodominicano.com\/wp-content\/uploads\/2024\/03\/WhatsApp-Image-2024-03-16-at-5.30.54-PM-6-816x543.jpeg 816w\" sizes=\"auto, (max-width: 1024px) 100vw, 1024px\" \/><\/figure>\n\n\n\n<figure class=\"wp-block-image size-large\"><img loading=\"lazy\" decoding=\"async\" width=\"1024\" height=\"682\" src=\"https:\/\/diariodominicano.com\/wp-content\/uploads\/2024\/03\/WhatsApp-Image-2024-03-16-at-5.30.54-PM-1-1-1024x682.jpeg\" alt=\"\" class=\"wp-image-516095\" srcset=\"https:\/\/diariodominicano.com\/wp-content\/uploads\/2024\/03\/WhatsApp-Image-2024-03-16-at-5.30.54-PM-1-1-1024x682.jpeg 1024w, https:\/\/diariodominicano.com\/wp-content\/uploads\/2024\/03\/WhatsApp-Image-2024-03-16-at-5.30.54-PM-1-1-300x200.jpeg 300w, https:\/\/diariodominicano.com\/wp-content\/uploads\/2024\/03\/WhatsApp-Image-2024-03-16-at-5.30.54-PM-1-1-768x511.jpeg 768w, https:\/\/diariodominicano.com\/wp-content\/uploads\/2024\/03\/WhatsApp-Image-2024-03-16-at-5.30.54-PM-1-1-1536x1022.jpeg 1536w, https:\/\/diariodominicano.com\/wp-content\/uploads\/2024\/03\/WhatsApp-Image-2024-03-16-at-5.30.54-PM-1-1-2048x1363.jpeg 2048w, https:\/\/diariodominicano.com\/wp-content\/uploads\/2024\/03\/WhatsApp-Image-2024-03-16-at-5.30.54-PM-1-1-816x543.jpeg 816w\" sizes=\"auto, (max-width: 1024px) 100vw, 1024px\" \/><\/figure>\n\n\n\n<p>Los veh\u00edculos, totalmente nuevos, ser\u00e1n utilizados para las pr\u00e1cticas de manejo y conducci\u00f3n de veh\u00edculos livianos de los cientos de estudiantes que est\u00e1n recibiendo docencia sobre esa acci\u00f3n formativa.<\/p>\n\n\n\n<p>Los modernos autom\u00f3viles fueron entregados durante un acto celebrado en la sede central de la instituci\u00f3n, en presencia de estudiantes, profesores y personal administrativo de la escuela vocacional del municipio Santo Domingo Este, en San Isidro.<\/p>\n\n\n\n<p>El general de Brigada Morel De Dios, dijo que, \u201ceste tipo de educaci\u00f3n no solo se centra en ense\u00f1ar las habilidades t\u00e9cnicas de manejo, sino que tambi\u00e9n inculca principios \u00e9ticos y morales que son esenciales para una convivencia vial, segura y responsable\u201d.<\/p>\n\n\n\n<p>\u201cQuiero agradecer al ministro de Defensa, teniente general Carlos Luciano D\u00edaz Morfa, ERD, por el apoyo incondicional dado a estas escuelas vocacionales que, por instrucciones del presidente de la Rep\u00fablica Luis Rodolfo Abinader Corona, se ha encargado de la adecuaci\u00f3n y modernizaci\u00f3n de las escuelas vocacionales para que&nbsp;los estudiantes tengan un entorno y equipos apropiados para el aprendizaje t\u00e9cnico y pr\u00e1ctico de calidad\u201d, enfatiz\u00f3 Morel De Dios.<\/p>\n\n\n\n<p>En el acto estuvieron presentes el general de Brigada V\u00edctor Manuel Del Orbe Fr\u00edas, ERD, director general de Educaci\u00f3n, Capacitaci\u00f3n y Entrenamiento Militar, del Ej\u00e9rcito de Rep\u00fablica Dominicana y el coronel Juan Carlos Estrella Balbuena, ERD, Magister, director de la Academia Militar \u201cBatalla de Las Carreras\u201d, del Ej\u00e9rcito de Rep\u00fablica Dominicana.<\/p>\n\n\n\n<p>Prensa Mide<\/p>\n\n\n\n<p><a target=\"_blank\" href=\"mailto:prensaj5mide@gmail.com\" rel=\"noreferrer noopener\">prensaj5mide@gmail.com<\/a><\/p>\n\n\n\n<p><strong><em>Departamento de Prensa<\/em><\/strong><\/p>\n\n\n\n<p><em><strong>Direcci\u00f3n de Asuntos Civiles del Estado Mayor Conjunto, J5<\/strong><\/em><\/p>\n\n\n\n<p><em><strong>Ministerio de Defensa de Rep\u00fablica Dominicana<\/strong><\/em><\/p>\n","protected":false},"excerpt":{"rendered":"<p>SANTO DOMINGO ESTE, RD. &#8211;\u00a0El ministro de Defensa, teniente general, Carlos Luciano D\u00edaz Morfa, ERD, entreg\u00f3 este s\u00e1bado al director general de las Escuelas Vocacionales de las Fuerzas Armadas y de la Polic\u00eda Nacional (DIGEV), general de Brigada, Jorge Luis Morel De Dios, ERD, siete autom\u00f3viles marca Suzuki SWIFT de cinco pasajeros, del a\u00f1o 2023. [&hellip;]<\/p>\n","protected":false},"author":28,"featured_media":516087,"comment_status":"closed","ping_status":"","sticky":true,"template":"","format":"standard","meta":{"footnotes":""},"categories":[20,27],"tags":[],"class_list":["post-516086","post","type-post","status-publish","format-standard","has-post-thumbnail","hentry","category-dominicana-hoy","category-portada"],"_links":{"self":[{"href":"https:\/\/diariodominicano.com\/index.php?rest_route=\/wp\/v2\/posts\/516086","targetHints":{"allow":["GET"]}}],"collection":[{"href":"https:\/\/diariodominicano.com\/index.php?rest_route=\/wp\/v2\/posts"}],"about":[{"href":"https:\/\/diariodominicano.com\/index.php?rest_route=\/wp\/v2\/types\/post"}],"author":[{"embeddable":true,"href":"https:\/\/diariodominicano.com\/index.php?rest_route=\/wp\/v2\/users\/28"}],"replies":[{"embeddable":true,"href":"https:\/\/diariodominicano.com\/index.php?rest_route=%2Fwp%2Fv2%2Fcomments&post=516086"}],"version-history":[{"count":5,"href":"https:\/\/diariodominicano.com\/index.php?rest_route=\/wp\/v2\/posts\/516086\/revisions"}],"predecessor-version":[{"id":516097,"href":"https:\/\/diariodominicano.com\/index.php?rest_route=\/wp\/v2\/posts\/516086\/revisions\/516097"}],"wp:featuredmedia":[{"embeddable":true,"href":"https:\/\/diariodominicano.com\/index.php?rest_route=\/wp\/v2\/media\/516087"}],"wp:attachment":[{"href":"https:\/\/diariodominicano.com\/index.php?rest_route=%2Fwp%2Fv2%2Fmedia&parent=516086"}],"wp:term":[{"taxonomy":"category","embeddable":true,"href":"https:\/\/diariodominicano.com\/index.php?rest_route=%2Fwp%2Fv2%2Fcategories&post=516086"},{"taxonomy":"post_tag","embeddable":true,"href":"https:\/\/diariodominicano.com\/index.php?rest_route=%2Fwp%2Fv2%2Ftags&post=516086"}],"curies":[{"name":"wp","href":"https:\/\/api.w.org\/{rel}","templated":true}]}}