{"id":51607,"date":"2020-07-17T23:54:28","date_gmt":"2020-07-17T23:54:28","guid":{"rendered":"http:\/\/diariodominicano.ddns.net\/?p=51607"},"modified":"2020-07-17T23:54:28","modified_gmt":"2020-07-17T23:54:28","slug":"gobierno-de-haiti-sigue-represion-contra-los-amigos-de-duarte","status":"publish","type":"post","link":"https:\/\/diariodominicano.com\/?p=51607","title":{"rendered":"Gobierno de Hait\u00ed sigue represi\u00f3n contra los amigos de Duarte"},"content":{"rendered":"<p><body><\/p>\n<p><strong>Diariodominicano.com<\/strong><\/p>\n<p><strong>Gobierno de Hait\u00ed sigue represi\u00f3n contra los amigos de Duarte<\/strong><\/p>\n<p> Rosa Duarte,  en \u00abApuntes para la historia de Santo Domingo\u00bb, anota que \u00ablas c\u00e1rceles se llenaban de patriotas; las prisiones no se hac\u00edan s\u00f3lo en Santo Domingo; en los dem\u00e1s pueblos se hac\u00eda la misma persecuci\u00f3n\u00bb. (sic)<\/p>\n<p><strong>Por H\u00e9ctor Tineo Nolasco<\/strong><\/p>\n<p><strong>Diariodominicano.com<\/strong><\/p>\n<\/p>\n<p><strong>SANTO DOMINGO, RD, el  18 de julio de 1843<\/strong>, el Gobierno haitiano intensific\u00f3 la persecuci\u00f3n contra los trinitarios y al no localizar a  Juan Pablo Duarte, persigui\u00f3 con sa\u00f1a a sus amigos.<\/p>\n<\/p>\n<p>    Rosa Duarte,  en \u00abApuntes para la historia de Santo Domingo\u00bb, anota que \u00ablas c\u00e1rceles se llenaban de patriotas; las prisiones no se hac\u00edan s\u00f3lo en Santo Domingo; en los dem\u00e1s pueblos se hac\u00eda la misma persecuci\u00f3n\u00bb. (sic)<\/p>\n<\/p>\n<p>    Refiere que la ciudad de Santo Domingo, era presa de la mayor consternaci\u00f3n.<\/p>\n<\/p>\n<p>    Juan Pablo Duarte y sus compa\u00f1eros eran perseguidos por el Gobierno haitiano porque ten\u00eda la informaci\u00f3n de que los trinitarios luchaban para separarse de Hait\u00ed y fundar Rep\u00fablica Dominicana, una naci\u00f3n libre y soberana.<\/p>\n<\/p>\n<p>  Los haitianos ocuparon la parte Este de la isla de Santo Domingo (Rep\u00fablica Dominicana)  en el a\u00f1o 1822.<\/p>\n<\/p>\n<p>    El movimiento represivo no pudo detener la lucha. El 27 de febrero de 1844, los trinitarios proclamaron la Rep\u00fablica Dominicana.<\/p>\n<\/p>\n<h6> 2020-07-17 23:54:28 <\/h6>\n<p><!--\n<link rel=\"stylesheet\" href=\"css\/bootstrap.min.css\">\n\n\n<ul class=\"pagination\">\n\t    \n\t\n\n<li >\n\t<a href='?page_no=402'>Previous<\/a>\n\t<\/li>\n\n\n       \n    \n\n<li><a href='?page_no=1'>1<\/a><\/li>\n\n\n\n<li><a href='?page_no=2'>2<\/a><\/li>\n\n\n\n<li><a>...<\/a><\/li>\n\n\n\n<li><a href='?page_no=401'>401<\/a><\/li>\n\n\n\n<li><a href='?page_no=402'>402<\/a><\/li>\n\n\n\n<li class='active'><a>403<\/a><\/li>\n\n\n\n<li><a href='?page_no=404'>404<\/a><\/li>\n\n\n\n<li><a href='?page_no=405'>405<\/a><\/li>\n\n\n\n<li><a>...<\/a><\/li>\n\n\n\n<li><a href='?page_no=22911'>22911<\/a><\/li>\n\n\n\n<li><a href='?page_no=22912'>22912<\/a><\/li>\n\n    \n\t\n\n<li >\n\t<a href='?page_no=404'>Next<\/a>\n\t<\/li>\n\n\n    \n\n<li><a href='?page_no=22912'>Last &rsaquo;&rsaquo;<\/a><\/li>\n\n<\/ul>\n\n\n--><br \/>\n<\/body><\/p>\n","protected":false},"excerpt":{"rendered":"<p>Diariodominicano.com Gobierno de Hait\u00ed sigue represi\u00f3n contra los amigos de Duarte Rosa Duarte, en \u00abApuntes para la historia de Santo Domingo\u00bb, anota que \u00ablas c\u00e1rceles se llenaban de patriotas; las prisiones no se hac\u00edan s\u00f3lo en Santo Domingo; en los dem\u00e1s pueblos se hac\u00eda la misma persecuci\u00f3n\u00bb. (sic) Por H\u00e9ctor Tineo Nolasco Diariodominicano.com SANTO DOMINGO, [&hellip;]<\/p>\n","protected":false},"author":3,"featured_media":0,"comment_status":"open","ping_status":"open","sticky":false,"template":"","format":"standard","meta":{"footnotes":""},"categories":[21],"tags":[],"class_list":["post-51607","post","type-post","status-publish","format-standard","hentry","category-cultura"],"_links":{"self":[{"href":"https:\/\/diariodominicano.com\/index.php?rest_route=\/wp\/v2\/posts\/51607","targetHints":{"allow":["GET"]}}],"collection":[{"href":"https:\/\/diariodominicano.com\/index.php?rest_route=\/wp\/v2\/posts"}],"about":[{"href":"https:\/\/diariodominicano.com\/index.php?rest_route=\/wp\/v2\/types\/post"}],"author":[{"embeddable":true,"href":"https:\/\/diariodominicano.com\/index.php?rest_route=\/wp\/v2\/users\/3"}],"replies":[{"embeddable":true,"href":"https:\/\/diariodominicano.com\/index.php?rest_route=%2Fwp%2Fv2%2Fcomments&post=51607"}],"version-history":[{"count":0,"href":"https:\/\/diariodominicano.com\/index.php?rest_route=\/wp\/v2\/posts\/51607\/revisions"}],"wp:attachment":[{"href":"https:\/\/diariodominicano.com\/index.php?rest_route=%2Fwp%2Fv2%2Fmedia&parent=51607"}],"wp:term":[{"taxonomy":"category","embeddable":true,"href":"https:\/\/diariodominicano.com\/index.php?rest_route=%2Fwp%2Fv2%2Fcategories&post=51607"},{"taxonomy":"post_tag","embeddable":true,"href":"https:\/\/diariodominicano.com\/index.php?rest_route=%2Fwp%2Fv2%2Ftags&post=51607"}],"curies":[{"name":"wp","href":"https:\/\/api.w.org\/{rel}","templated":true}]}}