{"id":516042,"date":"2024-03-16T16:25:02","date_gmt":"2024-03-16T20:25:02","guid":{"rendered":"https:\/\/diariodominicano.com\/?p=516042"},"modified":"2024-03-16T16:25:02","modified_gmt":"2024-03-16T20:25:02","slug":"cuba-homenajea-a-reina-de-la-musica-campesina-celina-gonzalez","status":"publish","type":"post","link":"https:\/\/diariodominicano.com\/?p=516042","title":{"rendered":"Cuba homenajea a reina de la m\u00fasica campesina Celina Gonz\u00e1lez"},"content":{"rendered":"\n<p>Mayabeque, 16 mar (Prensa Latina) La III Edici\u00f3n de la Jornada Cultural Internacional \u00abMis Ra\u00edces\u00bb en homenaje a la reina de la m\u00fasica campesina de Cuba, Celina Gonz\u00e1lez, transcurre hoy y hasta el lunes, en la occidental provincia de Mayabeque.<\/p>\n\n\n\n<ul class=\"wp-block-list\">\n<li><a href=\"https:\/\/www.prensa-latina.cu\/2024\/03\/16\/\">marzo 16, 2024 | 11:13<\/a><\/li>\n<\/ul>\n\n\n\n<p>La casa de la d\u00e9cima y el parque central del poblado de G\u00fcines, en el occidente cubano, acogen el evento que promueve la artista Mar\u00eda Victoria Rodr\u00edguez en honor a Celina.<\/p>\n\n\n\n<p>Celebrado por segundo a\u00f1o consecutivo, cuenta con invitados internacionales provenientes de M\u00e9xico, Puerto Rico y Panam\u00e1, pa\u00eds invitado de honor.<\/p>\n\n\n\n<p>De esta manera se rinde musical homenaje a Celina, quien este d\u00eda celebrar\u00eda su onom\u00e1stico 96.<\/p>\n\n\n\n<p>La considerada reina de la m\u00fasica campesina y del g\u00e9nero punto cubano fue una exitosa cantante y compositora, que naci\u00f3 en 1928 cerca del Valle de Yumur\u00ed, en el poblado de Jovellanos, en la occidental provincia de Matanzas.<\/p>\n\n\n\n<p>El secreto de su popularidad durante su carrera art\u00edstica, es haber sido siempre fiel a sus or\u00edgenes y al pueblo, destacaron expertos.<\/p>\n\n\n\n<p>Se convirti\u00f3 en una de las voces m\u00e1s reconocidas en la isla en el \u00e1mbito musical, en cuya obra destac\u00f3 las ra\u00edces campesinas y la influencia de las religiones africanas.<\/p>\n\n\n\n<p>El pueblo cubano siempre recuerda la an\u00e9cdota de que en un sue\u00f1o a Celina Gonz\u00e1lez se le apareci\u00f3 Santa B\u00e1rbara, deidad sincretizada en la religi\u00f3n yoruba como Shang\u00f3.<\/p>\n\n\n\n<p>Le dijo que se levantara y que copiara lo que le iba a dictar. La artista -seg\u00fan cont\u00f3- hizo lo que le pidi\u00f3 la divinidad, que le dio la letra y m\u00fasica del tema con el cual debutar\u00eda en la radio capitalina y la har\u00eda triunfar.<\/p>\n\n\n\n<p>As\u00ed, junto a su entonces compa\u00f1ero en la vida y el arte, Reutilio Dom\u00ednguez, compuso Que viva Shang\u00f3, y el d\u00fao con su esposo alcanz\u00f3 la popularidad dentro y fuera del pa\u00eds.<\/p>\n\n\n\n<p>En su carrera, fue ovacionada en los mejores teatros y estadios del mundo, y cant\u00f3 junto a estrellas como Benny Mor\u00e9, Barbarito Diez, Nat King Cole y Pedro Vargas, entre otros.<\/p>\n\n\n\n<p>Celina revolucion\u00f3 su propio g\u00e9nero musical al incorporar elementos de la m\u00fasica de herencia africana al Punto y a la Guajira.<\/p>\n\n\n\n<p>Falleci\u00f3 el 4 de febrero del 2015, a la edad de 86 a\u00f1os, tras una larga enfermedad que la alej\u00f3 durante a\u00f1os del p\u00fablico.<\/p>\n\n\n\n<p>Por estos d\u00edas, en el evento de Mayabeque dedicado a su legado cultural, tienen lugar coloquios, talleres, visita a proyectos comunitarios asociados a la m\u00fasica campesina y conciertos.<\/p>\n\n\n\n<p>oda\/dla<\/p>\n\n\n\n<ul class=\"wp-block-list\">\n<li>#<a href=\"https:\/\/www.prensa-latina.cu\/etiqueta\/celina-gonzalez\/\">Celina Gonz\u00e1lez<\/a>\u00a0#<a href=\"https:\/\/www.prensa-latina.cu\/etiqueta\/cuba\/\">cub<\/a><\/li>\n<\/ul>\n","protected":false},"excerpt":{"rendered":"<p>Mayabeque, 16 mar (Prensa Latina) La III Edici\u00f3n de la Jornada Cultural Internacional \u00abMis Ra\u00edces\u00bb en homenaje a la reina de la m\u00fasica campesina de Cuba, Celina Gonz\u00e1lez, transcurre hoy y hasta el lunes, en la occidental provincia de Mayabeque. La casa de la d\u00e9cima y el parque central del poblado de G\u00fcines, en el [&hellip;]<\/p>\n","protected":false},"author":28,"featured_media":516043,"comment_status":"closed","ping_status":"","sticky":false,"template":"","format":"standard","meta":{"footnotes":""},"categories":[36,26],"tags":[],"class_list":["post-516042","post","type-post","status-publish","format-standard","has-post-thumbnail","hentry","category-hombresmujeresycosas","category-efemerides"],"_links":{"self":[{"href":"https:\/\/diariodominicano.com\/index.php?rest_route=\/wp\/v2\/posts\/516042","targetHints":{"allow":["GET"]}}],"collection":[{"href":"https:\/\/diariodominicano.com\/index.php?rest_route=\/wp\/v2\/posts"}],"about":[{"href":"https:\/\/diariodominicano.com\/index.php?rest_route=\/wp\/v2\/types\/post"}],"author":[{"embeddable":true,"href":"https:\/\/diariodominicano.com\/index.php?rest_route=\/wp\/v2\/users\/28"}],"replies":[{"embeddable":true,"href":"https:\/\/diariodominicano.com\/index.php?rest_route=%2Fwp%2Fv2%2Fcomments&post=516042"}],"version-history":[{"count":1,"href":"https:\/\/diariodominicano.com\/index.php?rest_route=\/wp\/v2\/posts\/516042\/revisions"}],"predecessor-version":[{"id":516044,"href":"https:\/\/diariodominicano.com\/index.php?rest_route=\/wp\/v2\/posts\/516042\/revisions\/516044"}],"wp:featuredmedia":[{"embeddable":true,"href":"https:\/\/diariodominicano.com\/index.php?rest_route=\/wp\/v2\/media\/516043"}],"wp:attachment":[{"href":"https:\/\/diariodominicano.com\/index.php?rest_route=%2Fwp%2Fv2%2Fmedia&parent=516042"}],"wp:term":[{"taxonomy":"category","embeddable":true,"href":"https:\/\/diariodominicano.com\/index.php?rest_route=%2Fwp%2Fv2%2Fcategories&post=516042"},{"taxonomy":"post_tag","embeddable":true,"href":"https:\/\/diariodominicano.com\/index.php?rest_route=%2Fwp%2Fv2%2Ftags&post=516042"}],"curies":[{"name":"wp","href":"https:\/\/api.w.org\/{rel}","templated":true}]}}