{"id":515948,"date":"2024-03-16T10:13:46","date_gmt":"2024-03-16T14:13:46","guid":{"rendered":"https:\/\/diariodominicano.com\/?p=515948"},"modified":"2024-03-16T10:13:46","modified_gmt":"2024-03-16T14:13:46","slug":"argentina-brasil-y-francia-distinguiran-festival-de-teatro-en-panama","status":"publish","type":"post","link":"https:\/\/diariodominicano.com\/?p=515948","title":{"rendered":"Argentina, Brasil y Francia distinguir\u00e1n festival de teatro en Panam\u00e1"},"content":{"rendered":"\n<p>Ciudad de Panam\u00e1, 16 mar (Prensa Latina) Compa\u00f1\u00edas de teatro de Argentina, Brasil y Francia distinguir\u00e1n el Festival Internacional de Artes Esc\u00e9nicas( FAE) de Panam\u00e1, resalt\u00f3 hoy el comit\u00e9 organizador.<\/p>\n\n\n\n<ul class=\"wp-block-list\">\n<li><a href=\"https:\/\/www.prensa-latina.cu\/2024\/03\/16\/\">marzo 16, 2024 | 09:34<\/a><\/li>\n<\/ul>\n\n\n\n<p>El productor Roberto King precis\u00f3 a Prensa Latina que para la cita del 16 al 21 de abril pr\u00f3ximo la programaci\u00f3n incluye La celestina, tragicomedia de Lita, de Rey Marciali Producciones, que llega desde Buenos Aires, con la que el p\u00fablico podr\u00e1 disfrutar de una adaptaci\u00f3n libre del conocido cl\u00e1sico espa\u00f1ol dirigida por David Picotto.<\/p>\n\n\n\n<p>Mientras de Brasil llegar\u00e1 la conocida Compa\u00f1\u00eda de Danza Giro 8, como parte de su gira latinoamericana, con la aplaudida pieza Comenzar\u00eda todo otra vez: Mar\u00eda Bethania, una puesta en escena que versa sobre el amor en base a canciones de la famosa cantautora de la<\/p>\n\n\n\n<p>naci\u00f3n suramericana.<\/p>\n\n\n\n<p>De otra parte, dijo King, se suma la coreograf\u00eda francesa Pr\u00f3logo, de la Compa\u00f1\u00eda Resodancer, dirigida por Laura Lamy y Trist\u00e1n Robilliard, quienes se inspiran en el maestro del suspenso, Alfred Hitchcock, para darnos una pieza que va de lo explosivo a lo fluido con gran facilidad y que enfrenta dos temperamentos que se repelen y atraen a la vez.<\/p>\n\n\n\n<p>Antes hab\u00edan confirmado la presencia elencos de Colombia, como Congregaci\u00f3n Teatro, con la obra Omisi\u00f3n, dirigida por Johan Velandia, un intenso montaje sobre el caso real de la violaci\u00f3n y muerte de una ni\u00f1a ind\u00edgena en Bogot\u00e1.<\/p>\n\n\n\n<p>De M\u00e9xico estar\u00e1 present\u00e9 el grupo de teatro infantil, Circo Teatro Azul con dos producciones para ni\u00f1os y toda la familia, Clowneando y Peripecias: un viaje con Luca, agreg\u00f3 el director de FAE.<\/p>\n\n\n\n<p>En el istmo esta fiesta de las tablas, con 20 a\u00f1os de creada, es el m\u00e1ximo evento de teatro y danza contempor\u00e1nea en el pa\u00eds y cuenta con el respaldo del Ministerio de Cultura, la Ciudad del Saber y el Grupo de Experimental de Cine Universitario, entre otras instituciones.<\/p>\n\n\n\n<p>oda\/ga<\/p>\n","protected":false},"excerpt":{"rendered":"<p>Ciudad de Panam\u00e1, 16 mar (Prensa Latina) Compa\u00f1\u00edas de teatro de Argentina, Brasil y Francia distinguir\u00e1n el Festival Internacional de Artes Esc\u00e9nicas( FAE) de Panam\u00e1, resalt\u00f3 hoy el comit\u00e9 organizador. El productor Roberto King precis\u00f3 a Prensa Latina que para la cita del 16 al 21 de abril pr\u00f3ximo la programaci\u00f3n incluye La celestina, tragicomedia [&hellip;]<\/p>\n","protected":false},"author":28,"featured_media":515949,"comment_status":"closed","ping_status":"","sticky":false,"template":"","format":"standard","meta":{"footnotes":""},"categories":[21,25],"tags":[],"class_list":["post-515948","post","type-post","status-publish","format-standard","has-post-thumbnail","hentry","category-cultura","category-gente"],"_links":{"self":[{"href":"https:\/\/diariodominicano.com\/index.php?rest_route=\/wp\/v2\/posts\/515948","targetHints":{"allow":["GET"]}}],"collection":[{"href":"https:\/\/diariodominicano.com\/index.php?rest_route=\/wp\/v2\/posts"}],"about":[{"href":"https:\/\/diariodominicano.com\/index.php?rest_route=\/wp\/v2\/types\/post"}],"author":[{"embeddable":true,"href":"https:\/\/diariodominicano.com\/index.php?rest_route=\/wp\/v2\/users\/28"}],"replies":[{"embeddable":true,"href":"https:\/\/diariodominicano.com\/index.php?rest_route=%2Fwp%2Fv2%2Fcomments&post=515948"}],"version-history":[{"count":1,"href":"https:\/\/diariodominicano.com\/index.php?rest_route=\/wp\/v2\/posts\/515948\/revisions"}],"predecessor-version":[{"id":515950,"href":"https:\/\/diariodominicano.com\/index.php?rest_route=\/wp\/v2\/posts\/515948\/revisions\/515950"}],"wp:featuredmedia":[{"embeddable":true,"href":"https:\/\/diariodominicano.com\/index.php?rest_route=\/wp\/v2\/media\/515949"}],"wp:attachment":[{"href":"https:\/\/diariodominicano.com\/index.php?rest_route=%2Fwp%2Fv2%2Fmedia&parent=515948"}],"wp:term":[{"taxonomy":"category","embeddable":true,"href":"https:\/\/diariodominicano.com\/index.php?rest_route=%2Fwp%2Fv2%2Fcategories&post=515948"},{"taxonomy":"post_tag","embeddable":true,"href":"https:\/\/diariodominicano.com\/index.php?rest_route=%2Fwp%2Fv2%2Ftags&post=515948"}],"curies":[{"name":"wp","href":"https:\/\/api.w.org\/{rel}","templated":true}]}}