{"id":515883,"date":"2024-03-15T23:47:14","date_gmt":"2024-03-16T03:47:14","guid":{"rendered":"https:\/\/diariodominicano.com\/?p=515883"},"modified":"2024-03-15T23:48:31","modified_gmt":"2024-03-16T03:48:31","slug":"museo-memorial-dedica-sala-a-eduardo-diaz-por-su-contribucion-al-rescate-de-la-memoria","status":"publish","type":"post","link":"https:\/\/diariodominicano.com\/?p=515883","title":{"rendered":"Museo Memorial dedica sala a Eduardo D\u00edaz por su contribuci\u00f3n al rescate de la memoria"},"content":{"rendered":"\n<p>El Museo rinde homenaje al fenecido abogado designando la sala de exposiciones temporales con su nombre<\/p>\n\n\n\n<p><em><u>Santo Domingo, DN, 14 de marzo 2024.-<\/u><\/em>El Museo Memorial de la Resistencia Dominicana (MMRD) reconoci\u00f3 el legado del fenecido abogado Eduardo D\u00edaz D\u00edaz por su contribuci\u00f3n al rescate de la memoria y a su lucha por los derechos y las libertades.<\/p>\n\n\n\n<p>Durante un acto realizado en el auditorio Alma y Juan Vicini, la directora-fundadora de la instituci\u00f3n, Luisa De Pe\u00f1a D\u00edaz valor\u00f3 la entrega y la dedicaci\u00f3n que tuvo D\u00edaz para que se levantara el museo desde que era apenas un proyecto, convirti\u00e9ndose en uno de los mecenas m\u00e1s importantes de la instituci\u00f3n.<\/p>\n\n\n\n<p>\u201cEl Museo est\u00e1 decidido a rescatar esa labor de Eduardo y que ese legado pase a las nuevas generaciones. El legado de Eduardo se va a perpetuar en la sala m\u00e1s importante del museo donde siempre estar\u00e1 presente\u201d, sostuvo De Pe\u00f1a D\u00edaz, tras destacar que a \u00e9l se le debe la motivaci\u00f3n para la creaci\u00f3n en Rep\u00fablica Dominicana de una Comisi\u00f3n de la Verdad, para que se condenaran los cr\u00edmenes de lesa humanidad cometido durante las dictaduras que ha sufrido en el pa\u00eds.<\/p>\n\n\n\n<p>\u201cPero Eduardo hoy es reconocido porque \u00e9l fue un gran mecenas del Museo y los museos reconocen a sus mecenas dedicando salas con su nombre. Sin Eduardo este museo no existir\u00eda, no solo desde el principio, no solo que consigui\u00f3 la casa, no solamente que consigui\u00f3 los primeros RD$15 millones para empezar los trabajos, sino su trabajo constante, su defensa constante, Eduardo nunca perdi\u00f3 el norte, \u00e9l siempre estuvo muy claro que el museo hab\u00eda que preservarlo y protegerlo bajo cualquier circunstancia\u201d, record\u00f3 la directora de la instituci\u00f3n.<\/p>\n\n\n\n<p>De su lado, Manuel D\u00edaz, hijo del fenecido abogado, al hablar en nombre de la familia, record\u00f3 que, al igual que su abuelo, su progenitor fue un muro de resistencia y valent\u00eda ante la opresi\u00f3n y que, a pesar de las adversidades que lo rodeaban, permaneci\u00f3 firme en su convicci\u00f3n y dedicaci\u00f3n en su b\u00fasqueda de justicia tanto en su vida profesional como en la personal.<\/p>\n\n\n\n<p>\u201cSu determinaci\u00f3n inalterable en la lucha por la libertad inspir\u00f3 a todos los que lo conocieron y su sacrificio queda como testimonio para un mejor futuro. Ejemplific\u00f3 la integridad, la bondad y la entereza, enfrent\u00f3 desaf\u00edos con dignidad, sin permitir que la adversidad disminuyera su esp\u00edritu y su firmeza\u201d, destac\u00f3 Manuel D\u00edaz.<\/p>\n\n\n\n<p>Se\u00f1al\u00f3 que la fe inquebrantable de su padre frente a la adversidad sirvi\u00f3 como una luz de esperanza para todos los que lo conocieron, inspir\u00e1ndolos a perseverar en los momentos m\u00e1s dif\u00edciles.<\/p>\n\n\n\n<p>El en acto tambi\u00e9n ofrecieron sus testimonios de gratitud Ulises Morla, Carlos P\u00e9rez y Olivo Rodr\u00edguez Huertas, quienes fueron disc\u00edpulos de Eduardo D\u00edaz en diferentes momentos y hoy emulan su legado.<\/p>\n\n\n\n<p><strong><em>M\u00e1s sobre Eduardo D\u00edaz<\/em><\/strong><\/p>\n\n\n\n<p>Eduardo D\u00edaz D\u00edaz era hijo de Juan Tom\u00e1s D\u00edaz y la se\u00f1ora Cristina D\u00edaz. Su padre fue asesinado por ser uno de los h\u00e9roes que liber\u00f3 al pa\u00eds del r\u00e9gimen trujillista el 30 de mayo de 1961. Eduardo D\u00edaz apenas contaba con 12 a\u00f1os de edad, pero mantuvo su esp\u00edritu en la pr\u00e1ctica ciudadana incorporando los mismos valores patri\u00f3ticos y&nbsp; democr\u00e1ticos que su padre.<\/p>\n\n\n\n<p>Junto a otros socios fund\u00f3 la oficina de abogados Cabral &amp; D\u00edaz, a la que dedic\u00f3 toda su vida profesional. Fue presidente de la Fundaci\u00f3n 30 de Mayo. Eduardo D\u00edaz siempre entendi\u00f3 que todo intento de restauraci\u00f3n del r\u00e9gimen trujillista constituye una amenaza para el sistema de los derechos constitucionales. Por ello asumi\u00f3 un rol activo y militante en defensa de la memoria de los h\u00e9roes y la dignidad de las v\u00edctimas.<\/p>\n\n\n\n<p>Eduardo D\u00edaz falleci\u00f3 el 2 de octubre de 2023. Sus restos descansan junto con su hijo Eduardo Emilio (Milo).\u00a0&#8212;<\/p>\n\n\n\n<p>Raisa Marte<\/p>\n\n\n\n<p><a target=\"_blank\" href=\"mailto:raisamarte1@gmail.com\" rel=\"noreferrer noopener\">raisamarte1@gmail.com<\/a><\/p>\n\n\n\n<p><\/p>\n","protected":false},"excerpt":{"rendered":"<p>El Museo rinde homenaje al fenecido abogado designando la sala de exposiciones temporales con su nombre Santo Domingo, DN, 14 de marzo 2024.-El Museo Memorial de la Resistencia Dominicana (MMRD) reconoci\u00f3 el legado del fenecido abogado Eduardo D\u00edaz D\u00edaz por su contribuci\u00f3n al rescate de la memoria y a su lucha por los derechos y [&hellip;]<\/p>\n","protected":false},"author":28,"featured_media":0,"comment_status":"closed","ping_status":"","sticky":false,"template":"","format":"standard","meta":{"footnotes":""},"categories":[36,26],"tags":[],"class_list":["post-515883","post","type-post","status-publish","format-standard","hentry","category-hombresmujeresycosas","category-efemerides"],"_links":{"self":[{"href":"https:\/\/diariodominicano.com\/index.php?rest_route=\/wp\/v2\/posts\/515883","targetHints":{"allow":["GET"]}}],"collection":[{"href":"https:\/\/diariodominicano.com\/index.php?rest_route=\/wp\/v2\/posts"}],"about":[{"href":"https:\/\/diariodominicano.com\/index.php?rest_route=\/wp\/v2\/types\/post"}],"author":[{"embeddable":true,"href":"https:\/\/diariodominicano.com\/index.php?rest_route=\/wp\/v2\/users\/28"}],"replies":[{"embeddable":true,"href":"https:\/\/diariodominicano.com\/index.php?rest_route=%2Fwp%2Fv2%2Fcomments&post=515883"}],"version-history":[{"count":2,"href":"https:\/\/diariodominicano.com\/index.php?rest_route=\/wp\/v2\/posts\/515883\/revisions"}],"predecessor-version":[{"id":515885,"href":"https:\/\/diariodominicano.com\/index.php?rest_route=\/wp\/v2\/posts\/515883\/revisions\/515885"}],"wp:attachment":[{"href":"https:\/\/diariodominicano.com\/index.php?rest_route=%2Fwp%2Fv2%2Fmedia&parent=515883"}],"wp:term":[{"taxonomy":"category","embeddable":true,"href":"https:\/\/diariodominicano.com\/index.php?rest_route=%2Fwp%2Fv2%2Fcategories&post=515883"},{"taxonomy":"post_tag","embeddable":true,"href":"https:\/\/diariodominicano.com\/index.php?rest_route=%2Fwp%2Fv2%2Ftags&post=515883"}],"curies":[{"name":"wp","href":"https:\/\/api.w.org\/{rel}","templated":true}]}}