{"id":515879,"date":"2024-03-15T23:38:10","date_gmt":"2024-03-16T03:38:10","guid":{"rendered":"https:\/\/diariodominicano.com\/?p=515879"},"modified":"2024-03-15T23:39:58","modified_gmt":"2024-03-16T03:39:58","slug":"ciencias-de-la-educacion-uasd-organiza-panel-sobre-mujer-educacion-y-poder","status":"publish","type":"post","link":"https:\/\/diariodominicano.com\/?p=515879","title":{"rendered":"Ciencias de la Educaci\u00f3n UASD organiza panel sobre Mujer, Educaci\u00f3n y Poder"},"content":{"rendered":"\n<p>\u00a0La directora de la Escuela de Orientaci\u00f3n Educativa y Psicopedagog\u00eda, maestra Altagracia Abr\u00e9u, junto a las panelistas \u00a0\u00a0Carmen Cristina de Aza y Rossely Alc\u00e1ntara Pi\u00f1a<\/p>\n\n\n\n<p>La Facultad de Ciencias de la Educaci\u00f3n (FCE), de la Universidad Aut\u00f3noma de Santo Domingo (UASD), organiz\u00f3 el panel \u201cMujer, Educaci\u00f3n y Psicopedagog\u00eda\u201d, a cargo de las maestras de Orientaci\u00f3n y feministas, Carmen Cristina de Aza y Rossely Alc\u00e1ntara Pi\u00f1a.<\/p>\n\n\n\n<p>La directora de la Escuela de Orientaci\u00f3n Educativa y Psicopedagog\u00eda, maestra Altagracia Abr\u00e9u, al ofrecer las palabras de bienvenida del evento, expres\u00f3 que el panel se enmarca dentro de las actividades que realiza la facultad, por el D\u00eda Internacional de la Mujer, organizadas en el sal\u00f3n Ivelisse Prats, de esa unidad acad\u00e9mica.<\/p>\n\n\n\n<p><strong>Sobre el panel<\/strong><\/p>\n\n\n\n<p>La educadora y feminista, De Aza resalt\u00f3 que la mujer biol\u00f3gica no es lo que en realidad es, sino m\u00e1s bien son culturalmente lo que la sociedad quiere que sea la mujer en realidad, porque desde que nace la definen como la ama de casa que est\u00e1 destinada a hacer labores dom\u00e9sticas, mientras que el hombre es el que provee el dinero en la calle y el que tiene la \u00faltima pala<a><\/a>bra en el hogar.<\/p>\n\n\n\n<p>Explic\u00f3 que hay una construcci\u00f3n para el hombre, as\u00ed como la mujer, donde los est\u00e1ndares de la mujer no tienen valor, se consideran de segunda categor\u00eda para representar en la sociedad, a diferencia de los hombres que s\u00ed pueden ocupar puestos importantes a nivel pol\u00edtico y empresarial, devengando un mejor salario competitivo.<\/p>\n\n\n\n<p>Manifest\u00f3 que para que la mujer pueda ser aceptada en un cargo importante, debe demostrar que tiene el conocimiento, el poder y la disposici\u00f3n de hacer ese trabajo asignado sin necesidad de pedir ayuda a un hombre.<\/p>\n\n\n\n<p>Dijo que la mujer est\u00e1 etiquetada como sublime, garantiz\u00e1ndole &nbsp;a la sociedad que son seres humanos abnegadas, sufridas, tristes, d\u00e9biles y dispuestas a servir al hombre primero en todo y al final no se atiende ella, s\u00f3lo si es que le queda tiempo.<\/p>\n\n\n\n<p>Resalt\u00f3 que estad\u00edsticamente&nbsp; la mujer ocupa el 78 % de matriculadas en las universidades en cualquier instancia del pa\u00eds, mientras que en formaci\u00f3n pol\u00edtica el 74 %, la mujer tiene mejor preparaci\u00f3n acad\u00e9mica, sin embargo no tienen acceso al poder pol\u00edtico y social, donde las mujeres son menos valoradas y no deciden en las instancias p\u00fablicas o pol\u00edticas.<\/p>\n\n\n\n<p>Dijo que mientras que la participaci\u00f3n en la educaci\u00f3n, el 79 % son maestras, solo el 13.3 % es dirigido por hombres, entonces por qu\u00e9 ese 13.3 %, que es menor que la mujer, puede tener mayor capacidad para dirigir que las f\u00e9minas?, &nbsp;es una pregunta que nadie sabe responder.<\/p>\n\n\n\n<p>Mientras que la maestra Alc\u00e1ntara Pi\u00f1a, destac\u00f3 el papel importante que la mujer ha venido desarrollando en algunas instancias de la educaci\u00f3n.<\/p>\n\n\n\n<p>Se\u00f1al\u00f3 que se pueden citar algunas, como: Salome Ure\u00f1a, Ligia Amada Melo, Josefina Pimentel. Ana Dolores Contreras, Juana&nbsp;Encarnaci\u00f3n, Alejandrina Germ\u00e1n, Elida Doralinda Jim\u00e9nez, Carmen Evarista Mat\u00edas, Lesly Mej\u00eda, Clara Joa, Cristina Sena, B\u00e9lgica Ram\u00edrez, Ana Ester Garc\u00eda, entre otras.&nbsp;<\/p>\n\n\n\n<p>Propuso que la mujer debe revisarse para identificar el problema que es como mujer, por no permitirle participaci\u00f3n en la sociedad, mirar la educaci\u00f3n con ojos de igualdad, sensibilizar en torno a las desigualdades y procesar el desarrollo humanos personal y social.<\/p>\n\n\n\n<p>En el panel estuvieron presentes los maestros, Carmen S\u00e1nchez, Confesor la Paix, Mar\u00eda Teresa Cabrera, Teresa Peralta, Rosa Liriano, Glovis Reyes Agl\u00f3n y Carla Santiago.<\/p>\n\n\n\n<p><\/p>\n","protected":false},"excerpt":{"rendered":"<p>\u00a0La directora de la Escuela de Orientaci\u00f3n Educativa y Psicopedagog\u00eda, maestra Altagracia Abr\u00e9u, junto a las panelistas \u00a0\u00a0Carmen Cristina de Aza y Rossely Alc\u00e1ntara Pi\u00f1a La Facultad de Ciencias de la Educaci\u00f3n (FCE), de la Universidad Aut\u00f3noma de Santo Domingo (UASD), organiz\u00f3 el panel \u201cMujer, Educaci\u00f3n y Psicopedagog\u00eda\u201d, a cargo de las maestras de Orientaci\u00f3n [&hellip;]<\/p>\n","protected":false},"author":28,"featured_media":0,"comment_status":"closed","ping_status":"","sticky":false,"template":"","format":"standard","meta":{"footnotes":""},"categories":[36,20],"tags":[],"class_list":["post-515879","post","type-post","status-publish","format-standard","hentry","category-hombresmujeresycosas","category-dominicana-hoy"],"_links":{"self":[{"href":"https:\/\/diariodominicano.com\/index.php?rest_route=\/wp\/v2\/posts\/515879","targetHints":{"allow":["GET"]}}],"collection":[{"href":"https:\/\/diariodominicano.com\/index.php?rest_route=\/wp\/v2\/posts"}],"about":[{"href":"https:\/\/diariodominicano.com\/index.php?rest_route=\/wp\/v2\/types\/post"}],"author":[{"embeddable":true,"href":"https:\/\/diariodominicano.com\/index.php?rest_route=\/wp\/v2\/users\/28"}],"replies":[{"embeddable":true,"href":"https:\/\/diariodominicano.com\/index.php?rest_route=%2Fwp%2Fv2%2Fcomments&post=515879"}],"version-history":[{"count":3,"href":"https:\/\/diariodominicano.com\/index.php?rest_route=\/wp\/v2\/posts\/515879\/revisions"}],"predecessor-version":[{"id":515882,"href":"https:\/\/diariodominicano.com\/index.php?rest_route=\/wp\/v2\/posts\/515879\/revisions\/515882"}],"wp:attachment":[{"href":"https:\/\/diariodominicano.com\/index.php?rest_route=%2Fwp%2Fv2%2Fmedia&parent=515879"}],"wp:term":[{"taxonomy":"category","embeddable":true,"href":"https:\/\/diariodominicano.com\/index.php?rest_route=%2Fwp%2Fv2%2Fcategories&post=515879"},{"taxonomy":"post_tag","embeddable":true,"href":"https:\/\/diariodominicano.com\/index.php?rest_route=%2Fwp%2Fv2%2Ftags&post=515879"}],"curies":[{"name":"wp","href":"https:\/\/api.w.org\/{rel}","templated":true}]}}