{"id":51585,"date":"2020-07-19T00:04:01","date_gmt":"2020-07-19T00:04:01","guid":{"rendered":"http:\/\/diariodominicano.ddns.net\/?p=51585"},"modified":"2020-07-19T00:04:01","modified_gmt":"2020-07-19T00:04:01","slug":"ministerio-de-cultura-anuncia-ganadores-de-los-premios-anuales-de-literatura-2020","status":"publish","type":"post","link":"https:\/\/diariodominicano.com\/?p=51585","title":{"rendered":"Ministerio de Cultura anuncia ganadores de los Premios Anuales de Literatura 2020"},"content":{"rendered":"<p><body><\/p>\n<p><img decoding=\"async\" src=\"img3\/Ruth1800.jpg\" \/><br \/><img decoding=\"async\" src=\"img3\/notario1801.jpg\" \/>  <\/p>\n<p><strong>Diariodominicano.com<\/strong><\/p>\n<p><strong>Ministerio de Cultura anuncia ganadores de los Premios Anuales de Literatura 2020<\/strong><\/p>\n<p><strong>Los premios ser\u00e1n entregados el pr\u00f3ximo mi\u00e9rcoles 22 de julio en un acto que ser\u00e1 encabezado por el ministro de Cultura, Eduardo Selman.<\/strong><\/p>\n<\/p>\n<p><strong>Santo Domingo.-<\/strong> El Ministerio de Cultura anunci\u00f3 los ganadores de los Premios Anuales de Literatura 2020.<\/p>\n<\/p>\n<p>La apertura de los sobres conteniendo los veredictos fue realizada el viernes en las oficinas de la Direcci\u00f3n General del Libro y la Lectura, por Ruth Herrera, su titular, y C\u00e9sar Zapata, director de Gesti\u00f3n Literaria; en presencia del notario p\u00fablico Nelson Mont\u00e1s, quien certific\u00f3 los dict\u00e1menes.<\/p>\n<\/p>\n<p>Herrera salud\u00f3 la cantidad de obras recibidas, aun en medio de las dificultades ocasionadas a la vida cotidiana por la pandemia del Covid-19, y destac\u00f3 la calidad y excelencia de las obras premiadas, como ha podido aquilatar a partir de las valoraciones emitidas por los respectivos jurados.<\/p>\n<\/p>\n<p>\u00abHa sido un certamen digno y fruct\u00edfero en medio de un a\u00f1o accidentado y atribulado. La literatura se alza airosa y prometedora con todo y a pesar de la crisis\u00bb, expres\u00f3.<\/p>\n<\/p>\n<p>Del mismo modo, Cultura anunci\u00f3 que en un acto que estar\u00e1 encabezado por el ministro Eduardo Selman, se entregar\u00e1n los diplomas de honor y la dotaci\u00f3n de los premios en met\u00e1lico, consistente en doscientos mil pesos para cada ganador. La ceremonia se realizar\u00e1 el mi\u00e9rcoles 22 de julio, en hora del mediod\u00eda, en el lobby de la sede. Esta edici\u00f3n del a\u00f1o 2020 correspondi\u00f3 a obras publicadas.<\/p>\n<\/p>\n<p><strong> <\/strong><\/p>\n<p><strong>Ganadores<\/strong><\/p>\n<\/p>\n<p>El Premio Anual de Poes\u00eda Salom\u00e9 Ure\u00f1a de Henr\u00edquez lo obtuvo Daniel Beltr\u00e9 L\u00f3pez, por su texto titulado No es un soplo la vida. <\/p>\n<\/p>\n<p>De acuerdo al veredicto, la obra se caracteriza por \u00abun sostenido lirismo expresado por un lenguaje limpio y transparente, im\u00e1genes frescas y hallazgos significativos, y un decir digno de nuestro tiempo hacen a esta obra merecedora del galard\u00f3n\u00bb.<\/p>\n<\/p>\n<p>Los jurados fueron los escritores y poetas: Manuel Llibre Otero, C\u00e9sar S\u00e1nchez Beras y Radham\u00e9s Reyes V\u00e1squez.<\/p>\n<\/p>\n<p>El Premio Anual de Cuento Jos\u00e9 Ram\u00f3n L\u00f3pez recay\u00f3 en Jos\u00e9 Mart\u00edn Paulino, por su libro Antes de que la casa se derrumbe.<\/p>\n<\/p>\n<p>El veredicto establece que la obra se trata de \u00abun conjunto de cuentos que obedecen con rigor a la ortodoxia del g\u00e9nero. Cuenta historias realistas, en las que traza caricaturas o retratos desdibujados de la realidad social dominicana, y suma una prosa di\u00e1fana, capaz de provocar en el lector el necesario disfrute\u00bb.<\/p>\n<\/p>\n<p>Los jurados fueron los escritores y profesores: Rafael Peralta Romero, Aquiles Juli\u00e1n y Emelda Ramos.<\/p>\n<\/p>\n<p>El Premio Anual de Novela Manuel de Jes\u00fas Galv\u00e1n, lo obtuvo Franklin Guti\u00e9rrez, por su obra El rostro sombr\u00edo del sue\u00f1o americano.<\/p>\n<\/p>\n<p>De conformidad con el veredicto, \u00abla maestr\u00eda del escritor galardonado se revela en su versatilidad narrativa, a trav\u00e9s de la que desenvuelve su imaginario caribe\u00f1o. El meollo narrativo se ajusta muy bien entre la arritmia social de un ambiente decadente. Guti\u00e9rrez explora en su novela los m\u00faltiples sentidos y avatares de la emigraci\u00f3n dominicana y otorga a la narrativa nacional un texto polis\u00e9mico, pleno de ritmos, de continuos y una fluidez que prosigue una saga narratol\u00f3gica como nuestra emigraci\u00f3n, enriqueci\u00e9ndola y abri\u00e9ndole amplios espacios para su ontologizaci\u00f3n. Esta formidable novela nos indica impl\u00edcita o expl\u00edcitamente que todo desarrollo social y personal tiene que ser moral y de carga humana,  o de lo contrario, jam\u00e1s ser\u00e1\u00bb.<\/p>\n<\/p>\n<p>Los jurados fueron los escritores y acad\u00e9micos: Mar\u00eda Virtudes N\u00fa\u00f1ez Fidalgo, Justiniano Est\u00e9vez Aristy y Efra\u00edm Castillo.<\/p>\n<\/p>\n<p>En tanto que el Premio Anual de Ensayo Pedro Henr\u00edquez Ure\u00f1a fue otorgado a Fernando Ferr\u00e1n Bru, por su volumen Los herederos. ADN cultural del dominicano.<\/p>\n<\/p>\n<p>De acuerdo al veredicto, se trata de un: \u00abatrevido ensayo acerca de la dominicanidad que oscila entre la filosof\u00eda, la antropolog\u00eda, la historia, la sociolog\u00eda y la pol\u00edtica. Su rigor acad\u00e9mico, coherencia textual y dominio epistemol\u00f3gico, junto a la base bibliogr\u00e1fica, lo hacen grande en su esfuerzo y prop\u00f3sitos. Reflexiones, exploraciones en el texto de inferencias posibles en la construcci\u00f3n del ser nacional, producen el marco de la libertad creativa lograda por la obra; vers\u00e1til en sus propuestas, desafiante en la configuraci\u00f3n de su tesis acerca de las ra\u00edces otras responsables de la construcci\u00f3n de dominicanidad alrededor del tabaco, lo cual rompe el marco tradicional, interpretativo, de la identidad dominicana, y es ese su gran aporte\u00bb.<\/p>\n<\/p>\n<p>En esta categor\u00eda, los jurados fueron los intelectuales, especialistas en ciencias humanas y sociales: Rafael Jarvis Luis, Carlos And\u00fajar Persinal y Pedro Carreras Aguilera.<\/p>\n<\/p>\n<p>Por \u00faltimo, el Premio Anual de Literatura Infantil y Juvenil Aurora Tav\u00e1rez Belliard se lo llev\u00f3 Geraldine de Santis, por su obra Dominicanas fuera de serie. +150 mujeres que transformaron la Rep\u00fablica Dominicana<\/p>\n<\/p>\n<p>El veredicto establece que: \u00abesta obra es producto de una exhaustiva selecci\u00f3n, ponderaci\u00f3n e investigaci\u00f3n de descollantes figuras femeninas, y se convierte en instrumento para apoyar el desarrollo de la literatura dominicana especializada. Utiliza un lenguaje sencillo y coloquial que apunta a un acercamiento con el p\u00fablico preadolescente y adolescente. El recurso biogr\u00e1fico se reivindica en esta obra. Las rese\u00f1as presentadas abarcan una amplia gama de personalidades en los m\u00e1s diversos quehaceres, vocaciones y oficios, que quedan como referencias. El libro es, por tanto, un legado de valores did\u00e1cticos y \u00e9ticos que universalizan a las mujeres dominicanas emblem\u00e1ticas\u00bb.<\/p>\n<\/p>\n<p>Los jurados en este rengl\u00f3n fueron los creadores y promotores de lectura y de Literatura infantil: Leibi Ng, Elizabeth Balaguer y Yuan Fuei Liao.<\/p>\n<\/p>\n<p> El rengl\u00f3n de Teatro no cont\u00f3 con participaci\u00f3n de obras publicadas.<\/p>\n<\/p>\n<p>Direcci\u00f3n de Comunicaciones<\/p>\n<p>Ministerio de Cultura de la Rep\u00fablica Dominicana<\/p>\n<h6> 2020-07-19 00:04:01 <\/h6>\n<p><!--\n<link rel=\"stylesheet\" href=\"css\/bootstrap.min.css\">\n\n\n<ul class=\"pagination\">\n\t    \n\t\n\n<li >\n\t<a href='?page_no=400'>Previous<\/a>\n\t<\/li>\n\n\n       \n    \n\n<li><a href='?page_no=1'>1<\/a><\/li>\n\n\n\n<li><a href='?page_no=2'>2<\/a><\/li>\n\n\n\n<li><a>...<\/a><\/li>\n\n\n\n<li><a href='?page_no=399'>399<\/a><\/li>\n\n\n\n<li><a href='?page_no=400'>400<\/a><\/li>\n\n\n\n<li class='active'><a>401<\/a><\/li>\n\n\n\n<li><a href='?page_no=402'>402<\/a><\/li>\n\n\n\n<li><a href='?page_no=403'>403<\/a><\/li>\n\n\n\n<li><a>...<\/a><\/li>\n\n\n\n<li><a href='?page_no=22911'>22911<\/a><\/li>\n\n\n\n<li><a href='?page_no=22912'>22912<\/a><\/li>\n\n    \n\t\n\n<li >\n\t<a href='?page_no=402'>Next<\/a>\n\t<\/li>\n\n\n    \n\n<li><a href='?page_no=22912'>Last &rsaquo;&rsaquo;<\/a><\/li>\n\n<\/ul>\n\n\n--><br \/>\n<\/body><\/p>\n","protected":false},"excerpt":{"rendered":"<p>Diariodominicano.com Ministerio de Cultura anuncia ganadores de los Premios Anuales de Literatura 2020 Los premios ser\u00e1n entregados el pr\u00f3ximo mi\u00e9rcoles 22 de julio en un acto que ser\u00e1 encabezado por el ministro de Cultura, Eduardo Selman. Santo Domingo.- El Ministerio de Cultura anunci\u00f3 los ganadores de los Premios Anuales de Literatura 2020. La apertura de [&hellip;]<\/p>\n","protected":false},"author":3,"featured_media":0,"comment_status":"open","ping_status":"open","sticky":false,"template":"","format":"standard","meta":{"footnotes":""},"categories":[21],"tags":[],"class_list":["post-51585","post","type-post","status-publish","format-standard","hentry","category-cultura"],"_links":{"self":[{"href":"https:\/\/diariodominicano.com\/index.php?rest_route=\/wp\/v2\/posts\/51585","targetHints":{"allow":["GET"]}}],"collection":[{"href":"https:\/\/diariodominicano.com\/index.php?rest_route=\/wp\/v2\/posts"}],"about":[{"href":"https:\/\/diariodominicano.com\/index.php?rest_route=\/wp\/v2\/types\/post"}],"author":[{"embeddable":true,"href":"https:\/\/diariodominicano.com\/index.php?rest_route=\/wp\/v2\/users\/3"}],"replies":[{"embeddable":true,"href":"https:\/\/diariodominicano.com\/index.php?rest_route=%2Fwp%2Fv2%2Fcomments&post=51585"}],"version-history":[{"count":0,"href":"https:\/\/diariodominicano.com\/index.php?rest_route=\/wp\/v2\/posts\/51585\/revisions"}],"wp:attachment":[{"href":"https:\/\/diariodominicano.com\/index.php?rest_route=%2Fwp%2Fv2%2Fmedia&parent=51585"}],"wp:term":[{"taxonomy":"category","embeddable":true,"href":"https:\/\/diariodominicano.com\/index.php?rest_route=%2Fwp%2Fv2%2Fcategories&post=51585"},{"taxonomy":"post_tag","embeddable":true,"href":"https:\/\/diariodominicano.com\/index.php?rest_route=%2Fwp%2Fv2%2Ftags&post=51585"}],"curies":[{"name":"wp","href":"https:\/\/api.w.org\/{rel}","templated":true}]}}