{"id":515848,"date":"2024-03-15T22:15:15","date_gmt":"2024-03-16T02:15:15","guid":{"rendered":"https:\/\/diariodominicano.com\/?p=515848"},"modified":"2024-03-15T22:21:55","modified_gmt":"2024-03-16T02:21:55","slug":"unphu-y-fudci-colaboran-para-promover-la-inclusion-de-personas-con-discapacidad-visual","status":"publish","type":"post","link":"https:\/\/diariodominicano.com\/?p=515848","title":{"rendered":"UNPHU y FUDCI colaboran para promover la inclusi\u00f3n de personas con discapacidad visual"},"content":{"rendered":"\n<p>Arq. Miguel Fiallo Calder\u00f3n, rector de la UNPHU, Profesor, Lino Rafael Delgado Marte, junto a representantes de la FUDCI<\/p>\n\n\n\n<figure class=\"wp-block-image size-large\"><img loading=\"lazy\" decoding=\"async\" width=\"1024\" height=\"575\" src=\"https:\/\/diariodominicano.com\/wp-content\/uploads\/2024\/03\/2.-Arq.-Miguel-Fiallo-Calderon-rector-de-la-UNPHU-y-el-Profesor-Lino-Rafael-Delgado-Marte-representante-de-la-FUDCI-1-1024x575.jpeg\" alt=\"\" class=\"wp-image-515852\" srcset=\"https:\/\/diariodominicano.com\/wp-content\/uploads\/2024\/03\/2.-Arq.-Miguel-Fiallo-Calderon-rector-de-la-UNPHU-y-el-Profesor-Lino-Rafael-Delgado-Marte-representante-de-la-FUDCI-1-1024x575.jpeg 1024w, https:\/\/diariodominicano.com\/wp-content\/uploads\/2024\/03\/2.-Arq.-Miguel-Fiallo-Calderon-rector-de-la-UNPHU-y-el-Profesor-Lino-Rafael-Delgado-Marte-representante-de-la-FUDCI-1-300x169.jpeg 300w, https:\/\/diariodominicano.com\/wp-content\/uploads\/2024\/03\/2.-Arq.-Miguel-Fiallo-Calderon-rector-de-la-UNPHU-y-el-Profesor-Lino-Rafael-Delgado-Marte-representante-de-la-FUDCI-1-768x432.jpeg 768w, https:\/\/diariodominicano.com\/wp-content\/uploads\/2024\/03\/2.-Arq.-Miguel-Fiallo-Calderon-rector-de-la-UNPHU-y-el-Profesor-Lino-Rafael-Delgado-Marte-representante-de-la-FUDCI-1-1536x863.jpeg 1536w, https:\/\/diariodominicano.com\/wp-content\/uploads\/2024\/03\/2.-Arq.-Miguel-Fiallo-Calderon-rector-de-la-UNPHU-y-el-Profesor-Lino-Rafael-Delgado-Marte-representante-de-la-FUDCI-1-816x458.jpeg 816w, https:\/\/diariodominicano.com\/wp-content\/uploads\/2024\/03\/2.-Arq.-Miguel-Fiallo-Calderon-rector-de-la-UNPHU-y-el-Profesor-Lino-Rafael-Delgado-Marte-representante-de-la-FUDCI-1.jpeg 1600w\" sizes=\"auto, (max-width: 1024px) 100vw, 1024px\" \/><\/figure>\n\n\n\n<p><strong>Arq. Miguel Fiallo Calder\u00f3n, rector de la UNPHU y el Profesor, Lino Rafael Delgado Marte, representante de la FUDCI<\/strong><\/p>\n\n\n\n<p>Diariodominicano.com<\/p>\n\n\n\n<p><strong>Santo Domingo, RD.<\/strong>&#8211; La Universidad Nacional Pedro Henr\u00edquez Ure\u00f1a (UNPHU), y la Fundaci\u00f3n\u00a0\u00a0 Dominicana De Ciegos (FUDCI), firmaron un acuerdo de colaboraci\u00f3n institucional, que tiene por finalidad promover la inclusi\u00f3n y mejorar el acceso a la educaci\u00f3n para personas con discapacidad visual en la Rep\u00fablica Dominicana.<\/p>\n\n\n\n<p>La uni\u00f3n entre ambas instituciones tiene como objetivo principal implementar iniciativas que permitir\u00e1n el acceso equitativo a la educaci\u00f3n superior y la promoci\u00f3n de la inclusi\u00f3n de las personas con discapacidad visual en todos los \u00e1mbitos de la vida universitaria.<\/p>\n\n\n\n<figure class=\"wp-block-image size-large\"><img loading=\"lazy\" decoding=\"async\" width=\"1024\" height=\"576\" src=\"https:\/\/diariodominicano.com\/wp-content\/uploads\/2024\/03\/3.-Arq.-Miguel-Fiallo-Calderon-rector-de-la-UNPHU-y-el-Profesor-Lino-Rafael-Delgado-Marte-representante-de-la-FUDCI-1024x576.jpg\" alt=\"\" class=\"wp-image-515854\" srcset=\"https:\/\/diariodominicano.com\/wp-content\/uploads\/2024\/03\/3.-Arq.-Miguel-Fiallo-Calderon-rector-de-la-UNPHU-y-el-Profesor-Lino-Rafael-Delgado-Marte-representante-de-la-FUDCI-1024x576.jpg 1024w, https:\/\/diariodominicano.com\/wp-content\/uploads\/2024\/03\/3.-Arq.-Miguel-Fiallo-Calderon-rector-de-la-UNPHU-y-el-Profesor-Lino-Rafael-Delgado-Marte-representante-de-la-FUDCI-300x169.jpg 300w, https:\/\/diariodominicano.com\/wp-content\/uploads\/2024\/03\/3.-Arq.-Miguel-Fiallo-Calderon-rector-de-la-UNPHU-y-el-Profesor-Lino-Rafael-Delgado-Marte-representante-de-la-FUDCI-768x432.jpg 768w, https:\/\/diariodominicano.com\/wp-content\/uploads\/2024\/03\/3.-Arq.-Miguel-Fiallo-Calderon-rector-de-la-UNPHU-y-el-Profesor-Lino-Rafael-Delgado-Marte-representante-de-la-FUDCI-1536x864.jpg 1536w, https:\/\/diariodominicano.com\/wp-content\/uploads\/2024\/03\/3.-Arq.-Miguel-Fiallo-Calderon-rector-de-la-UNPHU-y-el-Profesor-Lino-Rafael-Delgado-Marte-representante-de-la-FUDCI-2048x1152.jpg 2048w, https:\/\/diariodominicano.com\/wp-content\/uploads\/2024\/03\/3.-Arq.-Miguel-Fiallo-Calderon-rector-de-la-UNPHU-y-el-Profesor-Lino-Rafael-Delgado-Marte-representante-de-la-FUDCI-816x459.jpg 816w\" sizes=\"auto, (max-width: 1024px) 100vw, 1024px\" \/><\/figure>\n\n\n\n<p><strong>Arq. Miguel Fiallo Calder\u00f3n, rector de la UNPHU y el Profesor, Lino Rafael Delgado Marte, representante de la FUDCI<\/strong><\/p>\n\n\n\n<p>Para la efectividad del mismo se estar\u00e1n implementando en conjunto, talleres, y charlas de sensibilizaci\u00f3n y capacitaci\u00f3n sobre discapacidad; se crear\u00e1n \u00e1reas de pasant\u00eda, as\u00ed como se fomentar\u00e1 la inserci\u00f3n laboral de las personas con este tipo de discapacidad. Finalmente, se comprometieron a crear y ejecutar propuestas que sean beneficiosas para el colectivo de personas con discapacidad a nivel nacional.\u00a0<\/p>\n\n\n\n<p>Ambas instituciones realizar\u00e1n seguimiento del desarrollo acad\u00e9mico y el proceso de integraci\u00f3n de los participantes con discapacidad visual provenientes del Proyecto \u00c1GORA\/FUDCI, para su formaci\u00f3n e inserci\u00f3n laboral.<\/p>\n\n\n\n<p>Todas estas acciones se ejecutar\u00e1n a trav\u00e9s del Proyecto \u00c1GORA\/ Programa para la Inclusi\u00f3n Laboral de Personas con Discapacidad Visual que es efectuado por el FUDCI.<\/p>\n\n\n\n<p>La r\u00fabrica se llev\u00f3 a cabo el 14 de marzo de 2024, en la rector\u00eda de la universidad, entre el Arq. Miguel Fiallo Calder\u00f3n, rector de la UNPHU y el Profesor, Lino Rafael Delgado Marte, representante de la FUDCI.<\/p>\n\n\n\n<p><strong>Sobre el Programa \u00c1gora Dominicana<\/strong><\/p>\n\n\n\n<p>Tiene como objetivo principal Incrementar los niveles de empleabilidad de las personas ciegas y deficientes visuales por medio de la orientaci\u00f3n, capacitaci\u00f3n e inserci\u00f3n laboral, as\u00ed como el asesoramiento dirigido a la creaci\u00f3n de microemprendimientos, prestando a los beneficiarios orientaci\u00f3n profesional, mejorando su empleabilidad con la celebraci\u00f3n de talleres de sensibilizaci\u00f3n, habilidades sociolaborales, formaci\u00f3n ocupacional e intermediaci\u00f3n laboral.<\/p>\n\n\n\n<p><strong>Sobre la UNPHU<\/strong><\/p>\n\n\n\n<p>Con 57 a\u00f1os de fundada, cuenta con una amplia oferta acad\u00e9mica de grado, postgrado y educaci\u00f3n continuada, con una visi\u00f3n de excelencia acad\u00e9mica, innovaci\u00f3n e investigaci\u00f3n, apegada al desarrollo sostenible y la preservaci\u00f3n del medio ambiente.<\/p>\n\n\n\n<p><strong>Sobre la FUDCI<\/strong><\/p>\n\n\n\n<p>Es una Organizaci\u00f3n No Gubernamental (ONG) sin fines de lucro, incorporada por l decreto del Poder Ejecutivo No. 2407, del 5 de octubre del a\u00f1o 1984. Es una organizaci\u00f3n dedicada a promover la inclusi\u00f3n, el desarrollo integral y la defensa de los derechos de las personas con discapacidad visual en la Rep\u00fablica Dominicana. Trabaja en colaboraci\u00f3n con instituciones p\u00fablicas y privadas para garantizar el pleno ejercicio de los derechos de este grupo de poblaci\u00f3n.<\/p>\n\n\n\n<p>Yajaira Soriano Victoriano<\/p>\n\n\n\n<p><a href=\"mailto:ysoriano@unphu.edu.do\" target=\"_blank\" rel=\"noreferrer noopener\">ysoriano@unphu.edu.do<\/a><\/p>\n\n\n\n<p><\/p>\n","protected":false},"excerpt":{"rendered":"<p>Arq. Miguel Fiallo Calder\u00f3n, rector de la UNPHU, Profesor, Lino Rafael Delgado Marte, junto a representantes de la FUDCI Arq. Miguel Fiallo Calder\u00f3n, rector de la UNPHU y el Profesor, Lino Rafael Delgado Marte, representante de la FUDCI Diariodominicano.com Santo Domingo, RD.&#8211; La Universidad Nacional Pedro Henr\u00edquez Ure\u00f1a (UNPHU), y la Fundaci\u00f3n\u00a0\u00a0 Dominicana De Ciegos [&hellip;]<\/p>\n","protected":false},"author":28,"featured_media":515849,"comment_status":"closed","ping_status":"","sticky":true,"template":"","format":"standard","meta":{"footnotes":""},"categories":[36,20],"tags":[],"class_list":["post-515848","post","type-post","status-publish","format-standard","has-post-thumbnail","hentry","category-hombresmujeresycosas","category-dominicana-hoy"],"_links":{"self":[{"href":"https:\/\/diariodominicano.com\/index.php?rest_route=\/wp\/v2\/posts\/515848","targetHints":{"allow":["GET"]}}],"collection":[{"href":"https:\/\/diariodominicano.com\/index.php?rest_route=\/wp\/v2\/posts"}],"about":[{"href":"https:\/\/diariodominicano.com\/index.php?rest_route=\/wp\/v2\/types\/post"}],"author":[{"embeddable":true,"href":"https:\/\/diariodominicano.com\/index.php?rest_route=\/wp\/v2\/users\/28"}],"replies":[{"embeddable":true,"href":"https:\/\/diariodominicano.com\/index.php?rest_route=%2Fwp%2Fv2%2Fcomments&post=515848"}],"version-history":[{"count":4,"href":"https:\/\/diariodominicano.com\/index.php?rest_route=\/wp\/v2\/posts\/515848\/revisions"}],"predecessor-version":[{"id":515855,"href":"https:\/\/diariodominicano.com\/index.php?rest_route=\/wp\/v2\/posts\/515848\/revisions\/515855"}],"wp:featuredmedia":[{"embeddable":true,"href":"https:\/\/diariodominicano.com\/index.php?rest_route=\/wp\/v2\/media\/515849"}],"wp:attachment":[{"href":"https:\/\/diariodominicano.com\/index.php?rest_route=%2Fwp%2Fv2%2Fmedia&parent=515848"}],"wp:term":[{"taxonomy":"category","embeddable":true,"href":"https:\/\/diariodominicano.com\/index.php?rest_route=%2Fwp%2Fv2%2Fcategories&post=515848"},{"taxonomy":"post_tag","embeddable":true,"href":"https:\/\/diariodominicano.com\/index.php?rest_route=%2Fwp%2Fv2%2Ftags&post=515848"}],"curies":[{"name":"wp","href":"https:\/\/api.w.org\/{rel}","templated":true}]}}