{"id":515785,"date":"2024-03-15T15:29:57","date_gmt":"2024-03-15T19:29:57","guid":{"rendered":"https:\/\/diariodominicano.com\/?p=515785"},"modified":"2024-03-15T16:09:46","modified_gmt":"2024-03-15T20:09:46","slug":"alcaldia-del-dn-invita-a-conmemorar-el-dia-internacional-de-la-mujer-con-recorrido-por-la-ruta-de-las-sufragistas-este-sabado","status":"publish","type":"post","link":"https:\/\/diariodominicano.com\/?p=515785","title":{"rendered":"Alcald\u00eda del DN invita a conmemorar el D\u00eda Internacional de la Mujer con recorrido por la ruta de las sufragistas este s\u00e1bado\u00a0"},"content":{"rendered":"\n<p>Santo Domingo D.N. &#8211; El pr\u00f3ximo s\u00e1bado 16, la Alcald\u00eda del Distrito Nacional invita a la ciudadan\u00eda a un recorrido por la \u201cruta de las sufragistas\u201d, en conmemoraci\u00f3n del D\u00eda Internacional de la Mujer. Este evento, organizado por la Direcci\u00f3n de Patrimonio Cultural, tiene como objetivo honrar la memoria y las contribuciones de aquellas mujeres pioneras en la lucha por el derecho al voto.<\/p>\n\n\n\n<figure class=\"wp-block-image size-full\"><img loading=\"lazy\" decoding=\"async\" width=\"728\" height=\"939\" src=\"https:\/\/diariodominicano.com\/wp-content\/uploads\/2024\/03\/WhatsApp-Image-2024-03-14-at-3.13.59-PM.jpeg\" alt=\"\" class=\"wp-image-515788\" srcset=\"https:\/\/diariodominicano.com\/wp-content\/uploads\/2024\/03\/WhatsApp-Image-2024-03-14-at-3.13.59-PM.jpeg 728w, https:\/\/diariodominicano.com\/wp-content\/uploads\/2024\/03\/WhatsApp-Image-2024-03-14-at-3.13.59-PM-233x300.jpeg 233w\" sizes=\"auto, (max-width: 728px) 100vw, 728px\" \/><\/figure>\n\n\n\n<p>El punto de encuentro ser\u00e1 el Parque Col\u00f3n, ubicado en la Calle Arzobispo Meri\u00f1o esquina con C. El Conde, en la Ciudad Colonial, a las 9:00 am. Desde este lugar, los participantes iniciar\u00e1n un viaje en el tiempo guiado por el historiador y coordinador de historia y turismo del cabildo, Kim S\u00e1nchez, y la reconocida escritora e investigadora de g\u00e9nero, Ylonka Nacidit.<\/p>\n\n\n\n<p>Durante el recorrido, se compartir\u00e1 la historia de las sufragistas, destacando sus haza\u00f1as, luchas, vidas y trayectorias. Se busca que tanto la ciudadan\u00eda en general como, especialmente, las mujeres, conozcan el proceso hist\u00f3rico que condujo a la conquista del derecho al voto, as\u00ed como los hitos fundamentales en el inicio de su empoderamiento, especialmente durante la d\u00e9cada de los 40 del siglo XX.<\/p>\n\n\n\n<p>Este evento promueve la difusi\u00f3n y divulgaci\u00f3n de las acciones llevadas a cabo por las sufragistas, sentando las bases para la construcci\u00f3n de una democracia constitucional, participativa, igualitaria y equitativa en el siglo XXI.<\/p>\n\n\n\n<p>La Alcald\u00eda del Distrito Nacional invita a toda la comunidad a participar en este significativo evento, que rinde homenaje a la lucha hist\u00f3rica de las mujeres por la igualdad y la justicia.<\/p>\n\n\n\n<p>Comunicaciones ADN<\/p>\n\n\n\n<p><a target=\"_blank\" href=\"mailto:Comunicaciones.ADN@adn.gob.do\" rel=\"noreferrer noopener\">Comunicaciones.ADN@adn.gob.do<\/a><\/p>\n\n\n\n<p><strong>Direccion de Comunicaciones<\/strong><\/p>\n\n\n\n<p><strong>Jueves 14 de marzo 2024&nbsp;<\/strong><\/p>\n\n\n\n<p>&#8230;<\/p>\n","protected":false},"excerpt":{"rendered":"<p>Santo Domingo D.N. &#8211; El pr\u00f3ximo s\u00e1bado 16, la Alcald\u00eda del Distrito Nacional invita a la ciudadan\u00eda a un recorrido por la \u201cruta de las sufragistas\u201d, en conmemoraci\u00f3n del D\u00eda Internacional de la Mujer. Este evento, organizado por la Direcci\u00f3n de Patrimonio Cultural, tiene como objetivo honrar la memoria y las contribuciones de aquellas mujeres [&hellip;]<\/p>\n","protected":false},"author":28,"featured_media":515786,"comment_status":"closed","ping_status":"","sticky":true,"template":"","format":"standard","meta":{"footnotes":""},"categories":[36,20,27],"tags":[],"class_list":["post-515785","post","type-post","status-publish","format-standard","has-post-thumbnail","hentry","category-hombresmujeresycosas","category-dominicana-hoy","category-portada"],"_links":{"self":[{"href":"https:\/\/diariodominicano.com\/index.php?rest_route=\/wp\/v2\/posts\/515785","targetHints":{"allow":["GET"]}}],"collection":[{"href":"https:\/\/diariodominicano.com\/index.php?rest_route=\/wp\/v2\/posts"}],"about":[{"href":"https:\/\/diariodominicano.com\/index.php?rest_route=\/wp\/v2\/types\/post"}],"author":[{"embeddable":true,"href":"https:\/\/diariodominicano.com\/index.php?rest_route=\/wp\/v2\/users\/28"}],"replies":[{"embeddable":true,"href":"https:\/\/diariodominicano.com\/index.php?rest_route=%2Fwp%2Fv2%2Fcomments&post=515785"}],"version-history":[{"count":2,"href":"https:\/\/diariodominicano.com\/index.php?rest_route=\/wp\/v2\/posts\/515785\/revisions"}],"predecessor-version":[{"id":515789,"href":"https:\/\/diariodominicano.com\/index.php?rest_route=\/wp\/v2\/posts\/515785\/revisions\/515789"}],"wp:featuredmedia":[{"embeddable":true,"href":"https:\/\/diariodominicano.com\/index.php?rest_route=\/wp\/v2\/media\/515786"}],"wp:attachment":[{"href":"https:\/\/diariodominicano.com\/index.php?rest_route=%2Fwp%2Fv2%2Fmedia&parent=515785"}],"wp:term":[{"taxonomy":"category","embeddable":true,"href":"https:\/\/diariodominicano.com\/index.php?rest_route=%2Fwp%2Fv2%2Fcategories&post=515785"},{"taxonomy":"post_tag","embeddable":true,"href":"https:\/\/diariodominicano.com\/index.php?rest_route=%2Fwp%2Fv2%2Ftags&post=515785"}],"curies":[{"name":"wp","href":"https:\/\/api.w.org\/{rel}","templated":true}]}}