{"id":515783,"date":"2024-03-15T15:41:31","date_gmt":"2024-03-15T19:41:31","guid":{"rendered":"https:\/\/diariodominicano.com\/?p=515783"},"modified":"2024-03-15T16:07:10","modified_gmt":"2024-03-15T20:07:10","slug":"presidente-abinader-asiste-inauguracion-hispaniola-industrial-free-zone-park-y-deja-iniciada-construccion-de-centro-logistico-se-crearan-15000-nuevos-empleos","status":"publish","type":"post","link":"https:\/\/diariodominicano.com\/?p=515783","title":{"rendered":"Presidente Abinader asiste inauguraci\u00f3n Hispaniola Industrial Free Zone Park y deja iniciada construcci\u00f3n de centro log\u00edstico; se crear\u00e1n 15,000  empleos"},"content":{"rendered":"\n<p>diariodominicano.com<\/p>\n\n\n\n<p>Santo Domingo, R. D.,\u200215 de marzo, 2024.-\u00a0<strong>El presidente Luis Abinader<\/strong>\u00a0inaugur\u00f3 este viernes el\u00a0<strong>Hispaniola Industrial Free Zone Park\u00a0<\/strong>y dej\u00f3 iniciados los trabajos de construcci\u00f3n del\u00a0<strong>Centro Log\u00edstico Hispaniola,\u00a0<\/strong>en el municipio  San Antonio de Guerra, con una inversi\u00f3n estimada de\u00a0<strong>RD 2,400 millones<\/strong>\u00a0que contribuir\u00e1 a crear\u00a0<strong>15,000 empleos<\/strong>.<\/p>\n\n\n\n<p><strong>La Zona Econ\u00f3mica Hispaniola<\/strong>&nbsp;es un proyecto de desarrollo que incluye una&nbsp;<strong>zona franca, un centro log\u00edstico y un parque empresarial-industrial.<\/strong><\/p>\n\n\n\n<p>Durante el acto, el ministro de Industria, Comercio y MiPymes,&nbsp;<strong>V\u00edctor Bison\u00f3<\/strong>, manifest\u00f3 que la expansi\u00f3n del parque que hoy se inaugura, bajo el citado macroproyecto de la Zona Econ\u00f3mica Hispaniola, a la fecha cuenta con&nbsp;<strong>3 empresas y 1,300 empleados<\/strong>.<\/p>\n\n\n\n<p>Bison\u00f3 expuso, adem\u00e1s, que, si se toman en cuenta las proyecciones de desarrollo del parque, partiendo del&nbsp;<strong>terreno<\/strong>&nbsp;que ser\u00e1 puesto a disposici\u00f3n de empresas dedicadas a&nbsp;<strong>actividades de diversa \u00edndole<\/strong>, m\u00e1s el&nbsp;<strong>empleo promedio<\/strong>&nbsp;que se registra en los parques de zonas francas ubicados en el Gran Santo Domingo, el Parque de Zona Franca Industrial Hispaniola podr\u00e1 ofrecer empleos a&nbsp;<strong>unas 15,000 personas<\/strong>.<\/p>\n\n\n<div class=\"wp-block-image\">\n<figure class=\"alignleft is-resized\"><img decoding=\"async\" src=\"https:\/\/presidencia.gob.do\/sites\/default\/files\/inline-images\/WhatsApp%20Image%202024-03-15%20at%201.45.54%20PM.jpeg\" alt=\"\" style=\"width:241px;height:auto\"\/><\/figure>\n<\/div>\n\n\n<p>Apunt\u00f3 que para este a\u00f1o 2024, se construir\u00e1n las&nbsp;<strong>infraestructuras necesarias&nbsp;<\/strong>para albergar&nbsp;<strong>3 nuevas empresas<\/strong>, con lo cual el pol\u00edgono industrial alcanzar\u00e1 una dimensi\u00f3n de&nbsp;<strong>650,000 pies cuadrados de edificaciones,&nbsp;<\/strong>proyect\u00e1ndose un mercado laboral total de unos&nbsp;<strong>1,600 empleos directos<\/strong>.<\/p>\n\n\n\n<p>Tambi\u00e9n agreg\u00f3 que la&nbsp;<strong>inversi\u00f3n ejecutada<\/strong>&nbsp;por el parque,&nbsp;<strong>junto con la programada<\/strong>&nbsp;s\u00f3lo en este a\u00f1o, alcanzar\u00e1 los&nbsp;<strong>2,400 millones de pesos<\/strong>, por lo que este crecimiento coloca al Hispaniola Industrial Free Zone Park como el&nbsp;<strong>tercer parque<\/strong>&nbsp;de zonas francas privado de mayor dimensi\u00f3n en el Gran Santo Domingo.<\/p>\n\n\n\n<p><em>\u00abPodemos afirmar entonces que estos \u00faltimos tres a\u00f1os y medio han sido hist\u00f3ricos para nuestras zonas francas y la din\u00e1mica de trabajo que hemos logrado generar entre el Gobierno y el sector privado ha sido fundamental para obtener los resultados que evidenciamos a la fecha y que estoy seguro<\/em>&nbsp;seguir\u00e1n, por lo menos por cuatro a\u00f1os m\u00e1s\u00bb, expres\u00f3.<\/p>\n\n\n\n<p>De su lado, el director del proyecto,&nbsp;<strong>Arturo Peguero Alm\u00e1nzar<\/strong>, inform\u00f3 que el complejo inicia con Hispaniola Industrial Free Zone Park, que cuenta con una superficie de&nbsp;<strong>420,000 metros cuadrados<\/strong>&nbsp;de terreno. All\u00ed actualmente operan 3 empresas que ocupan naves industriales con un \u00e1rea de 400,000 pies cuadrados y emplean 1,300 personas.&nbsp;<\/p>\n\n\n\n<p>Hispaniola Industrial Free Zone Park tiene espacio suficiente para construir 2.9 millones de pies cuadrados de edificaciones, para alojar&nbsp;<strong>empresas dedicadas a actividades de manufactura, log\u00edstica, comercio y servicios.&nbsp;<\/strong><\/p>\n\n\n\n<p>El Centro Log\u00edstico Hispaniola cuya construcci\u00f3n se inici\u00f3 hoy ocupar\u00e1 un espacio de 110,000 metros cuadrados de terreno en los que se construir\u00e1n 600,000 pies cuadrados de edificaciones para empresas operadoras log\u00edsticas.&nbsp;<strong>La primera nave se concluir\u00e1 a finales del 2024<\/strong>&nbsp;y en ella se instalar\u00e1n dos empresas en un \u00e1rea de 120,000 pies cuadrados. Su objetivo es facilitar la actividad de&nbsp;<strong>comercio internacional<\/strong>&nbsp;de las empresas que se instalen en la Zona Econ\u00f3mica Hispaniola.<\/p>\n\n\n\n<p><strong>Historia del proyecto<\/strong><\/p>\n\n\n\n<p><strong>Errol Boulos<\/strong>, vicepresidente ejecutivo de Hispaniola Industrial Free Zone, agradeci\u00f3 al&nbsp;<strong>presidente Luis Abinader<\/strong>&nbsp;por su segunda visita al proyecto. La primera fue para el inicio de la construcci\u00f3n de la zona franca. Relat\u00f3 que esta iniciativa data del a\u00f1o 2002, cuando particip\u00f3 en una actividad de la&nbsp;<strong>Asociaci\u00f3n de Fabricantes de Velas de Latinoam\u00e9rica<\/strong>&nbsp;en Punta Cana, ocasi\u00f3n en que adquirieron los equipos para instalar una peque\u00f1a f\u00e1brica que bautiz\u00f3 como Velas Hispaniola.&nbsp;<\/p>\n\n\n\n<p>Es importante destacar, dijo Boulos, que una de las motivaciones para lanzar esta iniciativa de inversi\u00f3n en la creaci\u00f3n de una Zona de Desarrollo Econ\u00f3mico es el ambiente de&nbsp;<strong>est\u00edmulo a la inversi\u00f3n privada<\/strong>&nbsp;y promoci\u00f3n intensa de las exportaciones, como&nbsp;<strong>componente esencial de la pol\u00edtica econ\u00f3mica del presidente Abinader.<\/strong><\/p>\n\n\n\n<p>Acompa\u00f1aron al mandatario, la directora de ProDominicana,&nbsp;<strong>Biviana Ribeiro<\/strong>, y el director del Consejo Nacional de Zonas Francas,&nbsp;<strong>Daniel Liranzo<\/strong>, as\u00ed como el senador&nbsp; y el alcalde del municipio San Antonio de Guerra,&nbsp;<strong>C\u00e9sar Rojas.<\/strong><\/p>\n\n\n\n<p>Fuente: Direcci\u00f3n de Estrategia y Comunicaci\u00f3n<\/p>\n\n\n\n<p>Ministerio Administrativo de la Presidencia de la Rep\u00fablica Dominicana<\/p>\n","protected":false},"excerpt":{"rendered":"<p>diariodominicano.com Santo Domingo, R. D.,\u200215 de marzo, 2024.-\u00a0El presidente Luis Abinader\u00a0inaugur\u00f3 este viernes el\u00a0Hispaniola Industrial Free Zone Park\u00a0y dej\u00f3 iniciados los trabajos de construcci\u00f3n del\u00a0Centro Log\u00edstico Hispaniola,\u00a0en el municipio San Antonio de Guerra, con una inversi\u00f3n estimada de\u00a0RD 2,400 millones\u00a0que contribuir\u00e1 a crear\u00a015,000 empleos. La Zona Econ\u00f3mica Hispaniola&nbsp;es un proyecto de desarrollo que incluye una&nbsp;zona [&hellip;]<\/p>\n","protected":false},"author":5,"featured_media":515790,"comment_status":"closed","ping_status":"","sticky":true,"template":"","format":"standard","meta":{"footnotes":""},"categories":[20,18,27],"tags":[],"class_list":["post-515783","post","type-post","status-publish","format-standard","has-post-thumbnail","hentry","category-dominicana-hoy","category-economia","category-portada"],"_links":{"self":[{"href":"https:\/\/diariodominicano.com\/index.php?rest_route=\/wp\/v2\/posts\/515783","targetHints":{"allow":["GET"]}}],"collection":[{"href":"https:\/\/diariodominicano.com\/index.php?rest_route=\/wp\/v2\/posts"}],"about":[{"href":"https:\/\/diariodominicano.com\/index.php?rest_route=\/wp\/v2\/types\/post"}],"author":[{"embeddable":true,"href":"https:\/\/diariodominicano.com\/index.php?rest_route=\/wp\/v2\/users\/5"}],"replies":[{"embeddable":true,"href":"https:\/\/diariodominicano.com\/index.php?rest_route=%2Fwp%2Fv2%2Fcomments&post=515783"}],"version-history":[{"count":2,"href":"https:\/\/diariodominicano.com\/index.php?rest_route=\/wp\/v2\/posts\/515783\/revisions"}],"predecessor-version":[{"id":515804,"href":"https:\/\/diariodominicano.com\/index.php?rest_route=\/wp\/v2\/posts\/515783\/revisions\/515804"}],"wp:featuredmedia":[{"embeddable":true,"href":"https:\/\/diariodominicano.com\/index.php?rest_route=\/wp\/v2\/media\/515790"}],"wp:attachment":[{"href":"https:\/\/diariodominicano.com\/index.php?rest_route=%2Fwp%2Fv2%2Fmedia&parent=515783"}],"wp:term":[{"taxonomy":"category","embeddable":true,"href":"https:\/\/diariodominicano.com\/index.php?rest_route=%2Fwp%2Fv2%2Fcategories&post=515783"},{"taxonomy":"post_tag","embeddable":true,"href":"https:\/\/diariodominicano.com\/index.php?rest_route=%2Fwp%2Fv2%2Ftags&post=515783"}],"curies":[{"name":"wp","href":"https:\/\/api.w.org\/{rel}","templated":true}]}}