{"id":515768,"date":"2024-03-15T14:00:17","date_gmt":"2024-03-15T18:00:17","guid":{"rendered":"https:\/\/diariodominicano.com\/?p=515768"},"modified":"2024-03-15T14:01:23","modified_gmt":"2024-03-15T18:01:23","slug":"gobierno-rd-entrega-tejidos-de-piel-humana-para-victimas-de-quemaduras-en-carnaval-de-salcedo-donados-por-gobierno-de-mexico","status":"publish","type":"post","link":"https:\/\/diariodominicano.com\/?p=515768","title":{"rendered":"Gobierno RD entrega tejidos de piel humana para v\u00edctimas de quemaduras en carnaval de Salcedo, donados por Gobierno de M\u00e9xico"},"content":{"rendered":"\n<p>diariodominicano.com<\/p>\n\n\n\n<p>Santo Domingo, R. D., 15 de marzo, 2024.-\u00a0<strong>La Rep\u00fablica Dominicana<\/strong>\u00a0gestion\u00f3 una donaci\u00f3n de\u00a0<strong>3,600 cm\u00b2 de tejido liolizado de piel humana<\/strong>, a trav\u00e9s del por el\u00a0<strong>Gobierno de M\u00e9xico<\/strong>, para uso en los pacientes que permanecen en la Unidad de Quemados Dra. Thelma Rosario, afectados por\u00a0<strong>graves quemaduras<\/strong>\u00a0durante una explosi\u00f3n en el\u00a0<strong>carnaval de Salcedo<\/strong>.<\/p>\n\n\n\n<p>Esta acci\u00f3n contribuir\u00e1 a mejorar la condici\u00f3n de salud de los pacientes, quienes permanecen en&nbsp;<strong>condiciones cr\u00edticas<\/strong>&nbsp;bajo cuidados intensivos en la referida Unidad, ubicada en el&nbsp;<strong>Hospital Infantil Regional Dr. Arturo Grull\u00f3n de Santiago.<\/strong><\/p>\n\n\n\n<p>La gesti\u00f3n se realiz\u00f3 a trav\u00e9s del&nbsp;<strong>Ministerio de Salud P\u00fablica<\/strong>, en coordinaci\u00f3n con el Ministerio de Relaciones Exteriores&nbsp;<strong>(Mirex)<\/strong>, el Servicio Nacional de Salud&nbsp;<strong>(SNS)<\/strong>, Instituto Nacional de Coordinaci\u00f3n de Trasplantes&nbsp;<strong>(Incort)<\/strong>&nbsp;y la&nbsp;<strong>Embajada de Rep\u00fablica Dominicana en M\u00e9xico.<\/strong><\/p>\n\n\n\n<p>La coordinaci\u00f3n se hizo con la Secretar\u00eda de Salud y la Comisi\u00f3n Federal para la Protecci\u00f3n contra Riesgos Sanitarios junto con la Comisi\u00f3n de Autorizaci\u00f3n de M\u00e9xico.<\/p>\n\n\n\n<p>El traslado de los tejidos liolizados se hizo este viernes por la aerol\u00ednea Aerom\u00e9xico, custodiados por el ministro consejero,&nbsp;<strong>Orlando Rodr\u00edguez<\/strong>. Fueron recibidos por el director regional de Salud Norcentral, doctor&nbsp;<strong>Manuel Lora<\/strong>, y autoridades del referido centro de salud.<\/p>\n\n\n\n<p>Este tipo de tejidos liofilizados es utilizado como&nbsp;<strong>cubierta temporal<\/strong>&nbsp;en heridas causadas por quemaduras, \u00falceras diab\u00e9ticas, varicosas y por dec\u00fabito, as\u00ed como lepra y otras.<\/p>\n\n\n\n<p>Fuente: Direcci\u00f3n de Estrategia y Comunicaci\u00f3n<\/p>\n\n\n\n<p>Ministerio Administrativo de la Presidencia de la Rep\u00fablica Dominicana<\/p>\n","protected":false},"excerpt":{"rendered":"<p>diariodominicano.com Santo Domingo, R. D., 15 de marzo, 2024.-\u00a0La Rep\u00fablica Dominicana\u00a0gestion\u00f3 una donaci\u00f3n de\u00a03,600 cm\u00b2 de tejido liolizado de piel humana, a trav\u00e9s del por el\u00a0Gobierno de M\u00e9xico, para uso en los pacientes que permanecen en la Unidad de Quemados Dra. Thelma Rosario, afectados por\u00a0graves quemaduras\u00a0durante una explosi\u00f3n en el\u00a0carnaval de Salcedo. Esta acci\u00f3n contribuir\u00e1 [&hellip;]<\/p>\n","protected":false},"author":5,"featured_media":478938,"comment_status":"closed","ping_status":"","sticky":true,"template":"","format":"standard","meta":{"footnotes":""},"categories":[20,27],"tags":[],"class_list":["post-515768","post","type-post","status-publish","format-standard","has-post-thumbnail","hentry","category-dominicana-hoy","category-portada"],"_links":{"self":[{"href":"https:\/\/diariodominicano.com\/index.php?rest_route=\/wp\/v2\/posts\/515768","targetHints":{"allow":["GET"]}}],"collection":[{"href":"https:\/\/diariodominicano.com\/index.php?rest_route=\/wp\/v2\/posts"}],"about":[{"href":"https:\/\/diariodominicano.com\/index.php?rest_route=\/wp\/v2\/types\/post"}],"author":[{"embeddable":true,"href":"https:\/\/diariodominicano.com\/index.php?rest_route=\/wp\/v2\/users\/5"}],"replies":[{"embeddable":true,"href":"https:\/\/diariodominicano.com\/index.php?rest_route=%2Fwp%2Fv2%2Fcomments&post=515768"}],"version-history":[{"count":2,"href":"https:\/\/diariodominicano.com\/index.php?rest_route=\/wp\/v2\/posts\/515768\/revisions"}],"predecessor-version":[{"id":515771,"href":"https:\/\/diariodominicano.com\/index.php?rest_route=\/wp\/v2\/posts\/515768\/revisions\/515771"}],"wp:featuredmedia":[{"embeddable":true,"href":"https:\/\/diariodominicano.com\/index.php?rest_route=\/wp\/v2\/media\/478938"}],"wp:attachment":[{"href":"https:\/\/diariodominicano.com\/index.php?rest_route=%2Fwp%2Fv2%2Fmedia&parent=515768"}],"wp:term":[{"taxonomy":"category","embeddable":true,"href":"https:\/\/diariodominicano.com\/index.php?rest_route=%2Fwp%2Fv2%2Fcategories&post=515768"},{"taxonomy":"post_tag","embeddable":true,"href":"https:\/\/diariodominicano.com\/index.php?rest_route=%2Fwp%2Fv2%2Ftags&post=515768"}],"curies":[{"name":"wp","href":"https:\/\/api.w.org\/{rel}","templated":true}]}}