{"id":515762,"date":"2024-03-15T13:40:51","date_gmt":"2024-03-15T17:40:51","guid":{"rendered":"https:\/\/diariodominicano.com\/?p=515762"},"modified":"2024-03-15T13:40:51","modified_gmt":"2024-03-15T17:40:51","slug":"republica-dominicana-remodela-instalaciones-para-juegos-centroamericanos-2026","status":"publish","type":"post","link":"https:\/\/diariodominicano.com\/?p=515762","title":{"rendered":"Rep\u00fablica Dominicana remodela instalaciones para Juegos Centroamericanos 2026"},"content":{"rendered":"\n<p>diariodominicano.com<\/p>\n\n\n\n<p>Santo Domingo, 15 mar (Prensa Latina) Los trabajos de remodelaci\u00f3n de las instalaciones deportivas que ser\u00e1n utilizadas para los XXV Juegos Centroamericanos y del Caribe Santo Domingo 2026, comenzaron hoy en Rep\u00fablica Dominicana.<\/p>\n\n\n\n<p>El presidente Luis Abinader asisti\u00f3 al acto de inicio formal de estas labores, que comprenden el remozamiento del \u00e1rea urban\u00edstica y las instalaciones deportivas del Parque Mirador del Este y del Centro Ol\u00edmpico Juan Pablo Duarte.<\/p>\n\n\n\n<p>El ministro de Vivienda y Edificaciones, Carlos Bonilla, apunt\u00f3 que en el Centro Ol\u00edmpico Juan Pablo Duarte ser\u00e1n reparados y adecuados el estadio ol\u00edmpico F\u00e9lix S\u00e1nchez, el centro acu\u00e1tico, el pabell\u00f3n de artes marciales, la cancha de voleibol, el vel\u00f3dromo, las canchas de b\u00e9isbol y softball, el gimnasio de esgrima y todas las zonas exteriores.<\/p>\n\n\n\n<p>Respecto al Parque Mirador del Este, precis\u00f3 que este contar\u00e1 con un \u00e1rea de halterofilia con techos y pisos renovados, as\u00ed como una mejor ventilaci\u00f3n e iluminaci\u00f3n.<\/p>\n\n\n\n<p>Asimismo, se contempla la reconstrucci\u00f3n de la zona de tiro al arco, la modernizaci\u00f3n del centro de balonmano y el gimnasio tendr\u00e1 una nueva \u00e1rea de entrenamiento, puntualiz\u00f3.<\/p>\n\n\n\n<p>De su lado, el presidente del Comit\u00e9 Organizador del evento regional multideportivo, Jos\u00e9 Patricio Monegro, manifest\u00f3 que para la realizaci\u00f3n con \u00e9xito del esperado evento se invertir\u00e1 lo necesario \u00abde manera inteligente\u00bb, con el objetivo de tener los mejores Juegos.<\/p>\n\n\n\n<p>Manifest\u00f3 que el Comit\u00e9 Ol\u00edmpico, las federaciones y el Ministerio de Deporte, tienen el gran compromiso de crear las condiciones para que los atletas del patio se preparen y todos los deportistas participantes posean las condiciones adecuadas para las competencias.<\/p>\n\n\n\n<p>Los XXV Juegos Centroamericanos y del Caribe tendr\u00e1n lugar del 24 de julio al 8 de agosto de 2026 y poseen una importancia especial, al coincidir con el centenario de la fundaci\u00f3n de Centro Caribe Sports, la entidad deportiva m\u00e1s antigua de la regi\u00f3n, que tiene a su cargo la realizaci\u00f3n del certamen.<\/p>\n\n\n\n<p>rgh\/mpv<\/p>\n","protected":false},"excerpt":{"rendered":"<p>diariodominicano.com Santo Domingo, 15 mar (Prensa Latina) Los trabajos de remodelaci\u00f3n de las instalaciones deportivas que ser\u00e1n utilizadas para los XXV Juegos Centroamericanos y del Caribe Santo Domingo 2026, comenzaron hoy en Rep\u00fablica Dominicana. El presidente Luis Abinader asisti\u00f3 al acto de inicio formal de estas labores, que comprenden el remozamiento del \u00e1rea urban\u00edstica y [&hellip;]<\/p>\n","protected":false},"author":5,"featured_media":515763,"comment_status":"closed","ping_status":"","sticky":true,"template":"","format":"standard","meta":{"footnotes":""},"categories":[20,27],"tags":[],"class_list":["post-515762","post","type-post","status-publish","format-standard","has-post-thumbnail","hentry","category-dominicana-hoy","category-portada"],"_links":{"self":[{"href":"https:\/\/diariodominicano.com\/index.php?rest_route=\/wp\/v2\/posts\/515762","targetHints":{"allow":["GET"]}}],"collection":[{"href":"https:\/\/diariodominicano.com\/index.php?rest_route=\/wp\/v2\/posts"}],"about":[{"href":"https:\/\/diariodominicano.com\/index.php?rest_route=\/wp\/v2\/types\/post"}],"author":[{"embeddable":true,"href":"https:\/\/diariodominicano.com\/index.php?rest_route=\/wp\/v2\/users\/5"}],"replies":[{"embeddable":true,"href":"https:\/\/diariodominicano.com\/index.php?rest_route=%2Fwp%2Fv2%2Fcomments&post=515762"}],"version-history":[{"count":1,"href":"https:\/\/diariodominicano.com\/index.php?rest_route=\/wp\/v2\/posts\/515762\/revisions"}],"predecessor-version":[{"id":515764,"href":"https:\/\/diariodominicano.com\/index.php?rest_route=\/wp\/v2\/posts\/515762\/revisions\/515764"}],"wp:featuredmedia":[{"embeddable":true,"href":"https:\/\/diariodominicano.com\/index.php?rest_route=\/wp\/v2\/media\/515763"}],"wp:attachment":[{"href":"https:\/\/diariodominicano.com\/index.php?rest_route=%2Fwp%2Fv2%2Fmedia&parent=515762"}],"wp:term":[{"taxonomy":"category","embeddable":true,"href":"https:\/\/diariodominicano.com\/index.php?rest_route=%2Fwp%2Fv2%2Fcategories&post=515762"},{"taxonomy":"post_tag","embeddable":true,"href":"https:\/\/diariodominicano.com\/index.php?rest_route=%2Fwp%2Fv2%2Ftags&post=515762"}],"curies":[{"name":"wp","href":"https:\/\/api.w.org\/{rel}","templated":true}]}}