{"id":515757,"date":"2024-03-15T13:26:09","date_gmt":"2024-03-15T17:26:09","guid":{"rendered":"https:\/\/diariodominicano.com\/?p=515757"},"modified":"2024-03-15T13:26:09","modified_gmt":"2024-03-15T17:26:09","slug":"autorizan-nuevos-vuelos-comerciales-desde-y-hacia-dominicana","status":"publish","type":"post","link":"https:\/\/diariodominicano.com\/?p=515757","title":{"rendered":"Autorizan nuevos vuelos comerciales desde y hacia Dominicana"},"content":{"rendered":"\n<p>diariodominicano.com<\/p>\n\n\n\n<p>Santo Domingo, 15 mar (Prensa Latina) La Junta de la Aviaci\u00f3n Civil (JAC) de Rep\u00fablica Dominicana aprob\u00f3 hoy nuevas conexiones a\u00e9reas con Puerto Rico, Panam\u00e1, Canad\u00e1 y Portugal, con el fin de aumentar y fortalecer el intercambio comercial.<\/p>\n\n\n\n<p>As\u00ed lo inform\u00f3 el presidente del organismo, Jos\u00e9 Ernesto Marte Piantini, tras conocerse las nuevas solicitudes de los operadores a\u00e9reos extranjeros Air Transat, Orbest y Copa Airlines.<\/p>\n\n\n\n<p>Precis\u00f3 que Air Transat pidi\u00f3 autorizaci\u00f3n para realizar vuelos desde y hacia el territorio dominicano con las ciudades de Toronto, Moncton y Ottawa en Canad\u00e1, en las rutas Toronto\/Saman\u00e1\/Toronto; Moncton\/Punta Cana\/Moncton y Ottawa \/Punta Cana\/Ottawa.<\/p>\n\n\n\n<p>De acuerdo con la informaci\u00f3n suministrada por la Divisi\u00f3n de Estad\u00edsticas del Departamento de Transporte A\u00e9reo, desde enero 2023 hasta enero 2024, este operador moviliz\u00f3 970 mil 37 pasajeros en cuatro mil 705 operaciones de entradas y salidas.<\/p>\n\n\n\n<p>Piantini explic\u00f3 que en el caso del portugu\u00e9s Orbest, gestion\u00f3 un permiso especial para efectuar vuelos en la ruta Lisboa\/La Romana\/Lisboa, desde el 26 de junio hasta el 11 de septiembre de este a\u00f1o, con una frecuencia de un vuelo semanal, los mi\u00e9rcoles.<\/p>\n\n\n\n<p>Durante el per\u00edodo comprendido desde enero 2023 hasta enero 2024, Orbest movi\u00f3 28 mil 723 pasajeros en 82 operaciones a\u00e9reas en entradas y salidas.<\/p>\n\n\n\n<p>Tambi\u00e9n Copa Airlines mostr\u00f3 inter\u00e9s en ejecutar vuelos de carga en la ruta Panam\u00e1\/San Juan\/Santo Domingo\/Panam\u00e1, los d\u00edas 7, 14, 21 y 28 de marzo de 2024, con una frecuencia de un vuelo en cada fecha.<\/p>\n\n\n\n<p>Seg\u00fan la Divisi\u00f3n de Estad\u00edsticas de la JAC, desde enero 2023 hasta enero pasado, Copa Airlines, traslad\u00f3 un mill\u00f3n 140 mil 915 viajeros en ocho mil 515 operaciones combinadas.<\/p>\n\n\n\n<p>En la quinta sesi\u00f3n ordinaria del pleno de la JAC tambi\u00e9n se aprob\u00f3 al operador a\u00e9reo nacional Air Century, S.A. un permiso especial para hacer la ruta Punta Cana\/La Habana, Cuba\/Punta Cana.<\/p>\n\n\n\n<p>Esta autorizaci\u00f3n consiste en 42 operaciones a\u00e9reas desde el 19 de marzo hasta el 31 de mayo de 2024, con una frecuencia de cuatro vuelos a la semana, los martes, jueves, s\u00e1bado y domingo.<\/p>\n\n\n\n<p>De igual forma, se autoriz\u00f3 a Sky High Aviation Services Dominicana, S.A. para operar vuelos exclusivamente de carga en distintas rutas, entre ellas: Santo Domingo\/Guyana\/La Habana\/Guyana\/Santo Domingo; Santo Domingo\/Panam\u00e1\/La Habana\/Panam\u00e1\/Santo Domingo; Santo Domingo\/Miami\/La Habana\/Miami\/Santo Domingo.<\/p>\n\n\n\n<p>Tambi\u00e9n le fueron aceptados a Sky High vuelos combinados (pasajeros y carga) en las rutas Santo Domingo\/Miami \/Santiago de Cuba\/Miami\/Santo Domingo; Santo Domingo\/Tampa\/Santiago de Cuba\/Tampa\/Santo Domingo; y Santo Domingo\/Tampa\/Punta Cana\/Tampa\/Santo Domingo.<\/p>\n\n\n\n<p>Piantini ponder\u00f3 el fortalecimiento de los operadores a\u00e9reos nacionales, as\u00ed como el aumento significativo de la conectividad a\u00e9rea de la Rep\u00fablica Dominicana con el resto del mundo.<\/p>\n\n\n\n<p>rgh\/mpv<\/p>\n","protected":false},"excerpt":{"rendered":"<p>diariodominicano.com Santo Domingo, 15 mar (Prensa Latina) La Junta de la Aviaci\u00f3n Civil (JAC) de Rep\u00fablica Dominicana aprob\u00f3 hoy nuevas conexiones a\u00e9reas con Puerto Rico, Panam\u00e1, Canad\u00e1 y Portugal, con el fin de aumentar y fortalecer el intercambio comercial. As\u00ed lo inform\u00f3 el presidente del organismo, Jos\u00e9 Ernesto Marte Piantini, tras conocerse las nuevas solicitudes [&hellip;]<\/p>\n","protected":false},"author":5,"featured_media":515758,"comment_status":"closed","ping_status":"","sticky":true,"template":"","format":"standard","meta":{"footnotes":""},"categories":[20,27],"tags":[],"class_list":["post-515757","post","type-post","status-publish","format-standard","has-post-thumbnail","hentry","category-dominicana-hoy","category-portada"],"_links":{"self":[{"href":"https:\/\/diariodominicano.com\/index.php?rest_route=\/wp\/v2\/posts\/515757","targetHints":{"allow":["GET"]}}],"collection":[{"href":"https:\/\/diariodominicano.com\/index.php?rest_route=\/wp\/v2\/posts"}],"about":[{"href":"https:\/\/diariodominicano.com\/index.php?rest_route=\/wp\/v2\/types\/post"}],"author":[{"embeddable":true,"href":"https:\/\/diariodominicano.com\/index.php?rest_route=\/wp\/v2\/users\/5"}],"replies":[{"embeddable":true,"href":"https:\/\/diariodominicano.com\/index.php?rest_route=%2Fwp%2Fv2%2Fcomments&post=515757"}],"version-history":[{"count":1,"href":"https:\/\/diariodominicano.com\/index.php?rest_route=\/wp\/v2\/posts\/515757\/revisions"}],"predecessor-version":[{"id":515759,"href":"https:\/\/diariodominicano.com\/index.php?rest_route=\/wp\/v2\/posts\/515757\/revisions\/515759"}],"wp:featuredmedia":[{"embeddable":true,"href":"https:\/\/diariodominicano.com\/index.php?rest_route=\/wp\/v2\/media\/515758"}],"wp:attachment":[{"href":"https:\/\/diariodominicano.com\/index.php?rest_route=%2Fwp%2Fv2%2Fmedia&parent=515757"}],"wp:term":[{"taxonomy":"category","embeddable":true,"href":"https:\/\/diariodominicano.com\/index.php?rest_route=%2Fwp%2Fv2%2Fcategories&post=515757"},{"taxonomy":"post_tag","embeddable":true,"href":"https:\/\/diariodominicano.com\/index.php?rest_route=%2Fwp%2Fv2%2Ftags&post=515757"}],"curies":[{"name":"wp","href":"https:\/\/api.w.org\/{rel}","templated":true}]}}