{"id":51574,"date":"2020-07-19T01:53:36","date_gmt":"2020-07-19T01:53:36","guid":{"rendered":"http:\/\/diariodominicano.ddns.net\/?p=51574"},"modified":"2020-07-19T01:53:36","modified_gmt":"2020-07-19T01:53:36","slug":"espana-reemplaza-a-pedro-santana","status":"publish","type":"post","link":"https:\/\/diariodominicano.com\/?p=51574","title":{"rendered":"Espa\u00f1a reemplaza a Pedro Santana&#13;"},"content":{"rendered":"<p><body><\/p>\n<p><img decoding=\"async\" src=\"img3\/Santana00.jpg\" \/>  <\/p>\n<p><strong>Espa\u00f1a  y reemplaza a Pedro Santana<\/strong><\/p>\n<p><strong> Santana hab\u00eda hecho la proclama en virtud de la cual anex\u00f3 el pa\u00eds a Espa\u00f1a el d\u00eda 18 de marzo de 1861, como premio fue elevado a la categor\u00eda de  Marqu\u00e9s de las Carreras, pero tan pronto comenz\u00f3 la nueva administraci\u00f3n inici\u00f3  un plan para dejarlo sin  poder.<\/strong><\/p>\n<p><strong>Por H\u00e9ctor Tineo Nolasco<\/strong><\/p>\n<p><strong>Diariodominicano.com<\/strong><\/p>\n<\/p>\n<p><strong>   SANTO DOMINGO, el   19 de julio de 186<\/strong>2, el general espa\u00f1ol Felipe Ribero Lemoine sustituy\u00f3 al general Pedro Santana, quien se desempe\u00f1aba como Capit\u00e1n General de Santo Domingo, que  hab\u00eda sido declarado con la anexi\u00f3n provincia de  Espa\u00f1a.<\/p>\n<\/p>\n<p>    Pedro Santana molesto con las autoridades espa\u00f1oles que poco a poco lo hab\u00edan dejado sin poder, renunci\u00f3  a su cargo el 6 de enero de 1862. En ese momento puso aleg\u00f3 sufrir  problemas de salud.<\/p>\n<\/p>\n<p>    Santana hab\u00eda hecho la proclama en virtud de la cual anex\u00f3 el pa\u00eds a Espa\u00f1a el d\u00eda 18 de marzo de 1861, como premio fue elevado a la categor\u00eda de  Marqu\u00e9s de las Carreras, pero tan pronto comenz\u00f3 la nueva administraci\u00f3n inici\u00f3  un plan para dejarlo sin  poder.<\/p>\n<\/p>\n<p>    Muchos de los militares que segu\u00edan a  Santana no fueron aceptados en el Ej\u00e9rcito Espa\u00f1ol, con lo que el ex Presidente dominicano qued\u00f3 sin poder.<\/p>\n<\/p>\n<p>Espa\u00f1a design\u00f3 el 6 de agosto de 1861, una Junta Clasificadora, con la misi\u00f3n d estudiar las hojas de servicios de los militares santanistas, pero al final termin\u00f3 descalificando a la mayor\u00eda para ser aceptados en el Ej\u00e9rcito Espa\u00f1ol.<\/p>\n<\/p>\n<p>    La realidad disgust\u00f3 a Santana, y una versi\u00f3n de la \u00e9poca da cuenta de que la nueva situaci\u00f3n lo deprimi\u00f3 y fue el motivo de que presentara renuncia el 6 de enero de 1862, como Capit\u00e1n General de la Provincia de Santo Domingo.<\/p>\n<\/p>\n<p>    En su proclama del 18 de marzo de 1861, el general Pedro Santana justific\u00f3 la anexi\u00f3n a Espa\u00f1a y sostuvo: <\/p>\n<\/p>\n<p>   \u00abElla nos da la libertad natural y aleja para siempre la posibilidad de perderla; ella nos asegura  nuestra propiedad, reconociendo v\u00e1lidos todos los actos de la Rep\u00fablica; ofrece atenci\u00f3n y premia al m\u00e9rito, y tendr\u00e1 presente los servicios prestados al pa\u00eds; ella en fin, trae la paz a este suelo tan combatido, y con la paz sus ben\u00e9ficas consecuencias\u00bb. (sic)<\/p>\n<\/p>\n<p>    En opini\u00f3n de Pedro Santana:<\/p>\n<\/p>\n<p>    \u00abLa Espa\u00f1a nos prot\u00e9g\u00e9, su pabell\u00f3n nos cubre, sus armas impondr\u00e1n a los extra\u00f1os; reconoce nuestras libertades, y juntos las defendemos, formando un solo pueblo, una sola familia, como siempre lo fuimos&#8230;\u00bb (sic)<\/p>\n<\/p>\n<\/p>\n<p> La nueva situaci\u00f3n acab\u00f3 con el poder militar y pol\u00edtico de Pedro Santana, ya que a partir del d\u00eda 19 de julio de 1862, con la toma de posesi\u00f3n del general Felipe Ribero Lemoine, los espa\u00f1oles pasaron a controlar todas las estructuras de poder.<\/p>\n<\/p>\n<p>   Una decisi\u00f3n importante fue la desarticulaci\u00f3n del estamento militar santanista, que lo colocaba en la posici\u00f3n de decidir los asuntos dominicanos.<\/p>\n<\/p>\n<\/p>\n<\/p>\n<h6> 2020-07-19 01:53:36 <\/h6>\n<p><!--\n<link rel=\"stylesheet\" href=\"css\/bootstrap.min.css\">\n\n\n<ul class=\"pagination\">\n\t    \n\t\n\n<li >\n\t<a href='?page_no=399'>Previous<\/a>\n\t<\/li>\n\n\n       \n    \n\n<li><a href='?page_no=1'>1<\/a><\/li>\n\n\n\n<li><a href='?page_no=2'>2<\/a><\/li>\n\n\n\n<li><a>...<\/a><\/li>\n\n\n\n<li><a href='?page_no=398'>398<\/a><\/li>\n\n\n\n<li><a href='?page_no=399'>399<\/a><\/li>\n\n\n\n<li class='active'><a>400<\/a><\/li>\n\n\n\n<li><a href='?page_no=401'>401<\/a><\/li>\n\n\n\n<li><a href='?page_no=402'>402<\/a><\/li>\n\n\n\n<li><a>...<\/a><\/li>\n\n\n\n<li><a href='?page_no=22911'>22911<\/a><\/li>\n\n\n\n<li><a href='?page_no=22912'>22912<\/a><\/li>\n\n    \n\t\n\n<li >\n\t<a href='?page_no=401'>Next<\/a>\n\t<\/li>\n\n\n    \n\n<li><a href='?page_no=22912'>Last &rsaquo;&rsaquo;<\/a><\/li>\n\n<\/ul>\n\n\n--><br \/>\n<\/body><\/p>\n","protected":false},"excerpt":{"rendered":"<p>Espa\u00f1a y reemplaza a Pedro Santana Santana hab\u00eda hecho la proclama en virtud de la cual anex\u00f3 el pa\u00eds a Espa\u00f1a el d\u00eda 18 de marzo de 1861, como premio fue elevado a la categor\u00eda de Marqu\u00e9s de las Carreras, pero tan pronto comenz\u00f3 la nueva administraci\u00f3n inici\u00f3 un plan para dejarlo sin poder. Por [&hellip;]<\/p>\n","protected":false},"author":3,"featured_media":0,"comment_status":"open","ping_status":"open","sticky":false,"template":"","format":"standard","meta":{"footnotes":""},"categories":[21],"tags":[],"class_list":["post-51574","post","type-post","status-publish","format-standard","hentry","category-cultura"],"_links":{"self":[{"href":"https:\/\/diariodominicano.com\/index.php?rest_route=\/wp\/v2\/posts\/51574","targetHints":{"allow":["GET"]}}],"collection":[{"href":"https:\/\/diariodominicano.com\/index.php?rest_route=\/wp\/v2\/posts"}],"about":[{"href":"https:\/\/diariodominicano.com\/index.php?rest_route=\/wp\/v2\/types\/post"}],"author":[{"embeddable":true,"href":"https:\/\/diariodominicano.com\/index.php?rest_route=\/wp\/v2\/users\/3"}],"replies":[{"embeddable":true,"href":"https:\/\/diariodominicano.com\/index.php?rest_route=%2Fwp%2Fv2%2Fcomments&post=51574"}],"version-history":[{"count":0,"href":"https:\/\/diariodominicano.com\/index.php?rest_route=\/wp\/v2\/posts\/51574\/revisions"}],"wp:attachment":[{"href":"https:\/\/diariodominicano.com\/index.php?rest_route=%2Fwp%2Fv2%2Fmedia&parent=51574"}],"wp:term":[{"taxonomy":"category","embeddable":true,"href":"https:\/\/diariodominicano.com\/index.php?rest_route=%2Fwp%2Fv2%2Fcategories&post=51574"},{"taxonomy":"post_tag","embeddable":true,"href":"https:\/\/diariodominicano.com\/index.php?rest_route=%2Fwp%2Fv2%2Ftags&post=51574"}],"curies":[{"name":"wp","href":"https:\/\/api.w.org\/{rel}","templated":true}]}}