{"id":515736,"date":"2024-03-15T12:24:36","date_gmt":"2024-03-15T16:24:36","guid":{"rendered":"https:\/\/diariodominicano.com\/?p=515736"},"modified":"2024-03-15T12:25:10","modified_gmt":"2024-03-15T16:25:10","slug":"miguel-vargas-compleja-crisis-haitiana-debe-abordarse-como-problema-sistemico","status":"publish","type":"post","link":"https:\/\/diariodominicano.com\/?p=515736","title":{"rendered":"Miguel Vargas: Compleja crisis haitiana debe abordarse como problema sist\u00e9mico\u201d"},"content":{"rendered":"\n<p>Miguel Vargas Maldonado <\/p>\n\n\n\n<p><strong>Santo Domingo, RD. \u2013<\/strong>\u00a0El candidato presidencial del Partido Revolucionario Dominicano (PRD), Miguel Vargas Maldonado, advirti\u00f3 que es necesario insistir en que la recrudecida problem\u00e1tica en Hait\u00ed tiene que entenderse y tratarse de forma hol\u00edstica.<br><br>\u201cLa complejidad de la crisis haitiana debe ser concebida y abordada como un problema sist\u00e9mico, estructural, hist\u00f3rico y geopol\u00edtico\u201d, sostuvo el tambi\u00e9n presidente del PRD.<br><br>\u201cEl gobierno y el liderazgo nacionales deben ratificar y dejar claramente establecido que la Rep\u00fablica Dominicana tiene todo el derecho de aplicar con todo rigor sus leyes y normativas migratorias, sin que esto conlleve a violar los derechos humanos del inmigrante, sea legal o ilegal\u201d, a\u00f1adi\u00f3 Vargas.<br><br>En ese sentido, apel\u00f3 a que la comunidad internacional avance con medidas y recursos para la pacificaci\u00f3n de Hait\u00ed. Esto, \u201ccomo primer eslab\u00f3n para afrontar la dif\u00edcil y peligrosa coyuntura actual\u201d. Tambi\u00e9n insisti\u00f3 en que esta, a su vez, \u201ccree las condiciones para el inicio del dif\u00edcil proceso de relanzamiento del Estado haitiano y de todo su tejido social, pol\u00edtico y econ\u00f3mico\u201d.<br><br>\u201cComo vecinos, corremos el mayor de los riesgos ante este fen\u00f3meno\u201d, record\u00f3. \u201cMantener y profundizar la vigilancia fronteriza no basta, mientras est\u00e9 languideciendo la vida de nuestros pobladores de esa zona\u201d, reiter\u00f3 Vargas.<br><br>Tambi\u00e9n dijo que \u201cel Estado dominicano est\u00e1 llamado a crear, desde ya, las condiciones que promuevan el flujo masivo de inversiones a todo lo largo de nuestra frontera\u201d. Explic\u00f3 que tal iniciativa podr\u00eda motivar lo propio al otro lado de la isla.<br><br>\u201cEsto no solo servir\u00e1 de valladar para garantizar de la mejor manera la seguridad territorial, sino que favorecer\u00e1 el bienestar de los pobladores de la parte lim\u00edtrofe, con gran impacto en toda la econom\u00eda\u201d, remarc\u00f3 el l\u00edder perrede\u00edsta.<\/p>\n\n\n\n<p><strong>COMANDO NACIONAL DE CAMPA\u00d1A<\/strong><strong><br>MIGUEL PRESIDENTE 2024<\/strong><\/p>\n\n\n\n<p><br><\/p>\n","protected":false},"excerpt":{"rendered":"<p>Miguel Vargas Maldonado Santo Domingo, RD. \u2013\u00a0El candidato presidencial del Partido Revolucionario Dominicano (PRD), Miguel Vargas Maldonado, advirti\u00f3 que es necesario insistir en que la recrudecida problem\u00e1tica en Hait\u00ed tiene que entenderse y tratarse de forma hol\u00edstica. \u201cLa complejidad de la crisis haitiana debe ser concebida y abordada como un problema sist\u00e9mico, estructural, hist\u00f3rico y [&hellip;]<\/p>\n","protected":false},"author":28,"featured_media":515737,"comment_status":"closed","ping_status":"","sticky":true,"template":"","format":"standard","meta":{"footnotes":""},"categories":[22,27],"tags":[],"class_list":["post-515736","post","type-post","status-publish","format-standard","has-post-thumbnail","hentry","category-politica","category-portada"],"_links":{"self":[{"href":"https:\/\/diariodominicano.com\/index.php?rest_route=\/wp\/v2\/posts\/515736","targetHints":{"allow":["GET"]}}],"collection":[{"href":"https:\/\/diariodominicano.com\/index.php?rest_route=\/wp\/v2\/posts"}],"about":[{"href":"https:\/\/diariodominicano.com\/index.php?rest_route=\/wp\/v2\/types\/post"}],"author":[{"embeddable":true,"href":"https:\/\/diariodominicano.com\/index.php?rest_route=\/wp\/v2\/users\/28"}],"replies":[{"embeddable":true,"href":"https:\/\/diariodominicano.com\/index.php?rest_route=%2Fwp%2Fv2%2Fcomments&post=515736"}],"version-history":[{"count":3,"href":"https:\/\/diariodominicano.com\/index.php?rest_route=\/wp\/v2\/posts\/515736\/revisions"}],"predecessor-version":[{"id":515740,"href":"https:\/\/diariodominicano.com\/index.php?rest_route=\/wp\/v2\/posts\/515736\/revisions\/515740"}],"wp:featuredmedia":[{"embeddable":true,"href":"https:\/\/diariodominicano.com\/index.php?rest_route=\/wp\/v2\/media\/515737"}],"wp:attachment":[{"href":"https:\/\/diariodominicano.com\/index.php?rest_route=%2Fwp%2Fv2%2Fmedia&parent=515736"}],"wp:term":[{"taxonomy":"category","embeddable":true,"href":"https:\/\/diariodominicano.com\/index.php?rest_route=%2Fwp%2Fv2%2Fcategories&post=515736"},{"taxonomy":"post_tag","embeddable":true,"href":"https:\/\/diariodominicano.com\/index.php?rest_route=%2Fwp%2Fv2%2Ftags&post=515736"}],"curies":[{"name":"wp","href":"https:\/\/api.w.org\/{rel}","templated":true}]}}