{"id":51573,"date":"2020-11-19T11:23:46","date_gmt":"2020-11-19T11:23:46","guid":{"rendered":"http:\/\/diariodominicano.ddns.net\/?p=51573"},"modified":"2020-11-19T11:23:46","modified_gmt":"2020-11-19T11:23:46","slug":"mescyt-y-la-cruz-rojas-dominicana-desarrollaran-proyectos-de-capacitacion-interinstitucional","status":"publish","type":"post","link":"https:\/\/diariodominicano.com\/?p=51573","title":{"rendered":"MESCYT y la Cruz Rojas Dominicana desarrollar\u00e1n proyectos de capacitaci\u00f3n interinstitucional"},"content":{"rendered":"<p><body><\/p>\n<p><img decoding=\"async\" src=\"img3\/GarciaFermin19-11-20.jpg\" \/><br \/><img decoding=\"async\" src=\"img3\/GarciaFerminCruzRoja19-11-20.jpg\" \/>  <\/p>\n<p><span class=\"text1noticias\"> diariodominicano.com<\/span><\/p>\n<p><span class=\"text1noticias\">  <\/span><\/p>\n<p><span class=\"text1noticias\">Santo Domingo, R. D., 19 de noviembre, 2020.- El Ministro de Educaci\u00f3n Superior, Ciencia y Tecnolog\u00eda (MESCYT), doctor Franklin Garc\u00eda Ferm\u00edn, y la presidenta de la Cruz Roja Dominicana, doctora Ligia Leroux de Ram\u00edrez, sostuvieron una reuni\u00f3n de trabajo, con el objetivo de implementar procesos de capacitaci\u00f3n de forma rec\u00edproca.<\/span><\/p>\n<p><span class=\"text1noticias\"> <\/span><\/p>\n<p><span class=\"text1noticias\">Garc\u00eda Ferm\u00edn y Leroux de Ram\u00edrez destacaron la importancia que tiene para un pa\u00eds un organismo solidario y con una gran vocaci\u00f3n de servicio, como lo es la Cruz Roja.<\/span><\/p>\n<p><span class=\"text1noticias\"> <\/span><\/p>\n<p><span class=\"text1noticias\">El ministro del MESCYT manifest\u00f3 que la Cruz Roja tiene una gran  importancia en la sociedad dominicana debido a que juega un papel de sensibilizaci\u00f3n y ayuda. <\/span><\/p>\n<p><span class=\"text1noticias\"> <\/span><\/p>\n<p><span class=\"text1noticias\">Indic\u00f3 que de manera rec\u00edproca se pueda impartir una conferencia al personal del MESCYT sobre la sensibilizaci\u00f3n e incluir y  promover para que  las universidades realicen una campa\u00f1a para concientizar a la poblaci\u00f3n. <\/span><\/p>\n<p><span class=\"text1noticias\"> <\/span><\/p>\n<p><span class=\"text1noticias\">Propuso cubrir un 100% las actividades acad\u00e9micas, entre ellas una maestr\u00eda y cursos t\u00e9cnicos de la carrera de enfermer\u00eda.<\/span><\/p>\n<p><span class=\"text1noticias\"> <\/span><\/p>\n<p><span class=\"text1noticias\">De su lado, Ligia Leroux manifest\u00f3 que la Cruz Roja es un ente de humanidad y entregada para la sociedad dominicana.  \u00abDeben ayudar a los gobiernos en materia humanitaria siempre y cuando los gobiernos lo necesiten es una obligaci\u00f3n de la Cruz Roja ayudar\u00bb, subray\u00f3.<\/span><\/p>\n<p><span class=\"text1noticias\"> <\/span><\/p>\n<p><span class=\"text1noticias\">Expuso que la entidad realiza una serie de tareas de suma importancia, a favor la vida, la salud y la protecci\u00f3n que no se difunden como parte de su pol\u00edtica institucional y que sus principales colaboradores son honor\u00edficos, incluy\u00e9ndose a ella.<\/span><\/p>\n<p><span class=\"text1noticias\"> <\/span><\/p>\n<p><span class=\"text1noticias\">Estuvieron presentes los viceministros del MESCYT, Juan Francisco Viloria y Mar\u00eda L\u00f3pez Polanco; el asesor especial, Julio Altagracia; el gerente de socorro y asistencia pre hospitalaria de la Cruz Roja, Sergio Vargas Puentes; el encargado de cooperaci\u00f3n internacional, Arnold San Roman;  Lidia Comery, gerente de gesti\u00f3n de riesgos y proyectos; Antonio Del Fiacco, delegado de la Cruz Roja Italiana; Paula Leroux, encargada de restablecimiento de contacto familiar; Esther Batista, encargada del voluntariado; Leonardo Arias, director de programa de salud comunitaria; Mavel Vegazo, directora de programa de doctrina institucional; y Miguel Sanz, vicepresidente del consejo nacional, entre otros.<\/span><\/p>\n<p><span class=\"text1noticias\">  <\/span><\/p>\n<p><span class=\"text1noticias\">PIE DE FOTO: <\/span><\/p>\n<p><span class=\"text1noticias\">1.- El ministro del MESCYT, doctor Franklin Garc\u00eda Ferm\u00edn, y la presidenta de la Cruz Roja, doctora Ligia Leroux, sostuvieron una reuni\u00f3n de trabajo. <\/span><\/p>\n<p><span class=\"text1noticias\">2.- Garc\u00eda Ferm\u00edn recibe explicaciones por parte del gerente de socorro y asistencia pre hospitalaria de la Cruz Roja, Sergi<\/span>o Vargas Puentes.<\/p>\n<\/p>\n<p><span class=\"text1noticias\">Fuente: Federico Mendez Nova<\/span><\/p>\n<h6> 2020-11-19 11:23:46 <\/h6>\n<p><!--\n<link rel=\"stylesheet\" href=\"css\/bootstrap.min.css\">\n\n\n<ul class=\"pagination\">\n\t    \n\t\n\n<li >\n\t<a href='?page_no=39'>Previous<\/a>\n\t<\/li>\n\n\n       \n    \n\n<li><a href='?page_no=1'>1<\/a><\/li>\n\n\n\n<li><a href='?page_no=2'>2<\/a><\/li>\n\n\n\n<li><a>...<\/a><\/li>\n\n\n\n<li><a href='?page_no=38'>38<\/a><\/li>\n\n\n\n<li><a href='?page_no=39'>39<\/a><\/li>\n\n\n\n<li class='active'><a>40<\/a><\/li>\n\n\n\n<li><a href='?page_no=41'>41<\/a><\/li>\n\n\n\n<li><a href='?page_no=42'>42<\/a><\/li>\n\n\n\n<li><a>...<\/a><\/li>\n\n\n\n<li><a href='?page_no=22911'>22911<\/a><\/li>\n\n\n\n<li><a href='?page_no=22912'>22912<\/a><\/li>\n\n    \n\t\n\n<li >\n\t<a href='?page_no=41'>Next<\/a>\n\t<\/li>\n\n\n    \n\n<li><a href='?page_no=22912'>Last &rsaquo;&rsaquo;<\/a><\/li>\n\n<\/ul>\n\n\n--><br \/>\n<\/body><\/p>\n","protected":false},"excerpt":{"rendered":"<p>diariodominicano.com Santo Domingo, R. D., 19 de noviembre, 2020.- El Ministro de Educaci\u00f3n Superior, Ciencia y Tecnolog\u00eda (MESCYT), doctor Franklin Garc\u00eda Ferm\u00edn, y la presidenta de la Cruz Roja Dominicana, doctora Ligia Leroux de Ram\u00edrez, sostuvieron una reuni\u00f3n de trabajo, con el objetivo de implementar procesos de capacitaci\u00f3n de forma rec\u00edproca. Garc\u00eda Ferm\u00edn y Leroux [&hellip;]<\/p>\n","protected":false},"author":3,"featured_media":0,"comment_status":"open","ping_status":"open","sticky":false,"template":"","format":"standard","meta":{"footnotes":""},"categories":[21],"tags":[],"class_list":["post-51573","post","type-post","status-publish","format-standard","hentry","category-cultura"],"_links":{"self":[{"href":"https:\/\/diariodominicano.com\/index.php?rest_route=\/wp\/v2\/posts\/51573","targetHints":{"allow":["GET"]}}],"collection":[{"href":"https:\/\/diariodominicano.com\/index.php?rest_route=\/wp\/v2\/posts"}],"about":[{"href":"https:\/\/diariodominicano.com\/index.php?rest_route=\/wp\/v2\/types\/post"}],"author":[{"embeddable":true,"href":"https:\/\/diariodominicano.com\/index.php?rest_route=\/wp\/v2\/users\/3"}],"replies":[{"embeddable":true,"href":"https:\/\/diariodominicano.com\/index.php?rest_route=%2Fwp%2Fv2%2Fcomments&post=51573"}],"version-history":[{"count":0,"href":"https:\/\/diariodominicano.com\/index.php?rest_route=\/wp\/v2\/posts\/51573\/revisions"}],"wp:attachment":[{"href":"https:\/\/diariodominicano.com\/index.php?rest_route=%2Fwp%2Fv2%2Fmedia&parent=51573"}],"wp:term":[{"taxonomy":"category","embeddable":true,"href":"https:\/\/diariodominicano.com\/index.php?rest_route=%2Fwp%2Fv2%2Fcategories&post=51573"},{"taxonomy":"post_tag","embeddable":true,"href":"https:\/\/diariodominicano.com\/index.php?rest_route=%2Fwp%2Fv2%2Ftags&post=51573"}],"curies":[{"name":"wp","href":"https:\/\/api.w.org\/{rel}","templated":true}]}}