{"id":51572,"date":"2020-11-28T22:34:07","date_gmt":"2020-11-28T22:34:07","guid":{"rendered":"http:\/\/diariodominicano.ddns.net\/?p=51572"},"modified":"2020-11-28T22:34:07","modified_gmt":"2020-11-28T22:34:07","slug":"fallece-gregorio-urbano-gilbert","status":"publish","type":"post","link":"https:\/\/diariodominicano.com\/?p=51572","title":{"rendered":"Fallece Gregorio Urbano Gilbert"},"content":{"rendered":"<p><body><\/p>\n<p><img decoding=\"async\" src=\"img3\/Gregorio-Urbano-Gilbert-I.jpg\" \/>  <\/p>\n<p><strong>Diariodominicano.com<\/strong><\/p>\n<p><strong>Fallece Gregorio Urbano Gilbert<\/strong><\/p>\n<p><strong>   <\/strong><\/p>\n<p><strong>SANTO DOMINGO,  el 29 de noviembre de 1970,<\/strong> falleci\u00f3 en la ciudad de Santo Domingo, Gregorio Urbano Gilbert, quien se distingui\u00f3 por su lucha contra la intervenci\u00f3n militar de Estados en  1916. Detalles de su vida figuran en  las  memorias que entreg\u00f3 a la Universidad Aut\u00f3noma de Santo Domingo en el mismo a\u00f1o 1970. <\/p>\n<\/p>\n<p>        En San Pedro de Macor\u00eds, cuando ten\u00eda 17 a\u00f1os, Gregorio Urbano Gilbert enfrent\u00f3 armado de un rev\u00f3lver a una patrulla de los interventores. En  un incidente en el muelle de San Pedro de Macor\u00eds, ultim\u00f3 al capit\u00e1n CH Button,  jefe de las tropas establecidas en la regi\u00f3n.<\/p>\n<\/p>\n<p>Luego se uni\u00f3 a las fuerzas que luchaban en la regi\u00f3n Este al mando de Pedro Evangelista.<\/p>\n<\/p>\n<p>           M\u00e1s tarde fue apresado en Montecristi y fue mantenido en prisi\u00f3n durante varios meses.<\/p>\n<\/p>\n<p>        En el a\u00f1o 1928, Gregorio Urbano Gilbert viaj\u00f3 a Nicaragua, donde se uni\u00f3 a las fuerzas del general C\u00e9sar Augusto Sandino, que luchaba contra la intervenci\u00f3n de Estados Unidos en su pa\u00eds. All\u00ed alcanz\u00f3 el grado de Capit\u00e1n.<\/p>\n<\/p>\n<p>         Gregorio Urbano Gilbert naci\u00f3 en Puerto Plata, el 25 de mayo de 1898, hijo de Benjam\u00edn Gilbert de las Islas Bahamas y Narcisa Suero de Rep\u00fablica Dominicana. De joven, se mudo a San Pedro de Macor\u00eds, all\u00ed trabaj\u00f3 como tip\u00f3grafo, luego como vendedor en un negocio de venta de provisiones.<\/p>\n<\/p>\n<p>Gregorio  fue  de los primeros que ofrecieron sus servicios a la Junta Nacionalista creada para protestar contra de la ocupaci\u00f3n extranjera.<\/p>\n<p>Los estadounidenses  llegaron a San Pedro de Macor\u00eds  el 10 de enero de 1917.  Desde que Gilbert se enter\u00f3 de la noticia se puso en contacto con los comandantes  de la resistencia patri\u00f3tica, quienes  le informaron que no hab\u00eda ning\u00fan plan de acci\u00f3n concreto para oponerse al desembarco. <\/p>\n<\/p>\n<p>La experiencia llev\u00f3 al  joven de 17 a\u00f1os a tomar la decisi\u00f3n  de hacer resistencia individual al desembarco de tropas extranjeras. En su lugar de trabajo se hizo de un peque\u00f1o rev\u00f3lver calibre 32, diez c\u00e1psulas para el arma  y un cuchillo. <\/p>\n<\/p>\n<p>De all\u00ed se dirigi\u00f3 al muelle de Macor\u00eds, observ\u00f3 a los invasores  y escribi\u00f3 en un papel que luego introdujo en su bolsillo de su chaqueta: \u201c Muero, pero muero satisfecho porque es un acto de protesta contra la invasi\u00f3n de mi patria por fuerzas extranjeras.  Luego al grito de \u00a1Viva la Rep\u00fablica Dominicana! Gilbert descarg\u00f3 su rev\u00f3lver sobre un grupo de oficiales que desembarcaban. En esa circunstancia cay\u00f3  el oficial estadounidense  C. H. Burton.<\/p>\n<p>Gilbert no sufri\u00f3 heridas en el incidente.  Cuando  era perseguido por las tropas invasoras, Gilbert se uni\u00f3 a las fuerzas guerrilleras comandadas por Vicente Evangelista, y particip\u00f3  en varios combates en contra de las tropas extranjeras. <\/p>\n<\/p>\n<p>Despu\u00e9s que  su  grupo fue desarticulado, Gilbert se  estableci\u00f3  en  Monte Cristi, donde trabaj\u00f3 en una imprenta, hasta que fue delatado.  Tras ser apresado fue sometido a torturas  y metido en un hoyo de 25 pies de profundidad. <\/p>\n<\/p>\n<p>De all\u00ed fue trasladado a la ciudad  Santo Domingo, donde fue condenado a ser colgado vivo hasta que  se produjera la muerte. Las reiteradas demandas de que le fuera conmutada la pena, formulada por personalidades nacionales, lograron que el presidente Woodrow Wilson, cambiara la sentencia de muerte por la de prisi\u00f3n perpetua. <\/p>\n<\/p>\n<p>El 2 de Octubre de 1922, fue puesto en libertad. Sali\u00f3 de Rep\u00fablica Dominicana,  y visit\u00f3 varios pa\u00edses latinoamericanos. En  1928, se integr\u00f3 a las guerrillas nicarag\u00fcenses que luchaban contra las tropas estadounidenses bajo la direcci\u00f3n de C\u00e9sar Augusto Sandino. <\/p>\n<\/p>\n<p>Al lado de Sandino alcanz\u00f3  el grado de capit\u00e1n, y el cargo de  cuarto ayudante del Comando Supremo del Ej\u00e9rcito Sandinista. <\/p>\n<\/p>\n<p>M\u00e1s tarde fue seleccionado  como segundo ayudante que acompa\u00f1\u00f3 a Sandino en su viaje a M\u00e9xico, en busca de ayuda para la causa que defend\u00eda.<\/p>\n<p>Gilbert regres\u00f3 a la Rep\u00fablica Dominicana despu\u00e9s de pasar un a\u00f1o en el ej\u00e9rcito Sandinista. <\/p>\n<\/p>\n<p>En 1956 se doctor\u00f3 en Filosof\u00eda en la Universidad Aut\u00f3noma de Santo Domingo.<\/p>\n<p>En 1965, aunque estaba  enfermo,  estuvo apoyando a los constitucionalistas que defend\u00edan a la Patria que enfrentaba la segunda intervenci\u00f3n militar de Estados Unidos en el siglo XX.<\/p>\n<\/p>\n<h6> 2020-11-28 22:34:07 <\/h6>\n<p><!--\n<link rel=\"stylesheet\" href=\"css\/bootstrap.min.css\">\n\n\n<ul class=\"pagination\">\n\t    \n\t\n\n<li >\n\t<a href='?page_no=3'>Previous<\/a>\n\t<\/li>\n\n\n       \n    \n\n<li><a href='?page_no=1'>1<\/a><\/li>\n\n\n\n<li><a href='?page_no=2'>2<\/a><\/li>\n\n\n\n<li><a href='?page_no=3'>3<\/a><\/li>\n\n\n\n<li class='active'><a>4<\/a><\/li>\n\n\n\n<li><a href='?page_no=5'>5<\/a><\/li>\n\n\n\n<li><a href='?page_no=6'>6<\/a><\/li>\n\n\n\n<li><a href='?page_no=7'>7<\/a><\/li>\n\n\n\n<li><a>...<\/a><\/li>\n\n\n\n<li><a href='?page_no=22911'>22911<\/a><\/li>\n\n\n\n<li><a href='?page_no=22912'>22912<\/a><\/li>\n\n    \n\t\n\n<li >\n\t<a href='?page_no=5'>Next<\/a>\n\t<\/li>\n\n\n    \n\n<li><a href='?page_no=22912'>Last &rsaquo;&rsaquo;<\/a><\/li>\n\n<\/ul>\n\n\n--><br \/>\n<\/body><\/p>\n","protected":false},"excerpt":{"rendered":"<p>Diariodominicano.com Fallece Gregorio Urbano Gilbert SANTO DOMINGO, el 29 de noviembre de 1970, falleci\u00f3 en la ciudad de Santo Domingo, Gregorio Urbano Gilbert, quien se distingui\u00f3 por su lucha contra la intervenci\u00f3n militar de Estados en 1916. Detalles de su vida figuran en las memorias que entreg\u00f3 a la Universidad Aut\u00f3noma de Santo Domingo en [&hellip;]<\/p>\n","protected":false},"author":3,"featured_media":0,"comment_status":"open","ping_status":"open","sticky":false,"template":"","format":"standard","meta":{"footnotes":""},"categories":[21],"tags":[],"class_list":["post-51572","post","type-post","status-publish","format-standard","hentry","category-cultura"],"_links":{"self":[{"href":"https:\/\/diariodominicano.com\/index.php?rest_route=\/wp\/v2\/posts\/51572","targetHints":{"allow":["GET"]}}],"collection":[{"href":"https:\/\/diariodominicano.com\/index.php?rest_route=\/wp\/v2\/posts"}],"about":[{"href":"https:\/\/diariodominicano.com\/index.php?rest_route=\/wp\/v2\/types\/post"}],"author":[{"embeddable":true,"href":"https:\/\/diariodominicano.com\/index.php?rest_route=\/wp\/v2\/users\/3"}],"replies":[{"embeddable":true,"href":"https:\/\/diariodominicano.com\/index.php?rest_route=%2Fwp%2Fv2%2Fcomments&post=51572"}],"version-history":[{"count":0,"href":"https:\/\/diariodominicano.com\/index.php?rest_route=\/wp\/v2\/posts\/51572\/revisions"}],"wp:attachment":[{"href":"https:\/\/diariodominicano.com\/index.php?rest_route=%2Fwp%2Fv2%2Fmedia&parent=51572"}],"wp:term":[{"taxonomy":"category","embeddable":true,"href":"https:\/\/diariodominicano.com\/index.php?rest_route=%2Fwp%2Fv2%2Fcategories&post=51572"},{"taxonomy":"post_tag","embeddable":true,"href":"https:\/\/diariodominicano.com\/index.php?rest_route=%2Fwp%2Fv2%2Ftags&post=51572"}],"curies":[{"name":"wp","href":"https:\/\/api.w.org\/{rel}","templated":true}]}}