{"id":515719,"date":"2024-03-15T12:10:06","date_gmt":"2024-03-15T16:10:06","guid":{"rendered":"https:\/\/diariodominicano.com\/?p=515719"},"modified":"2024-03-15T12:10:06","modified_gmt":"2024-03-15T16:10:06","slug":"ministro-agricultura-destaca-potencial-rd-en-materia-de-produccion","status":"publish","type":"post","link":"https:\/\/diariodominicano.com\/?p=515719","title":{"rendered":"Ministro Agricultura destaca potencial RD en materia de producci\u00f3n"},"content":{"rendered":"\n<p>diariodominicano.com<\/p>\n\n\n\n<p><em>Limber Cruz elogia calidad de rubros y ganado exhibido en Feria Agropecuaria, calific\u00e1ndola como la mejor en toda su historia<\/em><\/p>\n\n\n\n<p><strong>Santo Domingo, R. D., 15 de .-<\/strong>\u00a0\u201cLa Rep\u00fablica Dominicana tiene todo el potencial de aumentar la productividad y el crecimiento en materia de producci\u00f3n agropecuaria, adem\u00e1s que exhibimos una gran calidad en el mejoramiento gen\u00e9tico en la industria ganadera, lo que nos coloca a la vanguardia y como un pilar en el sector productivo del hemisferio y mundial\u201d.<\/p>\n\n\n\n<p>As\u00ed se expres\u00f3 el ministro de Agricultura, Limber Cruz al destacar la calidad, inocuidad y diversidad de rubros que se producen en el pa\u00eds, sumado al enorme potencial que representa esta parte de la isla para diversificar la producci\u00f3n en el campo por las facilidades de producir todo el a\u00f1o.<\/p>\n\n\n\n<p>El titular de la cartera agropecuaria se\u00f1al\u00f3 que en los m\u00e1s de 20 a\u00f1os que tiene visitando la feria, no solo como ministro, sino como productor y ganadero, lo que ha visto este a\u00f1o no tiene precedentes en la historia de las ferias agropecuarias, por lo que felicita al Patronato y dem\u00e1s organizadores del evento.<\/p>\n\n\n\n<p>\u201cHemos logrado mejorar en la tecnificaci\u00f3n del campo, llevando la tecnolog\u00eda hasta la m\u00e1s peque\u00f1a producci\u00f3n. De igual forma, la innovaci\u00f3n a trav\u00e9s de la implementaci\u00f3n de producci\u00f3n In-vitro, Bio-producci\u00f3n y gen\u00e9tica, as\u00ed como multiplicaci\u00f3n de simientes de calidad que nos colocan a la vanguardia como uno de los pa\u00edses caribe\u00f1os con mayor adelanto en producci\u00f3n agropecuaria\u201d, dijo.<\/p>\n\n\n\n<p>Esto puede apreciarse en los 600 ejemplares bovinos de carne y leche que se muestran en la feria, as\u00ed como la calidad en las especies equinas, caprina, ovino, la mejor\u00eda y crecimiento de la acuicultura y la producci\u00f3n ap\u00edcola, as\u00ed mismo, en los rubros y v\u00edveres del campo dominicano que aqu\u00ed se muestran y venden.<\/p>\n\n\n\n<p>Cruz habl\u00f3 de esta manera al realizar un recorrido por la Feria Agropecuaria 2024, que se desarrolla de 8 de la ma\u00f1ana hasta las 10 de la noche todos los d\u00edas hasta el pr\u00f3ximo domingo 17, teniendo esta vez como pa\u00eds invitado a Francia.<\/p>\n\n\n\n<p>Periodista Erick Montilla<\/p>\n\n\n\n<p>Director de Comunicaciones, Prensa y RR.PP.<\/p>\n\n\n\n<p>Ministerio de Agricultura<\/p>\n\n\n\n<p><strong>LINK VIDEO HD:\u00a0<a href=\"https:\/\/we.tl\/t-iuDrGl8JiX\" target=\"_blank\" rel=\"noreferrer noopener\">https:\/\/we.tl\/t-iuDrGl8JiX<\/a><\/strong><\/p>\n","protected":false},"excerpt":{"rendered":"<p>diariodominicano.com Limber Cruz elogia calidad de rubros y ganado exhibido en Feria Agropecuaria, calific\u00e1ndola como la mejor en toda su historia Santo Domingo, R. D., 15 de .-\u00a0\u201cLa Rep\u00fablica Dominicana tiene todo el potencial de aumentar la productividad y el crecimiento en materia de producci\u00f3n agropecuaria, adem\u00e1s que exhibimos una gran calidad en el mejoramiento [&hellip;]<\/p>\n","protected":false},"author":5,"featured_media":515725,"comment_status":"closed","ping_status":"","sticky":true,"template":"","format":"standard","meta":{"footnotes":""},"categories":[20,27],"tags":[],"class_list":["post-515719","post","type-post","status-publish","format-standard","has-post-thumbnail","hentry","category-dominicana-hoy","category-portada"],"_links":{"self":[{"href":"https:\/\/diariodominicano.com\/index.php?rest_route=\/wp\/v2\/posts\/515719","targetHints":{"allow":["GET"]}}],"collection":[{"href":"https:\/\/diariodominicano.com\/index.php?rest_route=\/wp\/v2\/posts"}],"about":[{"href":"https:\/\/diariodominicano.com\/index.php?rest_route=\/wp\/v2\/types\/post"}],"author":[{"embeddable":true,"href":"https:\/\/diariodominicano.com\/index.php?rest_route=\/wp\/v2\/users\/5"}],"replies":[{"embeddable":true,"href":"https:\/\/diariodominicano.com\/index.php?rest_route=%2Fwp%2Fv2%2Fcomments&post=515719"}],"version-history":[{"count":1,"href":"https:\/\/diariodominicano.com\/index.php?rest_route=\/wp\/v2\/posts\/515719\/revisions"}],"predecessor-version":[{"id":515726,"href":"https:\/\/diariodominicano.com\/index.php?rest_route=\/wp\/v2\/posts\/515719\/revisions\/515726"}],"wp:featuredmedia":[{"embeddable":true,"href":"https:\/\/diariodominicano.com\/index.php?rest_route=\/wp\/v2\/media\/515725"}],"wp:attachment":[{"href":"https:\/\/diariodominicano.com\/index.php?rest_route=%2Fwp%2Fv2%2Fmedia&parent=515719"}],"wp:term":[{"taxonomy":"category","embeddable":true,"href":"https:\/\/diariodominicano.com\/index.php?rest_route=%2Fwp%2Fv2%2Fcategories&post=515719"},{"taxonomy":"post_tag","embeddable":true,"href":"https:\/\/diariodominicano.com\/index.php?rest_route=%2Fwp%2Fv2%2Ftags&post=515719"}],"curies":[{"name":"wp","href":"https:\/\/api.w.org\/{rel}","templated":true}]}}