{"id":515659,"date":"2024-03-15T10:05:12","date_gmt":"2024-03-15T14:05:12","guid":{"rendered":"https:\/\/diariodominicano.com\/?p=515659"},"modified":"2024-03-15T10:18:14","modified_gmt":"2024-03-15T14:18:14","slug":"fallece-la-madre-del-exdirector-de-la-dncd-mayor-general-retirado-julio-cesar-souffront-velazquez","status":"publish","type":"post","link":"https:\/\/diariodominicano.com\/?p=515659","title":{"rendered":"Fallece la madre del exdirector de la DNCD Mayor General retirado Julio C\u00e9sar Souffront Vel\u00e1zquez"},"content":{"rendered":"\n<p>Se\u00f1ora Rafaela Vel\u00e1zquez Vizca\u00edno<\/p>\n\n\n\n<p><strong><br><\/strong><br><strong>Diariodominicano.com<\/strong><\/p>\n\n\n\n<p><strong>Santo Domingo<\/strong>, RD.- Falleci\u00f3 la tarde del jueves la madre del expresidente de la Direcci\u00f3n Nacional de Control de Drogas (DNCD), mayor general retirado Julio C\u00e9sar Souffront Vel\u00e1zquez, se\u00f1ora Rafaela Vel\u00e1zquez Vizca\u00edno, a la edad de 82 a\u00f1os.<\/p>\n\n\n\n<figure class=\"wp-block-image size-full\"><img loading=\"lazy\" decoding=\"async\" width=\"603\" height=\"768\" src=\"https:\/\/diariodominicano.com\/wp-content\/uploads\/2024\/03\/Julio-Cesar-Souffront-Velazquez-general-r-1.jpg\" alt=\"\" class=\"wp-image-515665\" srcset=\"https:\/\/diariodominicano.com\/wp-content\/uploads\/2024\/03\/Julio-Cesar-Souffront-Velazquez-general-r-1.jpg 603w, https:\/\/diariodominicano.com\/wp-content\/uploads\/2024\/03\/Julio-Cesar-Souffront-Velazquez-general-r-1-236x300.jpg 236w\" sizes=\"auto, (max-width: 603px) 100vw, 603px\" \/><\/figure>\n\n\n\n<p><strong>Mayor general retirado Julio C\u00e9sar Souffront Vel\u00e1zquez<\/strong> (archivo)<br><br>Sus restos ser\u00e1n velados en la Funeraria Blandino, de la avenida Abraham Lincoln, a partir de las 12:00 del medio d\u00eda de este viernes; mientras que la partida hacia el Campo Santo Puerta del Cielo, est\u00e1 programada para las 12:30 del S\u00e1bado.<br><br>Rafaela Vel\u00e1zquez, nacida en ciudad  Santo Domingo de Guzm\u00e1n, deja un doloroso pesar en sus familiares y amigos, pero su memoria perdurar\u00e1 por su entrega, generosidad y amor al pr\u00f3jimo, expres\u00f3 la familia al comunicar el fallecimiento de la .se\u00f1ora Rafaela Vel\u00e1zquez Vizca\u00edno.<\/p>\n\n\n\n<p>alexirp30 alexi<\/p>\n\n\n\n<p><a href=\"mailto:alexirp300@gmail.com\" target=\"_blank\" rel=\"noreferrer noopener\">alexirp300@gmail.com<\/a><\/p>\n\n\n\n<p>Diariodominicano.com el medio de comunicaci\u00f3n <\/p>\n\n\n\n<p><br><br><br><\/p>\n","protected":false},"excerpt":{"rendered":"<p>Se\u00f1ora Rafaela Vel\u00e1zquez Vizca\u00edno Diariodominicano.com Santo Domingo, RD.- Falleci\u00f3 la tarde del jueves la madre del expresidente de la Direcci\u00f3n Nacional de Control de Drogas (DNCD), mayor general retirado Julio C\u00e9sar Souffront Vel\u00e1zquez, se\u00f1ora Rafaela Vel\u00e1zquez Vizca\u00edno, a la edad de 82 a\u00f1os. Mayor general retirado Julio C\u00e9sar Souffront Vel\u00e1zquez (archivo) Sus restos ser\u00e1n velados [&hellip;]<\/p>\n","protected":false},"author":28,"featured_media":515660,"comment_status":"closed","ping_status":"","sticky":true,"template":"","format":"standard","meta":{"footnotes":""},"categories":[25,27],"tags":[],"class_list":["post-515659","post","type-post","status-publish","format-standard","has-post-thumbnail","hentry","category-gente","category-portada"],"_links":{"self":[{"href":"https:\/\/diariodominicano.com\/index.php?rest_route=\/wp\/v2\/posts\/515659","targetHints":{"allow":["GET"]}}],"collection":[{"href":"https:\/\/diariodominicano.com\/index.php?rest_route=\/wp\/v2\/posts"}],"about":[{"href":"https:\/\/diariodominicano.com\/index.php?rest_route=\/wp\/v2\/types\/post"}],"author":[{"embeddable":true,"href":"https:\/\/diariodominicano.com\/index.php?rest_route=\/wp\/v2\/users\/28"}],"replies":[{"embeddable":true,"href":"https:\/\/diariodominicano.com\/index.php?rest_route=%2Fwp%2Fv2%2Fcomments&post=515659"}],"version-history":[{"count":8,"href":"https:\/\/diariodominicano.com\/index.php?rest_route=\/wp\/v2\/posts\/515659\/revisions"}],"predecessor-version":[{"id":515671,"href":"https:\/\/diariodominicano.com\/index.php?rest_route=\/wp\/v2\/posts\/515659\/revisions\/515671"}],"wp:featuredmedia":[{"embeddable":true,"href":"https:\/\/diariodominicano.com\/index.php?rest_route=\/wp\/v2\/media\/515660"}],"wp:attachment":[{"href":"https:\/\/diariodominicano.com\/index.php?rest_route=%2Fwp%2Fv2%2Fmedia&parent=515659"}],"wp:term":[{"taxonomy":"category","embeddable":true,"href":"https:\/\/diariodominicano.com\/index.php?rest_route=%2Fwp%2Fv2%2Fcategories&post=515659"},{"taxonomy":"post_tag","embeddable":true,"href":"https:\/\/diariodominicano.com\/index.php?rest_route=%2Fwp%2Fv2%2Ftags&post=515659"}],"curies":[{"name":"wp","href":"https:\/\/api.w.org\/{rel}","templated":true}]}}