{"id":515646,"date":"2024-03-15T01:50:29","date_gmt":"2024-03-15T05:50:29","guid":{"rendered":"https:\/\/diariodominicano.com\/?p=515646"},"modified":"2024-03-15T01:50:29","modified_gmt":"2024-03-15T05:50:29","slug":"recuerda-cuba-protesta-de-baragua-muestra-de-dignidad-y-bravura","status":"publish","type":"post","link":"https:\/\/diariodominicano.com\/?p=515646","title":{"rendered":"Recuerda Cuba Protesta de Baragu\u00e1, muestra de dignidad y bravura"},"content":{"rendered":"\n<p>La Habana, 15 mar (Prensa Latina) A 146 a\u00f1os de la hist\u00f3rica Protesta de Baragu\u00e1, los cubanos evocan hoy la bravura y dignidad del mayor general Antonio Maceo, quien se neg\u00f3 a aceptar una paz sin independencia del coloniaje espa\u00f1ol.<\/p>\n\n\n\n<ul class=\"wp-block-list\">\n<li><a href=\"https:\/\/www.prensa-latina.cu\/2024\/03\/15\/\">marzo 15, 2024 | 01:26<\/a><\/li>\n<\/ul>\n\n\n\n<p>El 15 de marzo de 1878, en Mangos de Baragu\u00e1 (actual provincia de Santiago de Cuba en el oriente del pa\u00eds), tuvo lugar el hecho protagonizado por Maceo y otros altos jefes, oficiales y tropas bajo su mando.<\/p>\n\n\n\n<p>Con la orden de desobediencia, el tambi\u00e9n conocido como Tit\u00e1n de Bronce, llev\u00f3 a su punto m\u00e1s elevado el esp\u00edritu patri\u00f3tico y revolucionario del pueblo cubano, seg\u00fan expresara el propio l\u00edder hist\u00f3rico de la Revoluci\u00f3n cubana, Fidel Castro.<\/p>\n\n\n\n<p>Con la ic\u00f3nica frase de \u201cNo, no nos entendemos\u201d al general espa\u00f1ol, Arsenio Mart\u00ednez Campos, Maceo rechaz\u00f3 el Pacto del Zanj\u00f3n, en el que Espa\u00f1a, tras 10 a\u00f1os de guerra, ofrec\u00eda el cese de las hostilidades sin una soluci\u00f3n a la situaci\u00f3n colonial que levant\u00f3 en armas a los cubanos.<\/p>\n\n\n\n<p>Ese acuerdo fue inadmisible para quienes, desde los campos de la naci\u00f3n caribe\u00f1a, manten\u00edan la voluntad por la liberaci\u00f3n definitiva de la isla y estaban dispuestos a proseguir las acciones b\u00e9licas.<\/p>\n\n\n\n<p>Al proclamar su decisi\u00f3n irrevocable de combatir, el insigne revolucionario inspir\u00f3 la lucha de generaciones posteriores.<\/p>\n\n\n\n<p>La naci\u00f3n caribe\u00f1a celebra esta fecha dando nuevamente muestra de su car\u00e1cter ind\u00f3mito, enfrentando cada d\u00eda las agresiones de Estados Unidos que intentan estrangular la econom\u00eda nacional y provocar un estallido social.<\/p>\n\n\n\n<p>jha\/mpp<\/p>\n","protected":false},"excerpt":{"rendered":"<p>La Habana, 15 mar (Prensa Latina) A 146 a\u00f1os de la hist\u00f3rica Protesta de Baragu\u00e1, los cubanos evocan hoy la bravura y dignidad del mayor general Antonio Maceo, quien se neg\u00f3 a aceptar una paz sin independencia del coloniaje espa\u00f1ol. El 15 de marzo de 1878, en Mangos de Baragu\u00e1 (actual provincia de Santiago de [&hellip;]<\/p>\n","protected":false},"author":28,"featured_media":515647,"comment_status":"closed","ping_status":"","sticky":false,"template":"","format":"standard","meta":{"footnotes":""},"categories":[26,23],"tags":[],"class_list":["post-515646","post","type-post","status-publish","format-standard","has-post-thumbnail","hentry","category-efemerides","category-internacional"],"_links":{"self":[{"href":"https:\/\/diariodominicano.com\/index.php?rest_route=\/wp\/v2\/posts\/515646","targetHints":{"allow":["GET"]}}],"collection":[{"href":"https:\/\/diariodominicano.com\/index.php?rest_route=\/wp\/v2\/posts"}],"about":[{"href":"https:\/\/diariodominicano.com\/index.php?rest_route=\/wp\/v2\/types\/post"}],"author":[{"embeddable":true,"href":"https:\/\/diariodominicano.com\/index.php?rest_route=\/wp\/v2\/users\/28"}],"replies":[{"embeddable":true,"href":"https:\/\/diariodominicano.com\/index.php?rest_route=%2Fwp%2Fv2%2Fcomments&post=515646"}],"version-history":[{"count":1,"href":"https:\/\/diariodominicano.com\/index.php?rest_route=\/wp\/v2\/posts\/515646\/revisions"}],"predecessor-version":[{"id":515648,"href":"https:\/\/diariodominicano.com\/index.php?rest_route=\/wp\/v2\/posts\/515646\/revisions\/515648"}],"wp:featuredmedia":[{"embeddable":true,"href":"https:\/\/diariodominicano.com\/index.php?rest_route=\/wp\/v2\/media\/515647"}],"wp:attachment":[{"href":"https:\/\/diariodominicano.com\/index.php?rest_route=%2Fwp%2Fv2%2Fmedia&parent=515646"}],"wp:term":[{"taxonomy":"category","embeddable":true,"href":"https:\/\/diariodominicano.com\/index.php?rest_route=%2Fwp%2Fv2%2Fcategories&post=515646"},{"taxonomy":"post_tag","embeddable":true,"href":"https:\/\/diariodominicano.com\/index.php?rest_route=%2Fwp%2Fv2%2Ftags&post=515646"}],"curies":[{"name":"wp","href":"https:\/\/api.w.org\/{rel}","templated":true}]}}