{"id":515616,"date":"2024-03-15T00:19:16","date_gmt":"2024-03-15T04:19:16","guid":{"rendered":"https:\/\/diariodominicano.com\/?p=515616"},"modified":"2024-03-15T00:19:16","modified_gmt":"2024-03-15T04:19:16","slug":"abinader-da-inicio-a-rehabilitacion-instalaciones-para-juegos-santo-domingo-2026","status":"publish","type":"post","link":"https:\/\/diariodominicano.com\/?p=515616","title":{"rendered":"Abinader da inicio a rehabilitaci\u00f3n instalaciones para Juegos Santo Domingo 2026"},"content":{"rendered":"\n<p>&nbsp;El Mived estar\u00e1 a cargo de remozar las instalaciones para el montaje del evento.<\/p>\n\n\n\n<figure class=\"wp-block-image size-large\"><img loading=\"lazy\" decoding=\"async\" width=\"1024\" height=\"683\" src=\"https:\/\/diariodominicano.com\/wp-content\/uploads\/2024\/03\/IMG-20240314-WA0046-1024x683.jpg\" alt=\"\" class=\"wp-image-515618\" srcset=\"https:\/\/diariodominicano.com\/wp-content\/uploads\/2024\/03\/IMG-20240314-WA0046-1024x683.jpg 1024w, https:\/\/diariodominicano.com\/wp-content\/uploads\/2024\/03\/IMG-20240314-WA0046-300x200.jpg 300w, https:\/\/diariodominicano.com\/wp-content\/uploads\/2024\/03\/IMG-20240314-WA0046-768x512.jpg 768w, https:\/\/diariodominicano.com\/wp-content\/uploads\/2024\/03\/IMG-20240314-WA0046-1536x1024.jpg 1536w, https:\/\/diariodominicano.com\/wp-content\/uploads\/2024\/03\/IMG-20240314-WA0046-2048x1365.jpg 2048w, https:\/\/diariodominicano.com\/wp-content\/uploads\/2024\/03\/IMG-20240314-WA0046-816x544.jpg 816w\" sizes=\"auto, (max-width: 1024px) 100vw, 1024px\" \/><\/figure>\n\n\n\n<p>Santo Domingo Este.- El Presidente Luis Abinader dio el primer palazo para dejar iniciados de manera formal los trabajos de remozamientos de las instalaciones deportivas que albergar\u00e1n los XXV Juegos Centroamericanos y del Caribe, Santo Domingo 2026.&nbsp;&nbsp;<\/p>\n\n\n\n<p>El acto tuvo lugar en el pabell\u00f3n de hockey sobre c\u00e9sped del Parque del Este la ma\u00f1ana de este jueves.<\/p>\n\n\n\n<p>El Ministerio de la Vivienda y Edificaciones (Mived), estar\u00e1 al frente de los trabajos, seg\u00fan anunci\u00f3 el ministro Carlos Bonilla, quien detall\u00f3 las obras que se realizar\u00e1n de cara al evento regional.<\/p>\n\n\n\n<figure class=\"wp-block-image size-large\"><img loading=\"lazy\" decoding=\"async\" width=\"1024\" height=\"683\" src=\"https:\/\/diariodominicano.com\/wp-content\/uploads\/2024\/03\/IMG-20240314-WA0049-1024x683.jpg\" alt=\"\" class=\"wp-image-515619\" srcset=\"https:\/\/diariodominicano.com\/wp-content\/uploads\/2024\/03\/IMG-20240314-WA0049-1024x683.jpg 1024w, https:\/\/diariodominicano.com\/wp-content\/uploads\/2024\/03\/IMG-20240314-WA0049-300x200.jpg 300w, https:\/\/diariodominicano.com\/wp-content\/uploads\/2024\/03\/IMG-20240314-WA0049-768x512.jpg 768w, https:\/\/diariodominicano.com\/wp-content\/uploads\/2024\/03\/IMG-20240314-WA0049-1536x1024.jpg 1536w, https:\/\/diariodominicano.com\/wp-content\/uploads\/2024\/03\/IMG-20240314-WA0049-2048x1365.jpg 2048w, https:\/\/diariodominicano.com\/wp-content\/uploads\/2024\/03\/IMG-20240314-WA0049-816x544.jpg 816w\" sizes=\"auto, (max-width: 1024px) 100vw, 1024px\" \/><\/figure>\n\n\n\n<p>Bonilla manifest\u00f3 que los recintos deportivos m\u00e1s importantes del pa\u00eds recibir\u00e1n adecuaciones, iniciando por el Centro Ol\u00edmpico Juan Pablo Duarte y el Parque Mirador Este.<\/p>\n\n\n\n<p>\u201cDesde el Mived ya comenzamos los trabajos para que est\u00e9n a tiempo. Remozaremos el Estadio Ol\u00edmpico F\u00e9lix S\u00e1nchez, as\u00ed como el Centro Acu\u00e1tico, el pabell\u00f3n de artes marciales, las canchas de voleibol, el vel\u00f3dromo, los estadios de softbol, b\u00e9isbol entre otras\u201d.<\/p>\n\n\n\n<p>El funcionario explic\u00f3 que tambi\u00e9n se remozar\u00e1n el Pabell\u00f3n de Esgrima, el estadio de f\u00fatbol, y los estacionamientos del Centro Ol\u00edmpico. Reemplazar\u00e1n los asientos del f\u00fatbol. Antes albergaba a 15 mil fan\u00e1ticos, y lo llevar\u00e1n a 21 mil. Adem\u00e1s, tendr\u00e1 grama estructurada y mejorar\u00e1n la iluminaci\u00f3n.<\/p>\n\n\n\n<p>El Palacio de los Deportes, Virgilio Travieso Soto, ya est\u00e1 siendo intervenido.<\/p>\n\n\n\n<p>En el Parque del Este, renovar\u00e1n las zonas de halterofilia, tiro con arco, balonmano y tenis de mesa. Bonilla dijo que el gobierno invertir\u00e1 en las obras m\u00e1s de 3,700 millones de pesos.<\/p>\n\n\n\n<p>El presidente del Comit\u00e9 Organizador de los pr\u00f3ximos Juegos Centroamericanos y del Caribe, Jos\u00e9 P. Monegro, anunci\u00f3 en su discurso que&nbsp; los atletas ser\u00e1n alojados en una Villa construidas con inversi\u00f3n privada por Constructora Bison\u00f3.<\/p>\n\n\n\n<p>Monegro expres\u00f3 que el acuerdo, conllevar\u00e1&nbsp; la construcci\u00f3n de un proyecto de vivienda privado, Villa del Este, al lado de la ciudad Juan Bosh, que albergar\u00e1 a los miles de atletas que participen en la cita multideportiva.<\/p>\n\n\n\n<p>Luego de culminados los juegos, los adquirientes de esos apartamentos recibir\u00e1n un financiamiento a tasa preferencia por parte del Banco de Reservas.<\/p>\n\n\n\n<p>De su lado, el presidente de Centro Caribe Sports (CCS), Luis Mej\u00eda Oviedo, expres\u00f3 su regocijo por la anticipaci\u00f3n con la cual el Comit\u00e9 Organizador est\u00e1 montando los juegos.<\/p>\n\n\n\n<p>\u201cAqu\u00ed no hay improvisaci\u00f3n, al contrario, hemos encontrado firmeza, decisi\u00f3n y coraje para que todas las edificaciones est\u00e9n a tiempo\u201d, dijo Mej\u00eda, que adem\u00e1s, comprometi\u00f3 al Gobierno dominicano de montar los mejores centroamericanos de la historia.<\/p>\n\n\n\n<p>El presidente de la Rep\u00fablica se hizo acompa\u00f1ar del ministro de Deportes, Francisco Camacho, as\u00ed como del senador de la provincia Antonio Tav\u00e9ras Guzm\u00e1n, y el reci\u00e9n electo a alcalde de Santo Domingo Este, Dio Astacio.<\/p>\n\n\n\n<p>Rafael Martinez<\/p>\n\n\n\n<p><a target=\"_blank\" href=\"mailto:rafael.ramaivan@gmail.com\" rel=\"noreferrer noopener\">rafael.ramaivan@gmail.com<\/a><\/p>\n","protected":false},"excerpt":{"rendered":"<p>&nbsp;El Mived estar\u00e1 a cargo de remozar las instalaciones para el montaje del evento. Santo Domingo Este.- El Presidente Luis Abinader dio el primer palazo para dejar iniciados de manera formal los trabajos de remozamientos de las instalaciones deportivas que albergar\u00e1n los XXV Juegos Centroamericanos y del Caribe, Santo Domingo 2026.&nbsp;&nbsp; El acto tuvo lugar [&hellip;]<\/p>\n","protected":false},"author":28,"featured_media":515617,"comment_status":"closed","ping_status":"","sticky":true,"template":"","format":"standard","meta":{"footnotes":""},"categories":[20,27],"tags":[],"class_list":["post-515616","post","type-post","status-publish","format-standard","has-post-thumbnail","hentry","category-dominicana-hoy","category-portada"],"_links":{"self":[{"href":"https:\/\/diariodominicano.com\/index.php?rest_route=\/wp\/v2\/posts\/515616","targetHints":{"allow":["GET"]}}],"collection":[{"href":"https:\/\/diariodominicano.com\/index.php?rest_route=\/wp\/v2\/posts"}],"about":[{"href":"https:\/\/diariodominicano.com\/index.php?rest_route=\/wp\/v2\/types\/post"}],"author":[{"embeddable":true,"href":"https:\/\/diariodominicano.com\/index.php?rest_route=\/wp\/v2\/users\/28"}],"replies":[{"embeddable":true,"href":"https:\/\/diariodominicano.com\/index.php?rest_route=%2Fwp%2Fv2%2Fcomments&post=515616"}],"version-history":[{"count":1,"href":"https:\/\/diariodominicano.com\/index.php?rest_route=\/wp\/v2\/posts\/515616\/revisions"}],"predecessor-version":[{"id":515620,"href":"https:\/\/diariodominicano.com\/index.php?rest_route=\/wp\/v2\/posts\/515616\/revisions\/515620"}],"wp:featuredmedia":[{"embeddable":true,"href":"https:\/\/diariodominicano.com\/index.php?rest_route=\/wp\/v2\/media\/515617"}],"wp:attachment":[{"href":"https:\/\/diariodominicano.com\/index.php?rest_route=%2Fwp%2Fv2%2Fmedia&parent=515616"}],"wp:term":[{"taxonomy":"category","embeddable":true,"href":"https:\/\/diariodominicano.com\/index.php?rest_route=%2Fwp%2Fv2%2Fcategories&post=515616"},{"taxonomy":"post_tag","embeddable":true,"href":"https:\/\/diariodominicano.com\/index.php?rest_route=%2Fwp%2Fv2%2Ftags&post=515616"}],"curies":[{"name":"wp","href":"https:\/\/api.w.org\/{rel}","templated":true}]}}