{"id":515586,"date":"2024-03-14T23:29:31","date_gmt":"2024-03-15T03:29:31","guid":{"rendered":"https:\/\/diariodominicano.com\/?p=515586"},"modified":"2024-03-14T23:29:31","modified_gmt":"2024-03-15T03:29:31","slug":"congresista-espaillat-llama-solicitar-subvenciones-para-proyectos-comunitarios","status":"publish","type":"post","link":"https:\/\/diariodominicano.com\/?p=515586","title":{"rendered":"Congresista Espaillat llama solicitar subvenciones para Proyectos Comunitarios"},"content":{"rendered":"\n<p><strong>Por Ram\u00f3n Mercedes<\/strong><\/p>\n\n\n\n<p><strong>NUEVA YORK.-<\/strong>&nbsp;El congresista dem\u00f3crata Adriano Espaillat, representante del distrito 13 de NY, anunci\u00f3 el inicio de un nuevo ciclo de financiamiento de proyectos comunitarios para que entidades estatales y locales, as\u00ed como organizaciones sin fines de lucro, reciban financiamiento federal directo a trav\u00e9s del Proceso de Asignaciones Presupuestarias.<\/p>\n\n\n\n<p>Espaillat, miembro del poderoso Comit\u00e9 de Asignaciones Presupuestarias de la C\u00e1mara de Representantes, que financia agencias y programas federales, indica que las solicitudes de subvenciones las pueden efectuar organizaciones sin fines de lucro 501 (c) (3), caritativas, religiosas, literaria, educativas, cient\u00edfica, entre otras.<\/p>\n\n\n\n<p>El Financiamiento de Proyectos Comunitarios permite a los miembros del Congreso dirigir fondos del Congreso a sus distritos para ayudar a abordar las necesidades de la comunidad. Este financiamiento es fundamental para ayudar a respaldar las funciones administrativas y operativas de grupos elegibles en el distrito.<\/p>\n\n\n\n<p>\u00abCada a\u00f1o, este proceso ayuda a nuestra oficina a identificar proyectos locales de todo el Distrito 13, que necesitan financiamiento y apoyo federal para continuar su trabajo para ayudar a los constituyentes\u201d, sostiene.<\/p>\n\n\n\n<p>\u201cEspero colaborar con cada uno de los grupos locales para ayudar a identificar proyectos y los pr\u00f3ximos pasos que deben dar para garantizar que este proceso y la oportunidad de financiamiento est\u00e9n disponibles para todos los elegibles en nuestro Distrito\u201d, apunt\u00f3 el congresista.<\/p>\n\n\n\n<p>El representante Espaillat es el primer dominicano estadounidense en servir en la C\u00e1mara de Representantes de los Estados Unidos y su Distrito 13 incluye vecindarios de Washington Heights, Inwood, Marble Hill, Hamilton Heights, Harlem, East Harlem, West Harlem, donde residen cientos de miles de habitantes de diferentes etnias, mayoritariamente hispana.<\/p>\n\n\n\n<p>La fecha l\u00edmite para solicitar es el pr\u00f3ximo 5 de abril. Cada solicitud de proyecto debe demostrar que los fondos obtenidos se utilizar\u00e1n en el a\u00f1o fiscal federal 2025 (del 1 de octubre de 2024 al 30 de septiembre de 2025). Los destinatarios con fines de lucro est\u00e1n prohibidos.<\/p>\n\n\n\n<p>Se anima a las organizaciones elegibles a llamar a la Oficina del congresista Adriano Espaillat al 202-225-4365 si los grupos tienen preguntas sobre el proceso de este ciclo de financiaci\u00f3n y otras actualizaciones.<\/p>\n\n\n\n<p>Para solicitar y saber los proyectos elegibles.&nbsp;<strong>Ver:<\/strong>&nbsp;<a href=\"https:\/\/espaillat.house.gov\/services\/grant-applicants\" rel=\"noreferrer noopener\" target=\"_blank\">https:\/\/espaillat.house.gov\/services\/grant-applicants<\/a>,&nbsp;adem\u00e1s,&nbsp;<strong>Ver:<\/strong>&nbsp;<a href=\"https:\/\/drive.google.com\/file\/d\/1rcCVumpg8KKgU1bcgJ7VyMumH525H1Rk\/view?usp=sharing\" rel=\"noreferrer noopener\" target=\"_blank\">https:\/\/drive.google.com\/file\/d\/1rcCVumpg8KKgU1bcgJ7VyMumH525H1Rk\/view?usp=sharing<\/a><\/p>\n","protected":false},"excerpt":{"rendered":"<p>Por Ram\u00f3n Mercedes NUEVA YORK.-&nbsp;El congresista dem\u00f3crata Adriano Espaillat, representante del distrito 13 de NY, anunci\u00f3 el inicio de un nuevo ciclo de financiamiento de proyectos comunitarios para que entidades estatales y locales, as\u00ed como organizaciones sin fines de lucro, reciban financiamiento federal directo a trav\u00e9s del Proceso de Asignaciones Presupuestarias. Espaillat, miembro del poderoso [&hellip;]<\/p>\n","protected":false},"author":28,"featured_media":515587,"comment_status":"closed","ping_status":"","sticky":true,"template":"","format":"standard","meta":{"footnotes":""},"categories":[20,23,27],"tags":[],"class_list":["post-515586","post","type-post","status-publish","format-standard","has-post-thumbnail","hentry","category-dominicana-hoy","category-internacional","category-portada"],"_links":{"self":[{"href":"https:\/\/diariodominicano.com\/index.php?rest_route=\/wp\/v2\/posts\/515586","targetHints":{"allow":["GET"]}}],"collection":[{"href":"https:\/\/diariodominicano.com\/index.php?rest_route=\/wp\/v2\/posts"}],"about":[{"href":"https:\/\/diariodominicano.com\/index.php?rest_route=\/wp\/v2\/types\/post"}],"author":[{"embeddable":true,"href":"https:\/\/diariodominicano.com\/index.php?rest_route=\/wp\/v2\/users\/28"}],"replies":[{"embeddable":true,"href":"https:\/\/diariodominicano.com\/index.php?rest_route=%2Fwp%2Fv2%2Fcomments&post=515586"}],"version-history":[{"count":1,"href":"https:\/\/diariodominicano.com\/index.php?rest_route=\/wp\/v2\/posts\/515586\/revisions"}],"predecessor-version":[{"id":515588,"href":"https:\/\/diariodominicano.com\/index.php?rest_route=\/wp\/v2\/posts\/515586\/revisions\/515588"}],"wp:featuredmedia":[{"embeddable":true,"href":"https:\/\/diariodominicano.com\/index.php?rest_route=\/wp\/v2\/media\/515587"}],"wp:attachment":[{"href":"https:\/\/diariodominicano.com\/index.php?rest_route=%2Fwp%2Fv2%2Fmedia&parent=515586"}],"wp:term":[{"taxonomy":"category","embeddable":true,"href":"https:\/\/diariodominicano.com\/index.php?rest_route=%2Fwp%2Fv2%2Fcategories&post=515586"},{"taxonomy":"post_tag","embeddable":true,"href":"https:\/\/diariodominicano.com\/index.php?rest_route=%2Fwp%2Fv2%2Ftags&post=515586"}],"curies":[{"name":"wp","href":"https:\/\/api.w.org\/{rel}","templated":true}]}}