{"id":515503,"date":"2024-03-14T23:34:07","date_gmt":"2024-03-15T03:34:07","guid":{"rendered":"https:\/\/diariodominicano.com\/?p=515503"},"modified":"2024-03-14T23:46:41","modified_gmt":"2024-03-15T03:46:41","slug":"monsenor-nouel-en-la-antesala-del-triunfo-del-pld","status":"publish","type":"post","link":"https:\/\/diariodominicano.com\/?p=515503","title":{"rendered":"F\u00e9lix Nova: Monse\u00f1or Nouel en la antesala del triunfo del PLD"},"content":{"rendered":"\n<p><strong><em>PLD<\/em><\/strong><em>\u00a0ganar\u00e1 senadur\u00eda y diputaciones en Monse\u00f1or Nouel<\/em> <\/p>\n\n\n\n<p><strong>F\u00e9lix Nova, candidato a senador del Partido de la Liberaci\u00f3n Dominicana (PLD) en la provincia Monse\u00f1or Nouel<\/strong>&nbsp;afirm\u00f3 que el partido morado ganar\u00e1 la senadur\u00eda y las tres diputaciones en esa provincia y Abel Mart\u00ednez ser\u00e1 el pr\u00f3ximo presidente de la Rep\u00fablica.<\/p>\n\n\n\n<p>Nova produjo sus declaraciones al participar el acto presentaci\u00f3n formal de su candidatura a senador y la de los candidatos a diputados Roberto Cruz, Albert Gonz\u00e1lez y Fiordaliza Pichardo.<\/p>\n\n\n\n<p>\u00abQue se preparen porque el pleito ahora es con Abel Mart\u00ednez que ser\u00e1 presidente de la Rep\u00fablica y en Monse\u00f1or Nouel, en nuestra querida provincia, en los tres municipios y en los siete distritos municipales hay un secreto a voces que ustedes saben m\u00e1s que yo, primera vez que una provincia de la Rep\u00fablica Dominicana no tiene senador. Tenemos cuatro a\u00f1os hu\u00e9rfanos, pero ya eso se va a acabar\u201d dijo F\u00e9lix Nova proyectando su seguro triunfo para representar la Villa de las Hortensias en la C\u00e1mara Alta.<\/p>\n\n\n\n<p>En sus palabras Nova conquistas logradas en su gesti\u00f3n como senador entre ellos la gesti\u00f3n del Curse UASD, el moderno Hospital que construy\u00f3 el presidente Danilo Medina, programa de asfaltado, programa de becas que incluy\u00f3 m\u00e1s de seis mil becas, reparaci\u00f3n de viviendas, llegada del 911 a la provincia, grandes celebraciones a las madres y a las mujeres en sus fechas, asistencia social permanente, celebraci\u00f3n a los estudiantes con el premio al m\u00e9rito estudiantil, entre otros.<\/p>\n\n\n\n<p>En las propuestas que est\u00e1 presentando al electorado de la provincia cibae\u00f1a indic\u00f3 que todo eso va a continuar cuando vuelva a representar esa laboriosa comunidad y le agregar\u00eda ayudar a los j\u00f3venes en el estudio de postgrados y preparar a los j\u00f3venes en el \u00e1rea t\u00e9cnica, para las mujeres, la creaci\u00f3n de una oficina de protecci\u00f3n a ella.<\/p>\n\n\n\n<p>Record\u00f3 la carretera Piedra Blanca-Juan Adri\u00e1n Rancho Arriba que la construy\u00f3 el PLD en la gesti\u00f3n de Danilo Medina, 28 escuelas y dos guarder\u00edas infantiles.<\/p>\n\n\n\n<p>En el acto de formal presentaci\u00f3n de las candidaturas al Congreso de Monse\u00f1or Nouel participaron cientos de n personas en el local del Comit\u00e9 Campa\u00f1a totalmente abarrotados, con representaci\u00f3n de los municipios y distritos municipales<\/p>\n\n\n\n<p>De su lado, Robertico Ortiz presidente en funciones del PLD en la provincia Monse\u00f1or Nouel se\u00f1al\u00f3 que el pa\u00eds y esa provincia no resisten m\u00e1s abandono.<\/p>\n\n\n\n<p>\u00abNuestro pa\u00eds compa\u00f1eras y compa\u00f1eros no resiste m\u00e1s. Hay que sacar la plaga blanca del Palacio y para sacarla necesitamos a Abel el hombre del futuro, el hombre del presente, el presidente que los dominicanos necesitamos. Abel Mart\u00ednez va para el Palacio, porque de que se van se van\u00bb, dijo.<\/p>\n\n\n\n<p>Luis Armando Asunci\u00f3n enlace del PLD en la provincia Monse\u00f1or Nouel resalt\u00f3 el entusiasmo predominante en la actividad, que garantiza un seguro triunfo del PLD en las pr\u00f3ximas elecciones.<\/p>\n\n\n\n<p><strong>SECRETARIA DE COMUNICACIONES<\/strong><\/p>\n","protected":false},"excerpt":{"rendered":"<p>PLD\u00a0ganar\u00e1 senadur\u00eda y diputaciones en Monse\u00f1or Nouel F\u00e9lix Nova, candidato a senador del Partido de la Liberaci\u00f3n Dominicana (PLD) en la provincia Monse\u00f1or Nouel&nbsp;afirm\u00f3 que el partido morado ganar\u00e1 la senadur\u00eda y las tres diputaciones en esa provincia y Abel Mart\u00ednez ser\u00e1 el pr\u00f3ximo presidente de la Rep\u00fablica. Nova produjo sus declaraciones al participar el [&hellip;]<\/p>\n","protected":false},"author":7,"featured_media":515510,"comment_status":"closed","ping_status":"","sticky":true,"template":"","format":"standard","meta":{"footnotes":""},"categories":[22,27],"tags":[],"class_list":["post-515503","post","type-post","status-publish","format-standard","has-post-thumbnail","hentry","category-politica","category-portada"],"_links":{"self":[{"href":"https:\/\/diariodominicano.com\/index.php?rest_route=\/wp\/v2\/posts\/515503","targetHints":{"allow":["GET"]}}],"collection":[{"href":"https:\/\/diariodominicano.com\/index.php?rest_route=\/wp\/v2\/posts"}],"about":[{"href":"https:\/\/diariodominicano.com\/index.php?rest_route=\/wp\/v2\/types\/post"}],"author":[{"embeddable":true,"href":"https:\/\/diariodominicano.com\/index.php?rest_route=\/wp\/v2\/users\/7"}],"replies":[{"embeddable":true,"href":"https:\/\/diariodominicano.com\/index.php?rest_route=%2Fwp%2Fv2%2Fcomments&post=515503"}],"version-history":[{"count":2,"href":"https:\/\/diariodominicano.com\/index.php?rest_route=\/wp\/v2\/posts\/515503\/revisions"}],"predecessor-version":[{"id":515595,"href":"https:\/\/diariodominicano.com\/index.php?rest_route=\/wp\/v2\/posts\/515503\/revisions\/515595"}],"wp:featuredmedia":[{"embeddable":true,"href":"https:\/\/diariodominicano.com\/index.php?rest_route=\/wp\/v2\/media\/515510"}],"wp:attachment":[{"href":"https:\/\/diariodominicano.com\/index.php?rest_route=%2Fwp%2Fv2%2Fmedia&parent=515503"}],"wp:term":[{"taxonomy":"category","embeddable":true,"href":"https:\/\/diariodominicano.com\/index.php?rest_route=%2Fwp%2Fv2%2Fcategories&post=515503"},{"taxonomy":"post_tag","embeddable":true,"href":"https:\/\/diariodominicano.com\/index.php?rest_route=%2Fwp%2Fv2%2Ftags&post=515503"}],"curies":[{"name":"wp","href":"https:\/\/api.w.org\/{rel}","templated":true}]}}