{"id":515501,"date":"2024-03-14T20:49:53","date_gmt":"2024-03-15T00:49:53","guid":{"rendered":"https:\/\/diariodominicano.com\/?p=515501"},"modified":"2024-03-14T22:03:55","modified_gmt":"2024-03-15T02:03:55","slug":"gobierno-dispone-integracion-de-personal-pensionado-de-la-policia-nacional-a-la-seguridad-de-hospitales","status":"publish","type":"post","link":"https:\/\/diariodominicano.com\/?p=515501","title":{"rendered":"Gobierno dispone integraci\u00f3n de 794 pensionados de la Polic\u00eda Nacional a la seguridad en los hospitales"},"content":{"rendered":"\n<p><strong>Santo Domingo, RD. \u2013\u00a0<\/strong>El presidente Luis  Abinader dispuso la integraci\u00f3n de 794 pensionados de la Polic\u00eda Nacional a la seguridad  en los hospitales de las nueve regionales del Servicio Nacional de Salud (SNS)  para reforzar a los mil 700 miembros del personal de seguridad de esos centros de salud.<\/p>\n\n\n\n<p>El mandatario dict\u00f3 la medida, tras acoger la solicitud de los Ministerios de Administraci\u00f3n P\u00fablica (MAP), de Salud P\u00fablica y de Interior y Polic\u00eda, as\u00ed como del SNS y el Colegio M\u00e9dico Dominicano (CMD), a los fines de garantizar la seguridad del personal m\u00e9dico, asistencial y administrativo de los hospitales, y de los usuarios de esos centros hospitalarios.<\/p>\n\n\n\n<p><\/p>\n\n\n\n<p>La Constituci\u00f3n Dominicana establece  que es una funci\u00f3n esencial del Estado la protecci\u00f3n efectiva de los derechos de las personas, el respeto de su dignidad, dentro de un marco de libertad individual y de justicia social, compatibles con el orden p\u00fablico, el bienestar general y los derechos de todos.<\/p>\n\n\n\n<p>A trav\u00e9s de un comunicado del MAP, se indica que 794 pensionados de la Polic\u00eda Nacional ser\u00e1n asignados en los hospitales de las nueve regionales del SNS, para reforzar a los 1,700 miembros del personal de seguridad de esos centros de salud.<\/p>\n\n\n\n<p>El programa fue lanzado, oficialmente, en un acto protocolar realizado en el hospital Juan Pablo Pina de San Crist\u00f3bal, con la presencia del viceministro de Fortalecimiento Institucional del MAP, Jos\u00e9 Pimentel, quien estuvo en representaci\u00f3n del titular de esa entidad, el ministro Dar\u00edo Castillo Lugo; adem\u00e1s del viceministro del Ministerio de Salud P\u00fablica, Miguel Rodr\u00edguez; el subdirector de la Polic\u00eda Nacional, General Juan Guzm\u00e1n Badia; el director regional de Salud de Valdesia, Marcelino Fulgencio.<\/p>\n\n\n\n<p>Asimismo, la directora regional Sur del CMD, Dolores Men\u00e9ndez, quien represent\u00f3 al presidente de esa entidad, Waldo Ariel Suero; el director de Recursos Humanos del Ministerio de Interior y Polic\u00eda, Jos\u00e9 S\u00e1nchez Payano, y el presidente de la Junta de Pensionados de la Polic\u00eda Nacional, general Mariano Mad\u00e9.<\/p>\n\n\n\n<p>\u00abCon este acto nosotros cumplimos con la disposici\u00f3n de nuestro presidente Luis Abinader de proteger a los pacientes y al personal de los centros m\u00e9dicos\u00bb, exclam\u00f3 Pimentel, quien reconoci\u00f3 al CMD y a las instituciones que conforman el gabinete de salud por impulsar la iniciativa.<\/p>\n\n\n\n<p>Adem\u00e1s, indic\u00f3 que al MAP como \u00f3rgano rector de los sistemas de gesti\u00f3n de los recursos humanos al servicio de la administraci\u00f3n del Estado, le corresponde propiciar y garantizar el m\u00e1s alto nivel de efectividad, calidad y eficiencia de la funci\u00f3n p\u00fablica, en este caso los servicios de salud en el pa\u00eds.&nbsp;<\/p>\n\n\n\n<p>Como parte de las actividades de fortalecimiento del servicio de seguridad de los hospitales, el personal integrado recibir\u00e1 varios entrenamientos relacionados con el servicio y manejo de relaciones personales.<\/p>\n\n\n\n<p>La Carta Magna establece que es deber del Estado mantener la paz p\u00fablica, prevenir el delito y promover un clima de tranquilidad en el \u00e1mbito social de la naci\u00f3n, con el objetivo de promocionar la seguridad y protecci\u00f3n a determinadas \u00e1reas estrat\u00e9gicas, que son vitales para la garant\u00eda de los intereses nacionales de seguridad.<\/p>\n\n\n\n<figure class=\"wp-block-table\"><table><tbody><tr><td><img loading=\"lazy\" decoding=\"async\" src=\"https:\/\/ci3.googleusercontent.com\/meips\/ADKq_Nal6slxOv8T-5cjVa6KOtUIqomLUsLtuhpCECCjMznvsDYZg4cDwW8-Tb7Qa9TvkIXGIeytMnX9cZ9E0mfN2rQLxRbx5jGhsCe2Qvu0Kp3NqQlD4IcIiPURIIXC9vYpnEcxX2u7c_gc34tSm6i62UdnR1Vc3kvg5K9dPmn4RKLxjk-0lGA7ff1mphuvyKIqZ1URBvHt0qYquOW88RUZin5WWNboUdcc3ET8ky7O84ZkWGpKurQhjOE7yz8fhpGxJ2yEEk5dhTdtUhgylgs9=s0-d-e1-ft#https:\/\/storage.tooglebox.com\/images\/046d1f92bbed8930d43e5189075c38d10d5a903025979d5dc2964d8012f4b8bc9b75ced7e6e7aa00bcd3b5ab873f95abe5a3d359e81ab6917c34e12b40342e3f\/img_1652993254825\" width=\"309\" height=\"150\"><\/td><\/tr><tr><td>Departamento de Comunicaciones<\/td><\/tr><tr><td>T: 809 682 3298 Ext.<a>2200<br>M:<\/a><a><\/a><a><br><\/a><a href=\"https:\/\/map.gob.do\/\" target=\"_blank\" rel=\"noreferrer noopener\">MAP.GOB.DO<\/a><br><br><br><img decoding=\"async\" src=\"https:\/\/ci3.googleusercontent.com\/meips\/ADKq_NYxY8Cu5YQwjoWe4O_rGyfz0-r0pyVDwlONAgYPSdnu3rtNpbspewChOXa4YyfJTrzhZukBOSgzrMvA3V8LDi-x9seMvnaGrnTquiUNTr_j4bc2poIxP8IGrS64xu7rMG7H0DxQlI8uK8Fr7GP1fIfq2HSR-xdm4gVvwUiUQlU8yQOhHJ4ZtF0ALeCYsgKg1ERyS7H8So51ou3xzor50N95jYorYYRPkncOtKyWjh9ahmxMOOTtJf7g8XkxwK-TkoLT_9qqD4Gzh9OII36o=s0-d-e1-ft#https:\/\/storage.tooglebox.com\/images\/f16e3623760714c9dcf97e87ec5f65729b955b42ecb3a3c055060c1722a0934c9e637fc37dbcdb3c514f084587ea85087852c69d265bb081657c8b0d2a874aee\/img_1647630649022\"><\/td><\/tr><\/tbody><\/table><\/figure>\n","protected":false},"excerpt":{"rendered":"<p>Santo Domingo, RD. \u2013\u00a0El presidente Luis Abinader dispuso la integraci\u00f3n de 794 pensionados de la Polic\u00eda Nacional a la seguridad en los hospitales de las nueve regionales del Servicio Nacional de Salud (SNS) para reforzar a los mil 700 miembros del personal de seguridad de esos centros de salud. El mandatario dict\u00f3 la medida, tras [&hellip;]<\/p>\n","protected":false},"author":7,"featured_media":515515,"comment_status":"closed","ping_status":"","sticky":true,"template":"","format":"standard","meta":{"footnotes":""},"categories":[36,20,27],"tags":[],"class_list":["post-515501","post","type-post","status-publish","format-standard","has-post-thumbnail","hentry","category-hombresmujeresycosas","category-dominicana-hoy","category-portada"],"_links":{"self":[{"href":"https:\/\/diariodominicano.com\/index.php?rest_route=\/wp\/v2\/posts\/515501","targetHints":{"allow":["GET"]}}],"collection":[{"href":"https:\/\/diariodominicano.com\/index.php?rest_route=\/wp\/v2\/posts"}],"about":[{"href":"https:\/\/diariodominicano.com\/index.php?rest_route=\/wp\/v2\/types\/post"}],"author":[{"embeddable":true,"href":"https:\/\/diariodominicano.com\/index.php?rest_route=\/wp\/v2\/users\/7"}],"replies":[{"embeddable":true,"href":"https:\/\/diariodominicano.com\/index.php?rest_route=%2Fwp%2Fv2%2Fcomments&post=515501"}],"version-history":[{"count":5,"href":"https:\/\/diariodominicano.com\/index.php?rest_route=\/wp\/v2\/posts\/515501\/revisions"}],"predecessor-version":[{"id":515544,"href":"https:\/\/diariodominicano.com\/index.php?rest_route=\/wp\/v2\/posts\/515501\/revisions\/515544"}],"wp:featuredmedia":[{"embeddable":true,"href":"https:\/\/diariodominicano.com\/index.php?rest_route=\/wp\/v2\/media\/515515"}],"wp:attachment":[{"href":"https:\/\/diariodominicano.com\/index.php?rest_route=%2Fwp%2Fv2%2Fmedia&parent=515501"}],"wp:term":[{"taxonomy":"category","embeddable":true,"href":"https:\/\/diariodominicano.com\/index.php?rest_route=%2Fwp%2Fv2%2Fcategories&post=515501"},{"taxonomy":"post_tag","embeddable":true,"href":"https:\/\/diariodominicano.com\/index.php?rest_route=%2Fwp%2Fv2%2Ftags&post=515501"}],"curies":[{"name":"wp","href":"https:\/\/api.w.org\/{rel}","templated":true}]}}