{"id":515409,"date":"2024-03-14T11:11:58","date_gmt":"2024-03-14T15:11:58","guid":{"rendered":"https:\/\/diariodominicano.com\/?p=515409"},"modified":"2024-03-14T11:19:51","modified_gmt":"2024-03-14T15:19:51","slug":"el-partido-de-la-liberacion-dominicana-se-prepara-para-masivos-toques-de-banderas-el-proximo-sabado","status":"publish","type":"post","link":"https:\/\/diariodominicano.com\/?p=515409","title":{"rendered":"El Partido de la Liberaci\u00f3n Dominicana\u00a0anuncia masivos Toques de Banderas el pr\u00f3ximo s\u00e1bado"},"content":{"rendered":"\n<p>diariodominicano.com<\/p>\n\n\n\n<p><em>Santo Domingo, R. D.,<\/em>\u2002<em>14 de marzo, 2024.-<\/em>\u2002<strong>El Partido de la Liberaci\u00f3n Dominicana (PLD)<\/strong>\u00a0se prepara para los Toques de Banderas convocados para este s\u00e1bado en toda la geograf\u00eda nacional, promoviendo las candidaturas presidenciales, vicepresidencial y para el Congreso Nacional.<\/p>\n\n\n\n<p>Con tales prop\u00f3sitos los presidentes de Comit\u00e9s Provinciales conjuntamente con los enlaces de esas demarcaciones con la direcci\u00f3n partidaria se reunieron en asamblea definiendo los aspectos de esta actividad, que forma parte de la tradici\u00f3n en el PLD.<\/p>\n\n\n\n<p>Una circular de la Secretar\u00eda General avala la convocatoria oficial a los Toques de Banderas, realizada en primer t\u00e9rmino por la Secretar\u00eda de Enlaces Y Comunicaciones Internas.<\/p>\n\n\n\n<p><strong>\u201cLa Direcci\u00f3n del Partido de la Liberaci\u00f3n Dominicana (PLD)<\/strong>&nbsp;convoca a todas las Direcciones Provinciales, Municipales, de Circunscripciones Electorales y Distritos Municipales a realizar este s\u00e1bado 16 del mes en curso a las 3.00 p.m. Toques de Banderas\u201d, se detalla en una circular con la firma de Charles Mariotti, secretario general.<\/p>\n\n\n\n<p>Se dice en la circular, enviada por correo y mensajer\u00eda electr\u00f3nica, que la convocatoria a esa actividad de movilizaci\u00f3n partidaria es ratificando la m\u00edstica, el compromiso de las y los pelede\u00edstas con las causas que enarbolan el pueblo dominicano.<\/p>\n\n\n\n<p>\u201cQue las calles de todo el pa\u00eds se ti\u00f1an de morado y la alegr\u00eda, orgullo de los pelede\u00edstas, contagien a los ciudadanos y ciudadanas del pa\u00eds\u201d, exhorta Charles Mariotti a los miembros, militantes y dirigentes del PLD.<\/p>\n\n\n\n<p>A la par con las actividades de su candidato Presidencial, Abel Mart\u00ednez, quien se desplaza los fines de semana por municipios y distritos municipales escuchando las ideas, sugerencias y recomendaciones de los diferentes sectores nacionales, el Partido de la Liberaci\u00f3n Dominicana (PLD) organiza amplias jornadas de movilizaci\u00f3n, aprovechando la apertura de la campa\u00f1a electoral.<\/p>\n\n\n\n<p><strong>SECRETAR\u00cdA DE COMUNICACIONES<\/strong><strong><\/strong><\/p>\n\n\n\n<p><strong>14 DE MARZO, 2024.-<\/strong><strong><\/strong><\/p>\n","protected":false},"excerpt":{"rendered":"<p>diariodominicano.com Santo Domingo, R. D.,\u200214 de marzo, 2024.-\u2002El Partido de la Liberaci\u00f3n Dominicana (PLD)\u00a0se prepara para los Toques de Banderas convocados para este s\u00e1bado en toda la geograf\u00eda nacional, promoviendo las candidaturas presidenciales, vicepresidencial y para el Congreso Nacional. Con tales prop\u00f3sitos los presidentes de Comit\u00e9s Provinciales conjuntamente con los enlaces de esas demarcaciones con [&hellip;]<\/p>\n","protected":false},"author":5,"featured_media":488138,"comment_status":"closed","ping_status":"","sticky":true,"template":"","format":"standard","meta":{"footnotes":""},"categories":[22,27],"tags":[],"class_list":["post-515409","post","type-post","status-publish","format-standard","has-post-thumbnail","hentry","category-politica","category-portada"],"_links":{"self":[{"href":"https:\/\/diariodominicano.com\/index.php?rest_route=\/wp\/v2\/posts\/515409","targetHints":{"allow":["GET"]}}],"collection":[{"href":"https:\/\/diariodominicano.com\/index.php?rest_route=\/wp\/v2\/posts"}],"about":[{"href":"https:\/\/diariodominicano.com\/index.php?rest_route=\/wp\/v2\/types\/post"}],"author":[{"embeddable":true,"href":"https:\/\/diariodominicano.com\/index.php?rest_route=\/wp\/v2\/users\/5"}],"replies":[{"embeddable":true,"href":"https:\/\/diariodominicano.com\/index.php?rest_route=%2Fwp%2Fv2%2Fcomments&post=515409"}],"version-history":[{"count":2,"href":"https:\/\/diariodominicano.com\/index.php?rest_route=\/wp\/v2\/posts\/515409\/revisions"}],"predecessor-version":[{"id":515413,"href":"https:\/\/diariodominicano.com\/index.php?rest_route=\/wp\/v2\/posts\/515409\/revisions\/515413"}],"wp:featuredmedia":[{"embeddable":true,"href":"https:\/\/diariodominicano.com\/index.php?rest_route=\/wp\/v2\/media\/488138"}],"wp:attachment":[{"href":"https:\/\/diariodominicano.com\/index.php?rest_route=%2Fwp%2Fv2%2Fmedia&parent=515409"}],"wp:term":[{"taxonomy":"category","embeddable":true,"href":"https:\/\/diariodominicano.com\/index.php?rest_route=%2Fwp%2Fv2%2Fcategories&post=515409"},{"taxonomy":"post_tag","embeddable":true,"href":"https:\/\/diariodominicano.com\/index.php?rest_route=%2Fwp%2Fv2%2Ftags&post=515409"}],"curies":[{"name":"wp","href":"https:\/\/api.w.org\/{rel}","templated":true}]}}