{"id":515400,"date":"2024-03-14T10:56:21","date_gmt":"2024-03-14T14:56:21","guid":{"rendered":"https:\/\/diariodominicano.com\/?p=515400"},"modified":"2024-03-14T11:18:35","modified_gmt":"2024-03-14T15:18:35","slug":"ministros-de-salud-y-educacion-acuerdan-incluir-estudiantes-en-el-plan-nacional-contra-el-dengue","status":"publish","type":"post","link":"https:\/\/diariodominicano.com\/?p=515400","title":{"rendered":"Salud y Educaci\u00f3n acuerdan incluir estudiantes en el Plan Nacional contra el Dengue"},"content":{"rendered":"\n<p>diariodominicano.com<\/p>\n\n\n\n<p>Santo Domingo, R. D.,\u200214 de marzo, 2024.- El ministro de Salud P\u00fablica, doctor\u00a0<strong>V\u00edctor Atallah,<\/strong>\u00a0y el de Educaci\u00f3n,\u00a0<strong>\u00c1ngel Hern\u00e1ndez<\/strong>, acordaron incluir a los\u00a0<strong>estudiantes de 4.\u2070 de bachillerato<\/strong>\u00a0de los centros de educaci\u00f3n p\u00fablica del pa\u00eds, en el\u00a0<strong>Plan Nacional contra el Dengue<\/strong>\u00a0que se desarrolla para prevenir la enfermedad.<\/p>\n\n\n\n<p>En una reuni\u00f3n realizada en el despacho del ministro Atallah, se acord\u00f3 una&nbsp;<strong>colaboraci\u00f3n estrat\u00e9gica<\/strong>&nbsp;en la que los estudiantes de 4.\u2070 de bachillerato participar\u00e1n en el&nbsp;<strong>trabajo social obligatorio de 60 horas<\/strong>&nbsp;en apoyo al sector de salud, con el objetivo de orientar en la&nbsp;<strong>mitigaci\u00f3n de los efectos nocivos<\/strong>&nbsp;de la enfermedad.<\/p>\n\n\n\n<p>Este acuerdo se produce como parte de una iniciativa impulsada por el&nbsp;<strong>presidente de la Rep\u00fablica, Luis Abinader<\/strong>, cuya raz\u00f3n principal es fortalecer, por medio de campa\u00f1as de&nbsp;<strong>prevenci\u00f3n y promoci\u00f3n<\/strong>&nbsp;de la salud, la lucha contra el dengue, ya que, es una&nbsp;<strong>preocupaci\u00f3n creciente<\/strong>&nbsp;en la salud p\u00fablica del pa\u00eds.<\/p>\n\n\n\n<p>El acuerdo sostiene que estos estudiantes tendr\u00e1n la oportunidad de&nbsp;<strong>contribuir significativamente a la comunidad<\/strong>&nbsp;en diversas actividades que forman parte del programa de salud escolar y las iniciativas de prevenci\u00f3n del dengue.<\/p>\n\n\n\n<p>El ministro de Educaci\u00f3n, \u00c1ngel Hern\u00e1ndez, destac\u00f3 la importancia de esta colaboraci\u00f3n, afirmando que&nbsp;<em>\u00abesta es una excelente oportunidad para que nuestros j\u00f3venes contribuyan al bienestar de nuestra comunidad, mientras aprenden el valor del trabajo en equipo y el compromiso con la salud p\u00fablica\u00bb.<\/em><\/p>\n\n\n\n<p>De su lado, el ministro de Salud P\u00fablica, V\u00edctor Atallah, expres\u00f3 su agradecimiento al Ministerio de Educaci\u00f3n por su disposici\u00f3n a colaborar y subray\u00f3 la importancia de esta iniciativa en la lucha contra el dengue, valorando como positiva la colaboraci\u00f3n pues con ello, seg\u00fan dijo,&nbsp;<strong>ampl\u00eda el alcance y eficacia en la prevenci\u00f3n del dengue<\/strong>, promoviendo&nbsp;<strong>h\u00e1bitos de vida saludables<\/strong>&nbsp;en las comunidades.<\/p>\n\n\n\n<p><em>\u201cEsta colaboraci\u00f3n intersectorial no s\u00f3lo representa un paso significativo en la lucha contra la enfermedad, sino que tambi\u00e9n refuerza el compromiso de ambos ministerios con la promoci\u00f3n de la salud y el bienestar de todos los dominicanos\u201d,&nbsp;<\/em>concluy\u00f3 V\u00edctor Atallah.<\/p>\n\n\n\n<p>Estuvieron presentes, la viceministra de Educaci\u00f3n,\u00a0<strong>Ancel Scheker<\/strong>; la encargada de Gabinete,\u00a0<strong>Clara Joa<\/strong>; el viceministro de Salud Colectiva, doctor\u00a0<strong>Eladio P\u00e9rez,<\/strong>\u00a0y el director de Gabinete de Salud,\u00a0<strong>Misael D\u00edaz<\/strong>, as\u00ed como otras autoridades de ambas instituciones.<\/p>\n\n\n\n<p>Fuente: Direcci\u00f3n de Estrategia y Comunicaci\u00f3n<\/p>\n\n\n\n<p>Ministerio Administrativo de la Presidencia de la Rep\u00fablica Dominicana<\/p>\n","protected":false},"excerpt":{"rendered":"<p>diariodominicano.com Santo Domingo, R. D.,\u200214 de marzo, 2024.- El ministro de Salud P\u00fablica, doctor\u00a0V\u00edctor Atallah,\u00a0y el de Educaci\u00f3n,\u00a0\u00c1ngel Hern\u00e1ndez, acordaron incluir a los\u00a0estudiantes de 4.\u2070 de bachillerato\u00a0de los centros de educaci\u00f3n p\u00fablica del pa\u00eds, en el\u00a0Plan Nacional contra el Dengue\u00a0que se desarrolla para prevenir la enfermedad. En una reuni\u00f3n realizada en el despacho del ministro [&hellip;]<\/p>\n","protected":false},"author":5,"featured_media":515405,"comment_status":"closed","ping_status":"","sticky":true,"template":"","format":"standard","meta":{"footnotes":""},"categories":[20,27],"tags":[],"class_list":["post-515400","post","type-post","status-publish","format-standard","has-post-thumbnail","hentry","category-dominicana-hoy","category-portada"],"_links":{"self":[{"href":"https:\/\/diariodominicano.com\/index.php?rest_route=\/wp\/v2\/posts\/515400","targetHints":{"allow":["GET"]}}],"collection":[{"href":"https:\/\/diariodominicano.com\/index.php?rest_route=\/wp\/v2\/posts"}],"about":[{"href":"https:\/\/diariodominicano.com\/index.php?rest_route=\/wp\/v2\/types\/post"}],"author":[{"embeddable":true,"href":"https:\/\/diariodominicano.com\/index.php?rest_route=\/wp\/v2\/users\/5"}],"replies":[{"embeddable":true,"href":"https:\/\/diariodominicano.com\/index.php?rest_route=%2Fwp%2Fv2%2Fcomments&post=515400"}],"version-history":[{"count":2,"href":"https:\/\/diariodominicano.com\/index.php?rest_route=\/wp\/v2\/posts\/515400\/revisions"}],"predecessor-version":[{"id":515412,"href":"https:\/\/diariodominicano.com\/index.php?rest_route=\/wp\/v2\/posts\/515400\/revisions\/515412"}],"wp:featuredmedia":[{"embeddable":true,"href":"https:\/\/diariodominicano.com\/index.php?rest_route=\/wp\/v2\/media\/515405"}],"wp:attachment":[{"href":"https:\/\/diariodominicano.com\/index.php?rest_route=%2Fwp%2Fv2%2Fmedia&parent=515400"}],"wp:term":[{"taxonomy":"category","embeddable":true,"href":"https:\/\/diariodominicano.com\/index.php?rest_route=%2Fwp%2Fv2%2Fcategories&post=515400"},{"taxonomy":"post_tag","embeddable":true,"href":"https:\/\/diariodominicano.com\/index.php?rest_route=%2Fwp%2Fv2%2Ftags&post=515400"}],"curies":[{"name":"wp","href":"https:\/\/api.w.org\/{rel}","templated":true}]}}