{"id":51539,"date":"2020-07-20T00:47:25","date_gmt":"2020-07-20T00:47:25","guid":{"rendered":"http:\/\/diariodominicano.ddns.net\/?p=51539"},"modified":"2020-07-20T00:47:25","modified_gmt":"2020-07-20T00:47:25","slug":"uapa-realiza-panel-en-las-fiestas-patronales-de-santiago","status":"publish","type":"post","link":"https:\/\/diariodominicano.com\/?p=51539","title":{"rendered":"UAPA realiza panel en las Fiestas Patronales de Santiago"},"content":{"rendered":"<p><body><\/p>\n<p><img decoding=\"async\" src=\"img3\/pamel 3.PNG\" \/>  <\/p>\n<p><strong>UAPA realiza panel en las Fiestas Patronales de Santiago<\/strong><\/p>\n<p><strong>El Tema fue \u00ab 525 a\u00f1os de historia, fe  y tradici\u00f3n de la ciudad de Santiago\u00ab<\/strong><\/p>\n<\/p>\n<\/p>\n<p><strong>SANTIAGO, RD.- <\/strong>En marco de la celebraci\u00f3n, de las Fiestas Patronales de Santiago Ap\u00f3stol El Mayor, la Universidad Abierta para Adultos (UAPA) realiz\u00f2 el panel virtual  \u00ab 525 a\u00f1os de historia, fe y tradici\u00f3n de la ciudad de Santiago\u00ab, con la participaci\u00f3n de los especialistas Jos\u00e9 Alexander Pichardo y Wilfrido Padr\u00f3n.<\/p>\n<\/p>\n<p>Ambos panelistas resaltaron las caracter\u00edsticas de la  llamada Ciudad Coraz\u00f3n y las  conquistas en su dilatada trayectoria de m\u00e1s de cinco siglos de historias y desarrollo que han contribuido a la regi\u00f3n y al pa\u00eds.<\/p>\n<\/p>\n<p>Los tambi\u00e9n  facilitadores de la referida academia, entiende que las caracter\u00edsticas de la ciudad fundada el 25 de julio de 1945, las hacen distinta por la calidez de su gente y por los hechos hist\u00f3ricos que ha sido escenario como la Batalla del 30 de Marzo  y otros que ha aportaron a la soberan\u00eda de la naci\u00f3n dominicana.<\/p>\n<\/p>\n<p>El doctor Padr\u00f3n  habl\u00f3 del primer asentamiento en 1490 en el r\u00edo Yaque y el segundo en el   1562, que es donde se encuentra actualmente.<\/p>\n<\/p>\n<p>Tambi\u00e9n  resaltaron el rol de la iglesia en la educaci\u00f3n t\u00e9cnica a trav\u00e9s de los polit\u00e9cnicos y otros centros que han contribuido a la formaci\u00f3n en valores  de generaciones .Adem\u00e1s de los templos cat\u00f3licos que son patrimonio del pa\u00eds, como es el caso de Catedral Santiago Ap\u00f3stol y el Santuario La Altagracia y San Antonio De Padua y otros m\u00e1s.<\/p>\n<\/p>\n<p>Los acad\u00e9micos en su ponencia hicieron un recuento de los aspectos culturales  y art\u00edsticos de la ciudad, como los parques, los coches, personajes pintorescos,  entidades y el emblem\u00e1tico Monumento a los H\u00e9roes de la Restauraci\u00f3n;\u00ab es el s\u00edmbolo que identifica a Santiago ante el pa\u00eds y el mundo\u00ab.<\/p>\n<\/p>\n<p>En tanto, Jos\u00e9 Alexander Pichardo propuso  que las autoridades  el rescate el  Hotel  Mercedes; porque su historia y arquitectura es rescatar la<\/p>\n<\/p>\n<p>Las directiva Luz Rosa Estrella y Ana Tav\u00e1rez  hicieron  intervenciones dentro del encuentro, destacaron las participaci\u00f3n de la universidad cada a\u00f1o en la festividad, como aporte a las tradiciones.<\/p>\n<\/p>\n<p>El panel fue transmitido por Radio UAPA y las  distintas plataformas digitales de la Catedral Santiago Ap\u00f3stol y de la universidad.\/\/<\/p>\n<\/p>\n<h6> 2020-07-20 00:47:25 <\/h6>\n<p><!--\n<link rel=\"stylesheet\" href=\"css\/bootstrap.min.css\">\n\n\n<ul class=\"pagination\">\n\t    \n\t\n\n<li >\n\t<a href='?page_no=396'>Previous<\/a>\n\t<\/li>\n\n\n       \n    \n\n<li><a href='?page_no=1'>1<\/a><\/li>\n\n\n\n<li><a href='?page_no=2'>2<\/a><\/li>\n\n\n\n<li><a>...<\/a><\/li>\n\n\n\n<li><a href='?page_no=395'>395<\/a><\/li>\n\n\n\n<li><a href='?page_no=396'>396<\/a><\/li>\n\n\n\n<li class='active'><a>397<\/a><\/li>\n\n\n\n<li><a href='?page_no=398'>398<\/a><\/li>\n\n\n\n<li><a href='?page_no=399'>399<\/a><\/li>\n\n\n\n<li><a>...<\/a><\/li>\n\n\n\n<li><a href='?page_no=22911'>22911<\/a><\/li>\n\n\n\n<li><a href='?page_no=22912'>22912<\/a><\/li>\n\n    \n\t\n\n<li >\n\t<a href='?page_no=398'>Next<\/a>\n\t<\/li>\n\n\n    \n\n<li><a href='?page_no=22912'>Last &rsaquo;&rsaquo;<\/a><\/li>\n\n<\/ul>\n\n\n--><br \/>\n<\/body><\/p>\n","protected":false},"excerpt":{"rendered":"<p>UAPA realiza panel en las Fiestas Patronales de Santiago El Tema fue \u00ab 525 a\u00f1os de historia, fe y tradici\u00f3n de la ciudad de Santiago\u00ab SANTIAGO, RD.- En marco de la celebraci\u00f3n, de las Fiestas Patronales de Santiago Ap\u00f3stol El Mayor, la Universidad Abierta para Adultos (UAPA) realiz\u00f2 el panel virtual \u00ab 525 a\u00f1os de [&hellip;]<\/p>\n","protected":false},"author":3,"featured_media":0,"comment_status":"open","ping_status":"open","sticky":false,"template":"","format":"standard","meta":{"footnotes":""},"categories":[21],"tags":[],"class_list":["post-51539","post","type-post","status-publish","format-standard","hentry","category-cultura"],"_links":{"self":[{"href":"https:\/\/diariodominicano.com\/index.php?rest_route=\/wp\/v2\/posts\/51539","targetHints":{"allow":["GET"]}}],"collection":[{"href":"https:\/\/diariodominicano.com\/index.php?rest_route=\/wp\/v2\/posts"}],"about":[{"href":"https:\/\/diariodominicano.com\/index.php?rest_route=\/wp\/v2\/types\/post"}],"author":[{"embeddable":true,"href":"https:\/\/diariodominicano.com\/index.php?rest_route=\/wp\/v2\/users\/3"}],"replies":[{"embeddable":true,"href":"https:\/\/diariodominicano.com\/index.php?rest_route=%2Fwp%2Fv2%2Fcomments&post=51539"}],"version-history":[{"count":0,"href":"https:\/\/diariodominicano.com\/index.php?rest_route=\/wp\/v2\/posts\/51539\/revisions"}],"wp:attachment":[{"href":"https:\/\/diariodominicano.com\/index.php?rest_route=%2Fwp%2Fv2%2Fmedia&parent=51539"}],"wp:term":[{"taxonomy":"category","embeddable":true,"href":"https:\/\/diariodominicano.com\/index.php?rest_route=%2Fwp%2Fv2%2Fcategories&post=51539"},{"taxonomy":"post_tag","embeddable":true,"href":"https:\/\/diariodominicano.com\/index.php?rest_route=%2Fwp%2Fv2%2Ftags&post=51539"}],"curies":[{"name":"wp","href":"https:\/\/api.w.org\/{rel}","templated":true}]}}