{"id":515387,"date":"2024-03-14T10:33:25","date_gmt":"2024-03-14T14:33:25","guid":{"rendered":"https:\/\/diariodominicano.com\/?p=515387"},"modified":"2024-03-14T10:33:25","modified_gmt":"2024-03-14T14:33:25","slug":"hospitales-ney-arias-lora-y-vinicio-calventi-realizan-benchmarking-de-buenas-practicas","status":"publish","type":"post","link":"https:\/\/diariodominicano.com\/?p=515387","title":{"rendered":"Hospitales Ney Arias Lora y Vinicio Calventi realizan Benchmarking de Buenas Pr\u00e1cticas"},"content":{"rendered":"\n<p>diariodominicano.com<\/p>\n\n\n\n<p>Santo Domingo, R. D., 14 de marzo, 2024.- El Hospital Universitario Docente Traumatol\u00f3gico Dr. Ney Arias Lora, realiz\u00f3 \u00a0un Benchmarking, \u00a0con el Hospital Vinicio Calventi, para iniciar \u00a0actividades de buenas pr\u00e1cticas gerenciales entre ambos centros de salud.<br>\u00a0El doctor Julio Landr\u00f3n de la Rosa, Director General del Hospital Ney Arias Lora y el doctor Jos\u00e9 Alfaro, Director del Hospital Vinicio Calventi, al realizar el primer encuentro, se le mostr\u00f3 todo lo relacionado a la operatividad tanto en la parte m\u00e9dica como administrativa, como son mejoras implementadas en la calidad de los servicios, aumento en la facturaci\u00f3n, los logros alcanzados en cuanto a satisfacci\u00f3n de los usuarios.<br>As\u00ed como, la adquisici\u00f3n de equipos modernos en las diferentes \u00e1reas, remozamiento de la infraestructura, entre otros, lo que ha garantizado que el Ney Arias Lora, \u00a0haya ganado en los primeros lugares \u00a0a Mejor Desempe\u00f1o Hospitalario, en los \u00faltimos a\u00f1os, \u00a0en el ranking realizado por el Servicio Nacional de Salud (SNS).<br>\u00a0Landr\u00f3n agradeci\u00f3 al director del Hospital Calventi, Jos\u00e9 Alfaro, \u00a0un gran especialista, \u00a0cirujano oftalm\u00f3logo, \u00a0por poder realizar este encuentro y ambos hospitales aprender las buenas pr\u00e1cticas que se implementan en los dos centros de la red p\u00fablica.<br>En tanto, Alfaro manifest\u00f3 que este gran encuentro viene a materializar de que ambos hospitales del Gran Santo Domingo puedan tener estos intercambios e implementar grandes mejoras a las buenas pr\u00e1cticas<br>Acompa\u00f1aron al doctor Landr\u00f3n los doctores V\u00edctor Rosario, Subdirector m\u00e9dico; Jos\u00e9 Guerrero, Mayeline Castellanos, coordinadora subdirecci\u00f3n m\u00e9dica, as\u00ed como personal administrativo.<br>Luego de ver las estrategias implementadas por el centro de trauma, en beneficio de los usuarios, ambos directores de los dos hospitales junto al personal m\u00e9dico y administrativo realizaron un recorrido por las diferentes \u00e1reas del centro hospitalario.<br><strong><br>HOSPITAL TRAUMATOL\u00d3GICO NEY ARIAS LORA<br>GERENCIA DE COMUNICACI\u00d3N Y RELACIONES P\u00daBLICAS<\/strong><\/p>\n","protected":false},"excerpt":{"rendered":"<p>diariodominicano.com Santo Domingo, R. D., 14 de marzo, 2024.- El Hospital Universitario Docente Traumatol\u00f3gico Dr. Ney Arias Lora, realiz\u00f3 \u00a0un Benchmarking, \u00a0con el Hospital Vinicio Calventi, para iniciar \u00a0actividades de buenas pr\u00e1cticas gerenciales entre ambos centros de salud.\u00a0El doctor Julio Landr\u00f3n de la Rosa, Director General del Hospital Ney Arias Lora y el doctor Jos\u00e9 [&hellip;]<\/p>\n","protected":false},"author":5,"featured_media":515391,"comment_status":"closed","ping_status":"","sticky":true,"template":"","format":"standard","meta":{"footnotes":""},"categories":[20,27],"tags":[],"class_list":["post-515387","post","type-post","status-publish","format-standard","has-post-thumbnail","hentry","category-dominicana-hoy","category-portada"],"_links":{"self":[{"href":"https:\/\/diariodominicano.com\/index.php?rest_route=\/wp\/v2\/posts\/515387","targetHints":{"allow":["GET"]}}],"collection":[{"href":"https:\/\/diariodominicano.com\/index.php?rest_route=\/wp\/v2\/posts"}],"about":[{"href":"https:\/\/diariodominicano.com\/index.php?rest_route=\/wp\/v2\/types\/post"}],"author":[{"embeddable":true,"href":"https:\/\/diariodominicano.com\/index.php?rest_route=\/wp\/v2\/users\/5"}],"replies":[{"embeddable":true,"href":"https:\/\/diariodominicano.com\/index.php?rest_route=%2Fwp%2Fv2%2Fcomments&post=515387"}],"version-history":[{"count":1,"href":"https:\/\/diariodominicano.com\/index.php?rest_route=\/wp\/v2\/posts\/515387\/revisions"}],"predecessor-version":[{"id":515392,"href":"https:\/\/diariodominicano.com\/index.php?rest_route=\/wp\/v2\/posts\/515387\/revisions\/515392"}],"wp:featuredmedia":[{"embeddable":true,"href":"https:\/\/diariodominicano.com\/index.php?rest_route=\/wp\/v2\/media\/515391"}],"wp:attachment":[{"href":"https:\/\/diariodominicano.com\/index.php?rest_route=%2Fwp%2Fv2%2Fmedia&parent=515387"}],"wp:term":[{"taxonomy":"category","embeddable":true,"href":"https:\/\/diariodominicano.com\/index.php?rest_route=%2Fwp%2Fv2%2Fcategories&post=515387"},{"taxonomy":"post_tag","embeddable":true,"href":"https:\/\/diariodominicano.com\/index.php?rest_route=%2Fwp%2Fv2%2Ftags&post=515387"}],"curies":[{"name":"wp","href":"https:\/\/api.w.org\/{rel}","templated":true}]}}