{"id":515364,"date":"2024-03-14T09:48:55","date_gmt":"2024-03-14T13:48:55","guid":{"rendered":"https:\/\/diariodominicano.com\/?p=515364"},"modified":"2024-03-14T09:48:55","modified_gmt":"2024-03-14T13:48:55","slug":"exigen-al-gobierno-y-a-las-autoridades-universitaria-preservar-la-uasd-como-un-espacio-seguro","status":"publish","type":"post","link":"https:\/\/diariodominicano.com\/?p=515364","title":{"rendered":"Exigen al gobierno y a las Autoridades universitaria preservar la UASD como un espacio seguro"},"content":{"rendered":"\n<p>diariodominicano.com<\/p>\n\n\n\n<p>Santo Domingo, R. D.,\u200214 de marzo, 2024.-\u2002El Frente Estudiantil Flavio Suero (FEFLAS), demanda al Gobierno, encabezado por el presidente, Luis Abinader, y al Rector de la UASD, el Mtro. Editrudis Beltr\u00e1n, accionar para preservar la UASD, como espacio seguro ante la ola de violencia que vive el pa\u00eds.<\/p>\n\n\n\n<p>Stalin Mart\u00ednez, presidente de la organizaci\u00f3n,&nbsp; dijo que la seguridad universitaria le fall\u00f3, a la joven estudiante, Anny Gabriela Rosario Beltr\u00e9, a quien se le pudo salvar la vida, gracias a la intervenci\u00f3n r\u00e1pida y solidaria de varios estudiantes, luego que su ex pareja le ocasion\u00f3 varias heridas de arma blanca.<\/p>\n\n\n\n<p>indic\u00f3 que los principales problemas de la academia son la falta de docentes, aulas, equipos, investigaci\u00f3n, laboratorios, servicios b\u00e1sicos y ahora tambi\u00e9n seguridad.&nbsp;<\/p>\n\n\n\n<p>La situaci\u00f3n de violencia que vive el pa\u00eds, obliga a la UASD,&nbsp; a destinar recursos que en teor\u00eda no es esencial para su funcionamiento, pero que se ha constituido indispensable, debido a diferentes actos delincuenciales, que se generan en los campus universitarios y sus alrededores, a\u00fan m\u00e1s con la pol\u00edtica de expansi\u00f3n de los centros universitarios de la UASD, en varias provincias del pa\u00eds, lo que obliga al gobierno a disponer un presupuesto especial&nbsp; para estos fines, concluy\u00f3 Stalin, tambi\u00e9n miembro del Comit\u00e9 Ejecutivo Central, de la Federaci\u00f3n de Estudiantes Dominicanos (FED).<\/p>\n\n\n\n<p>Finalmente Jos\u00e9 E. Quezada, delegado estudiantil ante el Consejo Universitaria, manifest\u00f3 que en la pr\u00f3xima sesi\u00f3n de este organismo, el FEFLAS, presentar\u00e1 una propuesta para fortalecer la seguridad de los campus universitarios en todo el pa\u00eds.<\/p>\n\n\n\n<p>FEFLAS 6<\/p>\n\n\n\n<p><a target=\"_blank\" href=\"mailto:flaviosuero@gmail.com\" rel=\"noreferrer noopener\">flaviosuero@gmail.com<\/a><\/p>\n","protected":false},"excerpt":{"rendered":"<p>diariodominicano.com Santo Domingo, R. D.,\u200214 de marzo, 2024.-\u2002El Frente Estudiantil Flavio Suero (FEFLAS), demanda al Gobierno, encabezado por el presidente, Luis Abinader, y al Rector de la UASD, el Mtro. Editrudis Beltr\u00e1n, accionar para preservar la UASD, como espacio seguro ante la ola de violencia que vive el pa\u00eds. Stalin Mart\u00ednez, presidente de la organizaci\u00f3n,&nbsp; [&hellip;]<\/p>\n","protected":false},"author":5,"featured_media":515365,"comment_status":"closed","ping_status":"","sticky":true,"template":"","format":"standard","meta":{"footnotes":""},"categories":[20,27],"tags":[],"class_list":["post-515364","post","type-post","status-publish","format-standard","has-post-thumbnail","hentry","category-dominicana-hoy","category-portada"],"_links":{"self":[{"href":"https:\/\/diariodominicano.com\/index.php?rest_route=\/wp\/v2\/posts\/515364","targetHints":{"allow":["GET"]}}],"collection":[{"href":"https:\/\/diariodominicano.com\/index.php?rest_route=\/wp\/v2\/posts"}],"about":[{"href":"https:\/\/diariodominicano.com\/index.php?rest_route=\/wp\/v2\/types\/post"}],"author":[{"embeddable":true,"href":"https:\/\/diariodominicano.com\/index.php?rest_route=\/wp\/v2\/users\/5"}],"replies":[{"embeddable":true,"href":"https:\/\/diariodominicano.com\/index.php?rest_route=%2Fwp%2Fv2%2Fcomments&post=515364"}],"version-history":[{"count":1,"href":"https:\/\/diariodominicano.com\/index.php?rest_route=\/wp\/v2\/posts\/515364\/revisions"}],"predecessor-version":[{"id":515366,"href":"https:\/\/diariodominicano.com\/index.php?rest_route=\/wp\/v2\/posts\/515364\/revisions\/515366"}],"wp:featuredmedia":[{"embeddable":true,"href":"https:\/\/diariodominicano.com\/index.php?rest_route=\/wp\/v2\/media\/515365"}],"wp:attachment":[{"href":"https:\/\/diariodominicano.com\/index.php?rest_route=%2Fwp%2Fv2%2Fmedia&parent=515364"}],"wp:term":[{"taxonomy":"category","embeddable":true,"href":"https:\/\/diariodominicano.com\/index.php?rest_route=%2Fwp%2Fv2%2Fcategories&post=515364"},{"taxonomy":"post_tag","embeddable":true,"href":"https:\/\/diariodominicano.com\/index.php?rest_route=%2Fwp%2Fv2%2Ftags&post=515364"}],"curies":[{"name":"wp","href":"https:\/\/api.w.org\/{rel}","templated":true}]}}