{"id":515222,"date":"2024-03-14T00:21:22","date_gmt":"2024-03-14T04:21:22","guid":{"rendered":"https:\/\/diariodominicano.com\/?p=515222"},"modified":"2024-03-14T00:33:11","modified_gmt":"2024-03-14T04:33:11","slug":"vicepresidenta-de-la-republica-inaugura-nuevas-areas-del-hospital-universitario-docente-central-de-las-fuerzas-armadas","status":"publish","type":"post","link":"https:\/\/diariodominicano.com\/?p=515222","title":{"rendered":"Vicepresidenta de la Rep\u00fablica inaugura nuevas \u00e1reas del Hospital Universitario Docente Central de las Fuerzas Armadas"},"content":{"rendered":"\n<p>SANTO DOMINGO, RD. &#8211; La Vicepresidenta de la Rep\u00fablica Raquel Pe\u00f1a y el ministro de Defensa, teniente general Carlos Luciano D\u00edaz Morfa, ERD, inauguraron nuevas instalaciones y \u00e1reas remozadas del Hospital Universitario Docente Central de las Fuerzas Armadas.<\/p>\n\n\n\n<figure class=\"wp-block-image size-large\"><img loading=\"lazy\" decoding=\"async\" width=\"1024\" height=\"682\" src=\"https:\/\/diariodominicano.com\/wp-content\/uploads\/2024\/03\/WhatsApp-Image-2024-03-13-at-6.58.13-PM-1024x682.jpeg\" alt=\"\" class=\"wp-image-515226\" srcset=\"https:\/\/diariodominicano.com\/wp-content\/uploads\/2024\/03\/WhatsApp-Image-2024-03-13-at-6.58.13-PM-1024x682.jpeg 1024w, https:\/\/diariodominicano.com\/wp-content\/uploads\/2024\/03\/WhatsApp-Image-2024-03-13-at-6.58.13-PM-300x200.jpeg 300w, https:\/\/diariodominicano.com\/wp-content\/uploads\/2024\/03\/WhatsApp-Image-2024-03-13-at-6.58.13-PM-768x512.jpeg 768w, https:\/\/diariodominicano.com\/wp-content\/uploads\/2024\/03\/WhatsApp-Image-2024-03-13-at-6.58.13-PM-1536x1024.jpeg 1536w, https:\/\/diariodominicano.com\/wp-content\/uploads\/2024\/03\/WhatsApp-Image-2024-03-13-at-6.58.13-PM-2048x1365.jpeg 2048w, https:\/\/diariodominicano.com\/wp-content\/uploads\/2024\/03\/WhatsApp-Image-2024-03-13-at-6.58.13-PM-816x544.jpeg 816w\" sizes=\"auto, (max-width: 1024px) 100vw, 1024px\" \/><\/figure>\n\n\n\n<p><strong>La actividad tambi\u00e9n fue encabezada por la directiva del centro de salud, para beneficiar a los miembros de las Fuerzas Armadas y la poblaci\u00f3n civil y en la misma, destac\u00f3 la presencia del ex presidente de la Rep\u00fablica ingeniero agr\u00f3nomo Rafael Hip\u00f3lito Mej\u00eda Dom\u00ednguez.<\/strong><\/p>\n\n\n\n<figure class=\"wp-block-image size-large\"><img loading=\"lazy\" decoding=\"async\" width=\"1024\" height=\"685\" src=\"https:\/\/diariodominicano.com\/wp-content\/uploads\/2024\/03\/WhatsApp-Image-2024-03-13-at-6.58.13-PM-6-1024x685.jpeg\" alt=\"\" class=\"wp-image-515227\" srcset=\"https:\/\/diariodominicano.com\/wp-content\/uploads\/2024\/03\/WhatsApp-Image-2024-03-13-at-6.58.13-PM-6-1024x685.jpeg 1024w, https:\/\/diariodominicano.com\/wp-content\/uploads\/2024\/03\/WhatsApp-Image-2024-03-13-at-6.58.13-PM-6-300x201.jpeg 300w, https:\/\/diariodominicano.com\/wp-content\/uploads\/2024\/03\/WhatsApp-Image-2024-03-13-at-6.58.13-PM-6-768x514.jpeg 768w, https:\/\/diariodominicano.com\/wp-content\/uploads\/2024\/03\/WhatsApp-Image-2024-03-13-at-6.58.13-PM-6-816x546.jpeg 816w, https:\/\/diariodominicano.com\/wp-content\/uploads\/2024\/03\/WhatsApp-Image-2024-03-13-at-6.58.13-PM-6.jpeg 1079w\" sizes=\"auto, (max-width: 1024px) 100vw, 1024px\" \/><\/figure>\n\n\n\n<figure class=\"wp-block-image size-large\"><img loading=\"lazy\" decoding=\"async\" width=\"1024\" height=\"685\" src=\"https:\/\/diariodominicano.com\/wp-content\/uploads\/2024\/03\/WhatsApp-Image-2024-03-13-at-6.58.13-PM-3-1024x685.jpeg\" alt=\"\" class=\"wp-image-515228\" srcset=\"https:\/\/diariodominicano.com\/wp-content\/uploads\/2024\/03\/WhatsApp-Image-2024-03-13-at-6.58.13-PM-3-1024x685.jpeg 1024w, https:\/\/diariodominicano.com\/wp-content\/uploads\/2024\/03\/WhatsApp-Image-2024-03-13-at-6.58.13-PM-3-300x201.jpeg 300w, https:\/\/diariodominicano.com\/wp-content\/uploads\/2024\/03\/WhatsApp-Image-2024-03-13-at-6.58.13-PM-3-768x514.jpeg 768w, https:\/\/diariodominicano.com\/wp-content\/uploads\/2024\/03\/WhatsApp-Image-2024-03-13-at-6.58.13-PM-3-816x546.jpeg 816w, https:\/\/diariodominicano.com\/wp-content\/uploads\/2024\/03\/WhatsApp-Image-2024-03-13-at-6.58.13-PM-3.jpeg 1440w\" sizes=\"auto, (max-width: 1024px) 100vw, 1024px\" \/><\/figure>\n\n\n\n<figure class=\"wp-block-image size-large\"><img loading=\"lazy\" decoding=\"async\" width=\"1024\" height=\"685\" src=\"https:\/\/diariodominicano.com\/wp-content\/uploads\/2024\/03\/WhatsApp-Image-2024-03-13-at-6.58.13-PM-4-1024x685.jpeg\" alt=\"\" class=\"wp-image-515229\" srcset=\"https:\/\/diariodominicano.com\/wp-content\/uploads\/2024\/03\/WhatsApp-Image-2024-03-13-at-6.58.13-PM-4-1024x685.jpeg 1024w, https:\/\/diariodominicano.com\/wp-content\/uploads\/2024\/03\/WhatsApp-Image-2024-03-13-at-6.58.13-PM-4-300x201.jpeg 300w, https:\/\/diariodominicano.com\/wp-content\/uploads\/2024\/03\/WhatsApp-Image-2024-03-13-at-6.58.13-PM-4-768x514.jpeg 768w, https:\/\/diariodominicano.com\/wp-content\/uploads\/2024\/03\/WhatsApp-Image-2024-03-13-at-6.58.13-PM-4-816x546.jpeg 816w, https:\/\/diariodominicano.com\/wp-content\/uploads\/2024\/03\/WhatsApp-Image-2024-03-13-at-6.58.13-PM-4.jpeg 1440w\" sizes=\"auto, (max-width: 1024px) 100vw, 1024px\" \/><\/figure>\n\n\n\n<p>Las infraestructuras inauguradas comprenden la sala de internamiento pedi\u00e1trico (2do piso), el \u00e1rea de cirug\u00eda (con once quir\u00f3fanos de los cuales dos son inteligentes), oficinas administrativas y sal\u00f3n de ense\u00f1anzas (3er piso). De igual forma, se entregaron la unidad de cuidados intermedios, de cuidados polivalentes, cuidados intensivos pedi\u00e1tricos y neonatal (4to piso), as\u00ed como una biblioteca virtual y capilla (5to piso), \u00e1rea de salud mental (6to piso), salas de internamiento y \u00e1reas de im\u00e1genes diagn\u00f3sticas.<\/p>\n\n\n\n<figure class=\"wp-block-image size-large\"><img loading=\"lazy\" decoding=\"async\" width=\"1024\" height=\"682\" src=\"https:\/\/diariodominicano.com\/wp-content\/uploads\/2024\/03\/WhatsApp-Image-2024-03-13-at-6.57.58-PM-1-1024x682.jpeg\" alt=\"\" class=\"wp-image-515236\" srcset=\"https:\/\/diariodominicano.com\/wp-content\/uploads\/2024\/03\/WhatsApp-Image-2024-03-13-at-6.57.58-PM-1-1024x682.jpeg 1024w, https:\/\/diariodominicano.com\/wp-content\/uploads\/2024\/03\/WhatsApp-Image-2024-03-13-at-6.57.58-PM-1-300x200.jpeg 300w, https:\/\/diariodominicano.com\/wp-content\/uploads\/2024\/03\/WhatsApp-Image-2024-03-13-at-6.57.58-PM-1-768x511.jpeg 768w, https:\/\/diariodominicano.com\/wp-content\/uploads\/2024\/03\/WhatsApp-Image-2024-03-13-at-6.57.58-PM-1-1536x1022.jpeg 1536w, https:\/\/diariodominicano.com\/wp-content\/uploads\/2024\/03\/WhatsApp-Image-2024-03-13-at-6.57.58-PM-1-816x543.jpeg 816w, https:\/\/diariodominicano.com\/wp-content\/uploads\/2024\/03\/WhatsApp-Image-2024-03-13-at-6.57.58-PM-1.jpeg 1600w\" sizes=\"auto, (max-width: 1024px) 100vw, 1024px\" \/><\/figure>\n\n\n\n<figure class=\"wp-block-image size-large\"><img loading=\"lazy\" decoding=\"async\" width=\"1024\" height=\"682\" src=\"https:\/\/diariodominicano.com\/wp-content\/uploads\/2024\/03\/WhatsApp-Image-2024-03-13-at-6.57.59-PM-1024x682.jpeg\" alt=\"\" class=\"wp-image-515230\" srcset=\"https:\/\/diariodominicano.com\/wp-content\/uploads\/2024\/03\/WhatsApp-Image-2024-03-13-at-6.57.59-PM-1024x682.jpeg 1024w, https:\/\/diariodominicano.com\/wp-content\/uploads\/2024\/03\/WhatsApp-Image-2024-03-13-at-6.57.59-PM-300x200.jpeg 300w, https:\/\/diariodominicano.com\/wp-content\/uploads\/2024\/03\/WhatsApp-Image-2024-03-13-at-6.57.59-PM-768x511.jpeg 768w, https:\/\/diariodominicano.com\/wp-content\/uploads\/2024\/03\/WhatsApp-Image-2024-03-13-at-6.57.59-PM-1536x1022.jpeg 1536w, https:\/\/diariodominicano.com\/wp-content\/uploads\/2024\/03\/WhatsApp-Image-2024-03-13-at-6.57.59-PM-816x543.jpeg 816w, https:\/\/diariodominicano.com\/wp-content\/uploads\/2024\/03\/WhatsApp-Image-2024-03-13-at-6.57.59-PM.jpeg 1600w\" sizes=\"auto, (max-width: 1024px) 100vw, 1024px\" \/><\/figure>\n\n\n\n<p>En cuanto al equipamiento, el hospital cuenta con m\u00e1quinas para realizar radiograf\u00edas, mamograf\u00edas, sonograf\u00edas y de gastroenterolog\u00eda, mesas y l\u00e1mparas quir\u00fargicas, as\u00ed como equipos nuevos de instrumental para todos los departamentos quir\u00fargicos. Tambi\u00e9n fue remozado el cuartel de alistados y oficiales y se instal\u00f3 un sistema de osmosis y purificaci\u00f3n de aguas.<\/p>\n\n\n\n<figure class=\"wp-block-image size-large\"><img loading=\"lazy\" decoding=\"async\" width=\"1024\" height=\"682\" src=\"https:\/\/diariodominicano.com\/wp-content\/uploads\/2024\/03\/WhatsApp-Image-2024-03-13-at-6.58.13-PM-1-1024x682.jpeg\" alt=\"\" class=\"wp-image-515237\" srcset=\"https:\/\/diariodominicano.com\/wp-content\/uploads\/2024\/03\/WhatsApp-Image-2024-03-13-at-6.58.13-PM-1-1024x682.jpeg 1024w, https:\/\/diariodominicano.com\/wp-content\/uploads\/2024\/03\/WhatsApp-Image-2024-03-13-at-6.58.13-PM-1-300x200.jpeg 300w, https:\/\/diariodominicano.com\/wp-content\/uploads\/2024\/03\/WhatsApp-Image-2024-03-13-at-6.58.13-PM-1-768x512.jpeg 768w, https:\/\/diariodominicano.com\/wp-content\/uploads\/2024\/03\/WhatsApp-Image-2024-03-13-at-6.58.13-PM-1-1536x1024.jpeg 1536w, https:\/\/diariodominicano.com\/wp-content\/uploads\/2024\/03\/WhatsApp-Image-2024-03-13-at-6.58.13-PM-1-2048x1365.jpeg 2048w, https:\/\/diariodominicano.com\/wp-content\/uploads\/2024\/03\/WhatsApp-Image-2024-03-13-at-6.58.13-PM-1-816x544.jpeg 816w\" sizes=\"auto, (max-width: 1024px) 100vw, 1024px\" \/><\/figure>\n\n\n\n<p>La Vicepresidenta Raquel Pe\u00f1a valor\u00f3 \u00ablos avances que ha tenido este Hospital, tanto en la formaci\u00f3n acad\u00e9mica, como en la ampliaci\u00f3n de todos los servicios al ritmo de la evoluci\u00f3n de la ciencia m\u00e9dica, en beneficio de los miembros de las Fuerzas Armadas, hombres y mujeres que reafirman cada d\u00eda esa vocaci\u00f3n de servicio\u00a8.<\/p>\n\n\n\n<figure class=\"wp-block-image size-large\"><img loading=\"lazy\" decoding=\"async\" width=\"1024\" height=\"682\" src=\"https:\/\/diariodominicano.com\/wp-content\/uploads\/2024\/03\/WhatsApp-Image-2024-03-13-at-6.58.12-PM-1024x682.jpeg\" alt=\"\" class=\"wp-image-515231\" srcset=\"https:\/\/diariodominicano.com\/wp-content\/uploads\/2024\/03\/WhatsApp-Image-2024-03-13-at-6.58.12-PM-1024x682.jpeg 1024w, https:\/\/diariodominicano.com\/wp-content\/uploads\/2024\/03\/WhatsApp-Image-2024-03-13-at-6.58.12-PM-300x200.jpeg 300w, https:\/\/diariodominicano.com\/wp-content\/uploads\/2024\/03\/WhatsApp-Image-2024-03-13-at-6.58.12-PM-768x511.jpeg 768w, https:\/\/diariodominicano.com\/wp-content\/uploads\/2024\/03\/WhatsApp-Image-2024-03-13-at-6.58.12-PM-1536x1022.jpeg 1536w, https:\/\/diariodominicano.com\/wp-content\/uploads\/2024\/03\/WhatsApp-Image-2024-03-13-at-6.58.12-PM-816x543.jpeg 816w, https:\/\/diariodominicano.com\/wp-content\/uploads\/2024\/03\/WhatsApp-Image-2024-03-13-at-6.58.12-PM.jpeg 1600w\" sizes=\"auto, (max-width: 1024px) 100vw, 1024px\" \/><\/figure>\n\n\n\n<p>El coronel m\u00e9dico cirujano onc\u00f3logo Dr. Ram\u00f3n Henr\u00edquez Feliz Jim\u00e9nez, ERD, durante la inauguraci\u00f3n agradeci\u00f3 a las autoridades por el apoyo brindado a este proyecto que beneficiar\u00e1 a los soldados, sus familiares y de la clase civil, dijo que \u201cesta modernizaci\u00f3n y reforma del hospital, lograda con fondos del gobierno dominicano y con los generados por el propio hospital, no s\u00f3lo constituye un mejoramiento de su infraestructura e instalaciones, sino tambi\u00e9n abarca el equipamiento, reordenamiento, tecnificaci\u00f3n y automatizaci\u00f3n de los procesos administrativos, as\u00ed como de las condiciones de trabajo del personal de salud, que presta sus servicios a todo aquel que lo necesita\u201d.<\/p>\n\n\n\n<figure class=\"wp-block-image size-large\"><img loading=\"lazy\" decoding=\"async\" width=\"1024\" height=\"682\" src=\"https:\/\/diariodominicano.com\/wp-content\/uploads\/2024\/03\/WhatsApp-Image-2024-03-13-at-6.58.12-PM-1-1024x682.jpeg\" alt=\"\" class=\"wp-image-515232\" srcset=\"https:\/\/diariodominicano.com\/wp-content\/uploads\/2024\/03\/WhatsApp-Image-2024-03-13-at-6.58.12-PM-1-1024x682.jpeg 1024w, https:\/\/diariodominicano.com\/wp-content\/uploads\/2024\/03\/WhatsApp-Image-2024-03-13-at-6.58.12-PM-1-300x200.jpeg 300w, https:\/\/diariodominicano.com\/wp-content\/uploads\/2024\/03\/WhatsApp-Image-2024-03-13-at-6.58.12-PM-1-768x512.jpeg 768w, https:\/\/diariodominicano.com\/wp-content\/uploads\/2024\/03\/WhatsApp-Image-2024-03-13-at-6.58.12-PM-1-1536x1024.jpeg 1536w, https:\/\/diariodominicano.com\/wp-content\/uploads\/2024\/03\/WhatsApp-Image-2024-03-13-at-6.58.12-PM-1-2048x1365.jpeg 2048w, https:\/\/diariodominicano.com\/wp-content\/uploads\/2024\/03\/WhatsApp-Image-2024-03-13-at-6.58.12-PM-1-816x544.jpeg 816w\" sizes=\"auto, (max-width: 1024px) 100vw, 1024px\" \/><\/figure>\n\n\n\n<p>Destac\u00f3, adem\u00e1s, que, en el \u00e1rea docente, recientemente se logr\u00f3 elevar la categor\u00eda de Hospital General a Hospital Universitario Docente y que ya iniciaron sus residentes m\u00e9dicos, sus pr\u00e1cticas profesionales en especialidades como Otorrinolaringolog\u00eda, Neurocirug\u00eda y la especialidad de trauma y cuidados cr\u00edticos, la primera en el pa\u00eds.<\/p>\n\n\n\n<p>\u201cDe igual forma se firm\u00f3 un acuerdo econ\u00f3mico para la preparaci\u00f3n de los m\u00e9dicos para el Examen Nacional de Residencias m\u00e9dicas y se lograron acuerdos con pa\u00edses hermanos para rotaciones de los m\u00e9dicos residentes, quienes ahora pueden estudiar desde la reci\u00e9n creada aula virtual y la sala did\u00e1ctica de pr\u00e1ctica quir\u00fargica\u201d, se\u00f1al\u00f3 Feliz Jim\u00e9nez.<\/p>\n\n\n\n<p>En cuanto a las condiciones administrativas, se obtuvo la homologaci\u00f3n de sueldos del personal sanitario militar, (m\u00e9dicos, enfermeras, bioanalistas, odont\u00f3logos y t\u00e9cnicos), lo cual forma parte del desarrollo estrat\u00e9gico institucional de las Fuerzas Armadas, para incentivar al personal que brinda lo mejor de s\u00ed y aporta en el crecimiento de este centro de salud.<\/p>\n\n\n\n<p>En el acto tambi\u00e9n estuvieron presentes, la presidente de la Asociaci\u00f3n Dominicana de Esposas de Oficiales de las Fuerzas Armadas (ADEOFA), Wendy Santos de D\u00edaz, el director del cuerpo m\u00e9dico del CUSEP,<em><strong>&nbsp;<\/strong><\/em><em>general<\/em>&nbsp;de brigada M\u00e9dico Cirujano&nbsp;<em>Luis<\/em>&nbsp; D\u00edaz&nbsp;<em>Morfa<\/em>, ERD,&nbsp;oficiales superiores, oficiales subalternos, m\u00e9dicos y civiles.&nbsp;<\/p>\n\n\n\n<p><strong><em>Departamento de Prensa<\/em><\/strong><\/p>\n\n\n\n<p><em><strong>Direcci\u00f3n de Asuntos Civiles del Estado Mayor Conjunto, J5<\/strong><\/em><\/p>\n\n\n\n<p><em><strong>Ministerio de Defensa de Rep\u00fablica Dominicana<\/strong><\/em><\/p>\n","protected":false},"excerpt":{"rendered":"<p>SANTO DOMINGO, RD. &#8211; La Vicepresidenta de la Rep\u00fablica Raquel Pe\u00f1a y el ministro de Defensa, teniente general Carlos Luciano D\u00edaz Morfa, ERD, inauguraron nuevas instalaciones y \u00e1reas remozadas del Hospital Universitario Docente Central de las Fuerzas Armadas. La actividad tambi\u00e9n fue encabezada por la directiva del centro de salud, para beneficiar a los miembros [&hellip;]<\/p>\n","protected":false},"author":28,"featured_media":515223,"comment_status":"closed","ping_status":"","sticky":true,"template":"","format":"standard","meta":{"footnotes":""},"categories":[20,27],"tags":[],"class_list":["post-515222","post","type-post","status-publish","format-standard","has-post-thumbnail","hentry","category-dominicana-hoy","category-portada"],"_links":{"self":[{"href":"https:\/\/diariodominicano.com\/index.php?rest_route=\/wp\/v2\/posts\/515222","targetHints":{"allow":["GET"]}}],"collection":[{"href":"https:\/\/diariodominicano.com\/index.php?rest_route=\/wp\/v2\/posts"}],"about":[{"href":"https:\/\/diariodominicano.com\/index.php?rest_route=\/wp\/v2\/types\/post"}],"author":[{"embeddable":true,"href":"https:\/\/diariodominicano.com\/index.php?rest_route=\/wp\/v2\/users\/28"}],"replies":[{"embeddable":true,"href":"https:\/\/diariodominicano.com\/index.php?rest_route=%2Fwp%2Fv2%2Fcomments&post=515222"}],"version-history":[{"count":4,"href":"https:\/\/diariodominicano.com\/index.php?rest_route=\/wp\/v2\/posts\/515222\/revisions"}],"predecessor-version":[{"id":515240,"href":"https:\/\/diariodominicano.com\/index.php?rest_route=\/wp\/v2\/posts\/515222\/revisions\/515240"}],"wp:featuredmedia":[{"embeddable":true,"href":"https:\/\/diariodominicano.com\/index.php?rest_route=\/wp\/v2\/media\/515223"}],"wp:attachment":[{"href":"https:\/\/diariodominicano.com\/index.php?rest_route=%2Fwp%2Fv2%2Fmedia&parent=515222"}],"wp:term":[{"taxonomy":"category","embeddable":true,"href":"https:\/\/diariodominicano.com\/index.php?rest_route=%2Fwp%2Fv2%2Fcategories&post=515222"},{"taxonomy":"post_tag","embeddable":true,"href":"https:\/\/diariodominicano.com\/index.php?rest_route=%2Fwp%2Fv2%2Ftags&post=515222"}],"curies":[{"name":"wp","href":"https:\/\/api.w.org\/{rel}","templated":true}]}}