{"id":515203,"date":"2024-03-13T23:59:05","date_gmt":"2024-03-14T03:59:05","guid":{"rendered":"https:\/\/diariodominicano.com\/?p=515203"},"modified":"2024-03-13T23:59:05","modified_gmt":"2024-03-14T03:59:05","slug":"decana-universidad-de-hostos-en-el-bronx-recibe-reconocimientos-de-instituciones-dominicanas","status":"publish","type":"post","link":"https:\/\/diariodominicano.com\/?p=515203","title":{"rendered":"Decana Universidad de Hostos en El Bronx recibe reconocimientos de instituciones dominicanas"},"content":{"rendered":"\n<p><strong>Por Ram\u00f3n Mercedes<\/strong><\/p>\n\n\n\n<p><strong>NUEVA YORK.-&nbsp;<\/strong>La decana de la Universidad de Hostos, en El Bronx, Ana Garc\u00eda Reyes, recibi\u00f3 en esta semana reconocimientos de instituciones representada por dominicanos en el mes internacional de la mujer.<\/p>\n\n\n\n<p>Garc\u00eda Reyes, envuelta desde hace d\u00e9cadas en el sistema de educaci\u00f3n neoyorkino, fue homenajeada por el congresista dem\u00f3crata (NY-13), Adriano Espaillat; el c\u00f3nsul de la RD en NY, Eligio J\u00e1quez; la concejal por el Alto Manhattan, Carmen de la Rosa; y la fundadora presidenta de la \u201cFundaci\u00f3n de un Futuro Mejor\u201d, Yanilda Estrella.<\/p>\n\n\n\n<p>Asimismo, la acad\u00e9mica fue invitada como panelista a la conferencia anual de mujeres que la \u201cFundaci\u00f3n\u201d efectu\u00f3 en el local de la Direcci\u00f3n de Cultura Dominicana-NY, ubicada en el 2406 de la avenida \u00c1msterdam, con la calle 180, en el Alto Manhattan.<\/p>\n\n\n\n<p>Habl\u00f3 de la importancia de celebrar el mes internacional de la mujer porque estas contribuyen al desarrollo econ\u00f3mico, pol\u00edtico, social, educativo y a la procreaci\u00f3n y cuidado de la familia, y que las mujeres hist\u00f3ricamente han llevado mucha desventaja en comparaci\u00f3n con los hombres en diferentes terrenos.<\/p>\n\n\n\n<p>Agradeci\u00f3 a todas las damas que dieron lo mejor de s\u00ed para que la celebraci\u00f3n del evento. A\u00f1adi\u00f3 que estas son mujeres que inspiran, lideran, transforman e impactan con su desinteresado servicio.<\/p>\n\n\n\n<p>Tambi\u00e9n fueron reconocidas otras mujeres dominicanas por su liderazgo definido en la Gran Manzana, entre ellas, Wendy Garc\u00eda, Deputy Commissioner NYPD; Amanda S\u00e9ptimo, asamble\u00edsta Distrito 844; Mar\u00eda Trusa, experta en Salud Mental.<\/p>\n\n\n\n<p>Asimismo, Sandra Harris, vicepresidenta de Asuntos Comunitarios y Participaci\u00f3n de Alianzas de la Universidad de Columbia.<\/p>\n\n\n\n<p>Durante el evento, Yanilda Estrella hizo un llamado en nombre de la \u201cFundaci\u00f3n\u201d a seguir sirviendo desinteresadamente como legado a la \u201cFundaci\u00f3n\u201d y destac\u00f3 la importancia de la uni\u00f3n entre las mujeres.<\/p>\n","protected":false},"excerpt":{"rendered":"<p>Por Ram\u00f3n Mercedes NUEVA YORK.-&nbsp;La decana de la Universidad de Hostos, en El Bronx, Ana Garc\u00eda Reyes, recibi\u00f3 en esta semana reconocimientos de instituciones representada por dominicanos en el mes internacional de la mujer. Garc\u00eda Reyes, envuelta desde hace d\u00e9cadas en el sistema de educaci\u00f3n neoyorkino, fue homenajeada por el congresista dem\u00f3crata (NY-13), Adriano Espaillat; [&hellip;]<\/p>\n","protected":false},"author":28,"featured_media":515204,"comment_status":"closed","ping_status":"","sticky":false,"template":"","format":"standard","meta":{"footnotes":""},"categories":[36,20],"tags":[],"class_list":["post-515203","post","type-post","status-publish","format-standard","has-post-thumbnail","hentry","category-hombresmujeresycosas","category-dominicana-hoy"],"_links":{"self":[{"href":"https:\/\/diariodominicano.com\/index.php?rest_route=\/wp\/v2\/posts\/515203","targetHints":{"allow":["GET"]}}],"collection":[{"href":"https:\/\/diariodominicano.com\/index.php?rest_route=\/wp\/v2\/posts"}],"about":[{"href":"https:\/\/diariodominicano.com\/index.php?rest_route=\/wp\/v2\/types\/post"}],"author":[{"embeddable":true,"href":"https:\/\/diariodominicano.com\/index.php?rest_route=\/wp\/v2\/users\/28"}],"replies":[{"embeddable":true,"href":"https:\/\/diariodominicano.com\/index.php?rest_route=%2Fwp%2Fv2%2Fcomments&post=515203"}],"version-history":[{"count":1,"href":"https:\/\/diariodominicano.com\/index.php?rest_route=\/wp\/v2\/posts\/515203\/revisions"}],"predecessor-version":[{"id":515205,"href":"https:\/\/diariodominicano.com\/index.php?rest_route=\/wp\/v2\/posts\/515203\/revisions\/515205"}],"wp:featuredmedia":[{"embeddable":true,"href":"https:\/\/diariodominicano.com\/index.php?rest_route=\/wp\/v2\/media\/515204"}],"wp:attachment":[{"href":"https:\/\/diariodominicano.com\/index.php?rest_route=%2Fwp%2Fv2%2Fmedia&parent=515203"}],"wp:term":[{"taxonomy":"category","embeddable":true,"href":"https:\/\/diariodominicano.com\/index.php?rest_route=%2Fwp%2Fv2%2Fcategories&post=515203"},{"taxonomy":"post_tag","embeddable":true,"href":"https:\/\/diariodominicano.com\/index.php?rest_route=%2Fwp%2Fv2%2Ftags&post=515203"}],"curies":[{"name":"wp","href":"https:\/\/api.w.org\/{rel}","templated":true}]}}