{"id":51517,"date":"2020-07-20T20:19:50","date_gmt":"2020-07-20T20:19:50","guid":{"rendered":"http:\/\/diariodominicano.ddns.net\/?p=51517"},"modified":"2020-07-20T20:19:50","modified_gmt":"2020-07-20T20:19:50","slug":"maestros-del-distrito-educativo-16-07-en-fantino-aseguran-estan-comprometidos-con-la-educacion","status":"publish","type":"post","link":"https:\/\/diariodominicano.com\/?p=51517","title":{"rendered":"Maestros del Distrito Educativo 16-07 en Fantino aseguran  est\u00e1n comprometidos con la educaci\u00f3n"},"content":{"rendered":"<p><body><\/p>\n<p><img decoding=\"async\" src=\"img3\/maestros20-7-20.JPG\" \/>  <\/p>\n<p>diariodominicano.com<\/p>\n<p><span class=\"text1noticias\"> <\/span><\/p>\n<p><span class=\"text1noticias\">Cotu\u00ed, Juan S\u00e1nchez Ram\u00edrez, R. D., 20 de julio, 2020.- El director del Distrito Educativo 16-07 en Fantino, Marcos Amparo Rond\u00f3n, asegur\u00f3 que todos los docentes bajo su jurisdicci\u00f3n han mostrado un gran inter\u00e9s por sumarse a las labores de inicio del A\u00f1o Escolar 2020-2021, sobre todo capacit\u00e1ndose en jornadas virtuales.<\/span><\/p>\n<p><span class=\"text1noticias\"> <\/span><\/p>\n<p><span class=\"text1noticias\">Amparo Rond\u00f3n enfatiz\u00f3 que los maestros y maestras de su distrito han estado en etapas de planificaci\u00f3n de clases para impartirlas de forma presencial o virtual, dependiendo la modalidad que determine el Consejo Nacional de Educaci\u00f3n ante la pandemia del COVID-19.<\/span><\/p>\n<p><span class=\"text1noticias\"> <\/span><\/p>\n<p><span class=\"text1noticias\">\u00abNuestros profesores est\u00e1n 24\/7 en esto. Tenemos grupos por redes sociales y todos los d\u00edas analizamos la situaci\u00f3n actual y coordinamos equipos de trabajo para ir a las escuelas y aportar en las jornadas de mantenimiento\u00bb, apunt\u00f3. <\/span><\/p>\n<p><span class=\"text1noticias\"> <\/span><\/p>\n<p><span class=\"text1noticias\">Uno de esos maestros es Arqu\u00edmedes Jerez, quien agreg\u00f3 que de los docentes depende defender la educaci\u00f3n en cualquier modalidad, \u00abporque somos los principales promotores de la ense\u00f1anza y el ejemplo de los que van subiendo\u00bb. <\/span><\/p>\n<p><span class=\"text1noticias\"> <\/span><\/p>\n<p><span class=\"text1noticias\">Acot\u00f3 que el programa Rep\u00fablica Digital Educaci\u00f3n les ha entregado laptops modernas para reforzar la pedagog\u00eda a distancia, as\u00ed como cursos, talleres y capacitaciones continuas a cada maestro de los m\u00e1s de 50 centros educativos. <\/span><\/p>\n<p><span class=\"text1noticias\"> <\/span><\/p>\n<p><span class=\"text1noticias\">De su lado, la directora del Polit\u00e9cnico Profesor Juan Francisco Alfonseca, Luz Mar\u00eda Jim\u00e9nez, manifest\u00f3 que han estado encabezando jornadas de limpieza y reforestaci\u00f3n para cuidar los planteles y asegurar completa higiene para evitar la propagaci\u00f3n de la pandemia. <\/span><\/p>\n<p><span class=\"text1noticias\"> <\/span><\/p>\n<p><span class=\"text1noticias\">\u00abNuestros maestros han estado muy integrados a esas jornadas y est\u00e1n dispuestos a dar sus clases como sea, lo importante es que la educaci\u00f3n no se detenga\u00bb, dijo Jim\u00e9nez. <\/span><\/p>\n<p><span class=\"text1noticias\"> <\/span><\/p>\n<p><span class=\"text1noticias\">Tambi\u00e9n, la directora del Liceo Olinda Grull\u00f3n Garc\u00eda, Hileica G\u00f3mez, se\u00f1al\u00f3 que con los fondos autorizados por el ministro Antonio Pe\u00f1a Mirabal para darle mantenimiento a las escuelas, han resuelto necesidades de plomer\u00eda, electricidad, pintura, limpieza y otros detalles. <\/span><\/p>\n<p><span class=\"text1noticias\"> <\/span><\/p>\n<p><span class=\"text1noticias\">El Distrito Educativo 16-07 tiene 52 centros educativos con 641 docentes y alrededor de 15 mil estudiantes con m\u00e1s del 85 por ciento en Jornada Escolar Extendida. <\/span><\/p>\n<p><span class=\"text1noticias\"> <\/span><\/p>\n<p><span class=\"text1noticias\">Fuente: <\/span>Prensa MINERD<\/p>\n<p><span class=\"text1noticias\">Direcci\u00f3n de Comunicaci\u00f3n y Relaciones P\u00fablicas<\/span><\/p>\n<p><span class=\"text1noticias\"> Ministerio Educaci\u00f3n Rep\u00fablica Dominicana<\/span><\/p>\n<p><span class=\"text1noticias\">20 de julio 2020 <\/span><\/p>\n<p><span class=\"text1noticias\">Licda. Magdalena Nu\u00f1ez <\/span><\/p>\n<p><span class=\"text1noticias\">Enc. Relaciones P\u00fablicas<\/span><\/p>\n<h6> 2020-07-20 20:19:50 <\/h6>\n<p><!--\n<link rel=\"stylesheet\" href=\"css\/bootstrap.min.css\">\n\n\n<ul class=\"pagination\">\n\t    \n\t\n\n<li >\n\t<a href='?page_no=394'>Previous<\/a>\n\t<\/li>\n\n\n       \n    \n\n<li><a href='?page_no=1'>1<\/a><\/li>\n\n\n\n<li><a href='?page_no=2'>2<\/a><\/li>\n\n\n\n<li><a>...<\/a><\/li>\n\n\n\n<li><a href='?page_no=393'>393<\/a><\/li>\n\n\n\n<li><a href='?page_no=394'>394<\/a><\/li>\n\n\n\n<li class='active'><a>395<\/a><\/li>\n\n\n\n<li><a href='?page_no=396'>396<\/a><\/li>\n\n\n\n<li><a href='?page_no=397'>397<\/a><\/li>\n\n\n\n<li><a>...<\/a><\/li>\n\n\n\n<li><a href='?page_no=22911'>22911<\/a><\/li>\n\n\n\n<li><a href='?page_no=22912'>22912<\/a><\/li>\n\n    \n\t\n\n<li >\n\t<a href='?page_no=396'>Next<\/a>\n\t<\/li>\n\n\n    \n\n<li><a href='?page_no=22912'>Last &rsaquo;&rsaquo;<\/a><\/li>\n\n<\/ul>\n\n\n--><br \/>\n<\/body><\/p>\n","protected":false},"excerpt":{"rendered":"<p>diariodominicano.com Cotu\u00ed, Juan S\u00e1nchez Ram\u00edrez, R. D., 20 de julio, 2020.- El director del Distrito Educativo 16-07 en Fantino, Marcos Amparo Rond\u00f3n, asegur\u00f3 que todos los docentes bajo su jurisdicci\u00f3n han mostrado un gran inter\u00e9s por sumarse a las labores de inicio del A\u00f1o Escolar 2020-2021, sobre todo capacit\u00e1ndose en jornadas virtuales. Amparo Rond\u00f3n enfatiz\u00f3 [&hellip;]<\/p>\n","protected":false},"author":3,"featured_media":0,"comment_status":"open","ping_status":"open","sticky":false,"template":"","format":"standard","meta":{"footnotes":""},"categories":[21],"tags":[],"class_list":["post-51517","post","type-post","status-publish","format-standard","hentry","category-cultura"],"_links":{"self":[{"href":"https:\/\/diariodominicano.com\/index.php?rest_route=\/wp\/v2\/posts\/51517","targetHints":{"allow":["GET"]}}],"collection":[{"href":"https:\/\/diariodominicano.com\/index.php?rest_route=\/wp\/v2\/posts"}],"about":[{"href":"https:\/\/diariodominicano.com\/index.php?rest_route=\/wp\/v2\/types\/post"}],"author":[{"embeddable":true,"href":"https:\/\/diariodominicano.com\/index.php?rest_route=\/wp\/v2\/users\/3"}],"replies":[{"embeddable":true,"href":"https:\/\/diariodominicano.com\/index.php?rest_route=%2Fwp%2Fv2%2Fcomments&post=51517"}],"version-history":[{"count":0,"href":"https:\/\/diariodominicano.com\/index.php?rest_route=\/wp\/v2\/posts\/51517\/revisions"}],"wp:attachment":[{"href":"https:\/\/diariodominicano.com\/index.php?rest_route=%2Fwp%2Fv2%2Fmedia&parent=51517"}],"wp:term":[{"taxonomy":"category","embeddable":true,"href":"https:\/\/diariodominicano.com\/index.php?rest_route=%2Fwp%2Fv2%2Fcategories&post=51517"},{"taxonomy":"post_tag","embeddable":true,"href":"https:\/\/diariodominicano.com\/index.php?rest_route=%2Fwp%2Fv2%2Ftags&post=51517"}],"curies":[{"name":"wp","href":"https:\/\/api.w.org\/{rel}","templated":true}]}}