{"id":515156,"date":"2024-03-13T21:54:10","date_gmt":"2024-03-14T01:54:10","guid":{"rendered":"https:\/\/diariodominicano.com\/?p=515156"},"modified":"2024-03-13T23:08:23","modified_gmt":"2024-03-14T03:08:23","slug":"procuraduria-de-medio-ambiente-clausura-mina-de-extraccion-de-agregados-investigada-por-depredar-el-medio-ambiente-en-santo-domingo-norte","status":"publish","type":"post","link":"https:\/\/diariodominicano.com\/?p=515156","title":{"rendered":"Procuradur\u00eda de Medio Ambiente  clausura mina de extracci\u00f3n de agregados investigada por depredar el medio ambiente en Santo Domingo Norte"},"content":{"rendered":"\n<p>Archivo: <\/p>\n\n\n\n<p><em><u>La mina administrada por la empresa UT SUPRA Mina Los Uribes S.R.L. es acusada de depredar el medio ambiente en la zona en donde opera<\/u><\/em><\/p>\n\n\n\n<p>Diariodominicano.com<\/p>\n\n\n\n<p><strong>SANTO DOMINGO, Rep\u00fablica Dominicana.-<\/strong>\u00a0La Procuradur\u00eda Especializada para la Defensa del Medio Ambiente y los Recursos Naturales (Proedemaren) visit\u00f3 el municipio de Santo Domingo Norte, donde cumpli\u00f3 una orden de allanamiento, secuestro y captura contra la empresa minera UT Supra Mina Los Uribes S.R.L, dictada por el juez de la instrucci\u00f3n del Distrito Judicial de Santo Domingo, M\u00e1ximo C. Rosa Saint Hilare.<\/p>\n\n\n\n<p>La mina intervenida est\u00e1  en la carretera Yamas\u00e1, kil\u00f3metro 16, sector Sierra Prieta, en el municipio Santo Domingo Norte, de la Provincia  Santo Domingo.<\/p>\n\n\n\n<p>La Procuradur\u00eda de Medio Ambiente inform\u00f3 que el objetivo de la inspecci\u00f3n consisti\u00f3 en comprobar si las distintas especies de fauna y flora, que se encuentran en el entorno, adem\u00e1s de las fuentes h\u00eddricas, han sido afectadas como consecuencia de las operaciones de la mina, en violaci\u00f3n a las leyes sobre el medio ambiente.&nbsp;<\/p>\n\n\n\n<p>De acuerdo con lo informado por el procurador de corte Francisco Contreras, titular de la Proedemaren, durante el operativo realizado el pasado mi\u00e9rcoles en las instalaciones de la mina, se procedi\u00f3 a la clausura de sus operaciones.&nbsp;<\/p>\n\n\n\n<p>La decisi\u00f3n se tom\u00f3 tras confirmarse durante el operativo que \u201cse dedica a depredar el medio ambiente, acabando con la vegetaci\u00f3n, lo que ha afectado la capa fre\u00e1tica en la zona\u201d. Adem\u00e1s, de que \u201csin ning\u00fan tipo de permisolog\u00eda por el \u00f3rgano competente para estos fines que es el Ministerio para el Medio Ambiente y los Recursos Naturales, han dejado grandes cr\u00e1teres y un da\u00f1o ambiental irreparable en muchos a\u00f1os.<\/p>\n\n\n\n<p>Adem\u00e1s, inform\u00f3 que \u201cse ha abierto una investigaci\u00f3n para someter a la acci\u00f3n de la justicia a los responsables de este desastre ambiental\u201d.&nbsp;<\/p>\n\n\n\n<p>Sobre la clausura de la mina, inform\u00f3 que se realiz\u00f3 en coordinaci\u00f3n con el Ministerio del Medio Ambiente y los Recursos Naturales y con el Servicio Nacional de Protecci\u00f3n Ambiental (SENPA).<\/p>\n\n\n\n<p>En el operativo del cierre participaron, por parte de la Procuradur\u00eda Especializada para la Defensa del Medio Ambiente y los Recursos Naturales, adem\u00e1s de Contreras N\u00fa\u00f1ez, Robert Rodr\u00edguez, coordinador de la Proedemaren en Santo Domingo Este &#8211; Norte, y la procuradora fiscal Miledys Dom\u00ednguez, integrante de la instituci\u00f3n.&nbsp;&nbsp;&nbsp;&nbsp;<\/p>\n\n\n\n<p><strong>Direcci\u00f3n General de Comunicaci\u00f3n, Prensa, y RRPP<\/strong><strong><\/strong><\/p>\n\n\n\n<p>Ministerio P\u00fablico.&nbsp;R.D.<\/p>\n\n\n\n<p>Mi\u00e9rcoles, 13 de marzo de 2024<\/p>\n\n\n\n<p>&#8230;<\/p>\n","protected":false},"excerpt":{"rendered":"<p>Archivo: La mina administrada por la empresa UT SUPRA Mina Los Uribes S.R.L. es acusada de depredar el medio ambiente en la zona en donde opera Diariodominicano.com SANTO DOMINGO, Rep\u00fablica Dominicana.-\u00a0La Procuradur\u00eda Especializada para la Defensa del Medio Ambiente y los Recursos Naturales (Proedemaren) visit\u00f3 el municipio de Santo Domingo Norte, donde cumpli\u00f3 una orden [&hellip;]<\/p>\n","protected":false},"author":28,"featured_media":420793,"comment_status":"closed","ping_status":"","sticky":true,"template":"","format":"standard","meta":{"footnotes":""},"categories":[20,24,27],"tags":[],"class_list":["post-515156","post","type-post","status-publish","format-standard","has-post-thumbnail","hentry","category-dominicana-hoy","category-justicia-y-derecho","category-portada"],"_links":{"self":[{"href":"https:\/\/diariodominicano.com\/index.php?rest_route=\/wp\/v2\/posts\/515156","targetHints":{"allow":["GET"]}}],"collection":[{"href":"https:\/\/diariodominicano.com\/index.php?rest_route=\/wp\/v2\/posts"}],"about":[{"href":"https:\/\/diariodominicano.com\/index.php?rest_route=\/wp\/v2\/types\/post"}],"author":[{"embeddable":true,"href":"https:\/\/diariodominicano.com\/index.php?rest_route=\/wp\/v2\/users\/28"}],"replies":[{"embeddable":true,"href":"https:\/\/diariodominicano.com\/index.php?rest_route=%2Fwp%2Fv2%2Fcomments&post=515156"}],"version-history":[{"count":4,"href":"https:\/\/diariodominicano.com\/index.php?rest_route=\/wp\/v2\/posts\/515156\/revisions"}],"predecessor-version":[{"id":515174,"href":"https:\/\/diariodominicano.com\/index.php?rest_route=\/wp\/v2\/posts\/515156\/revisions\/515174"}],"wp:featuredmedia":[{"embeddable":true,"href":"https:\/\/diariodominicano.com\/index.php?rest_route=\/wp\/v2\/media\/420793"}],"wp:attachment":[{"href":"https:\/\/diariodominicano.com\/index.php?rest_route=%2Fwp%2Fv2%2Fmedia&parent=515156"}],"wp:term":[{"taxonomy":"category","embeddable":true,"href":"https:\/\/diariodominicano.com\/index.php?rest_route=%2Fwp%2Fv2%2Fcategories&post=515156"},{"taxonomy":"post_tag","embeddable":true,"href":"https:\/\/diariodominicano.com\/index.php?rest_route=%2Fwp%2Fv2%2Ftags&post=515156"}],"curies":[{"name":"wp","href":"https:\/\/api.w.org\/{rel}","templated":true}]}}