{"id":515124,"date":"2024-03-13T20:19:42","date_gmt":"2024-03-14T00:19:42","guid":{"rendered":"https:\/\/diariodominicano.com\/?p=515124"},"modified":"2024-03-13T20:19:42","modified_gmt":"2024-03-14T00:19:42","slug":"recuerdan-en-cuba-aniversario-45-de-la-revolucion-de-granada","status":"publish","type":"post","link":"https:\/\/diariodominicano.com\/?p=515124","title":{"rendered":"Recuerdan en Cuba aniversario 45 de la Revoluci\u00f3n de Granada"},"content":{"rendered":"\n<p>La Habana, 13 mar (Prensa Latina) La vigencia permanente del legado de la Revoluci\u00f3n de Granada y de su l\u00edder Maurice Bishop result\u00f3 exaltada hoy aqu\u00ed, en su 45 aniversario, por investigadores y diplom\u00e1ticos cubanos y caribe\u00f1os.<\/p>\n\n\n\n<ul class=\"wp-block-list\">\n<li><a href=\"https:\/\/www.prensa-latina.cu\/2024\/03\/13\/\">marzo 13, 2024 | 19:39<\/a><\/li>\n<\/ul>\n\n\n\n<p>Ante casi un centenar de asistentes reunidos en la habanera Casa del Alba, los oradores coincidieron en destacar la figura de Bishop, asesinado en 1982, poco antes de la invasi\u00f3n militar de Estados Unidos a esa isla del Caribe Oriental.<\/p>\n\n\n\n<p>Al resumir las intervenciones, el embajador granadino Glen Noel subray\u00f3 el \u201cprofundo impacto global de la Revoluci\u00f3n, a pesar de solo haber durado cuatro a\u00f1os y medio\u201d y cit\u00f3 al respecto al l\u00edder de la Revoluci\u00f3n Cubana, Fidel Castro, en el sentido de que se trataba de una \u201cgran revoluci\u00f3n en un peque\u00f1o pa\u00eds\u201d.<\/p>\n\n\n\n<p>Por su parte, el embajador de Santa Luc\u00eda, Charles Isaac, sostuvo que la Revoluci\u00f3n de Granada fue resultado de la lucha durante \u201ctres siglos de dominaci\u00f3n, explotaci\u00f3n extrema e indignaci\u00f3n\u201d, desde la esclavitud, por el sufragio universal, la nacionalidad y la independencia.<\/p>\n\n\n\n<p>George Goodwin, embajador de Antigua y Barbuda, a su vez, record\u00f3 \u201cel valor y la decisi\u00f3n del pueblo granadino, que se levant\u00f3 contra la opresi\u00f3n y luch\u00f3 por la justicia, la igualdad y la autodeterminaci\u00f3n\u201d.<\/p>\n\n\n\n<p>Tres panelistas cubanos resaltaron, por su parte, las buenas relaciones de Cuba con Granada y con los dem\u00e1s pa\u00edses miembros de la Comunidad Caribe\u00f1a (Caricom) y brindaron testimonios sobre su presencia en esa isla antes, durante y despu\u00e9s de la Revoluci\u00f3n.<\/p>\n\n\n\n<p>Gast\u00f3n D\u00edaz, diplom\u00e1tico all\u00ed en el \u00faltimo periodo, detall\u00f3 los logros del gobierno de Bishop, destacando especialmente la construcci\u00f3n de un nuevo aeropuerto internacional con masiva colaboraci\u00f3n cubana, y amplios beneficios para los trabajadores, las mujeres, los j\u00f3venes, los desempleados y los m\u00e1s pobres de Granada.<\/p>\n\n\n\n<p>Jorge Luna, corresponsal de Prensa Latina en el Caribe en esa \u00e9poca, describi\u00f3 el contexto pol\u00edtico caribe\u00f1o en el que surgi\u00f3 la Revoluci\u00f3n de Granada en 1979 y resalt\u00f3 la inteligencia, valent\u00eda y popularidad de Bishop, a quien entrevist\u00f3 para su libro Granada; La Nueva Joya del Caribe (1982).<\/p>\n\n\n\n<p>Asimismo, Otto Marrero, quien fue funcionario del Comit\u00e9 Central del Partido Comunista de Cuba a cargo de la atenci\u00f3n a Granada, profundiz\u00f3 en el \u00faltimo per\u00edodo del proceso granadino, de divisi\u00f3n y crisis pol\u00edtica, el arresto y posterior liberaci\u00f3n de Bishop y, por \u00faltimo, su asesinato, seguido de la invasi\u00f3n estadounidense.<\/p>\n\n\n\n<p>En el acto participaron adem\u00e1s representantes de San Vicente y las Granadinas, Jamaica y Venezuela, as\u00ed como el embajador Rafael Daus\u00e1, Director General de Am\u00e9rica Latina y el Caribe de la canciller\u00eda cubana.<\/p>\n\n\n\n<p>jha\/jl<\/p>\n","protected":false},"excerpt":{"rendered":"<p>La Habana, 13 mar (Prensa Latina) La vigencia permanente del legado de la Revoluci\u00f3n de Granada y de su l\u00edder Maurice Bishop result\u00f3 exaltada hoy aqu\u00ed, en su 45 aniversario, por investigadores y diplom\u00e1ticos cubanos y caribe\u00f1os. Ante casi un centenar de asistentes reunidos en la habanera Casa del Alba, los oradores coincidieron en destacar [&hellip;]<\/p>\n","protected":false},"author":28,"featured_media":0,"comment_status":"closed","ping_status":"","sticky":false,"template":"","format":"standard","meta":{"footnotes":""},"categories":[26],"tags":[],"class_list":["post-515124","post","type-post","status-publish","format-standard","hentry","category-efemerides"],"_links":{"self":[{"href":"https:\/\/diariodominicano.com\/index.php?rest_route=\/wp\/v2\/posts\/515124","targetHints":{"allow":["GET"]}}],"collection":[{"href":"https:\/\/diariodominicano.com\/index.php?rest_route=\/wp\/v2\/posts"}],"about":[{"href":"https:\/\/diariodominicano.com\/index.php?rest_route=\/wp\/v2\/types\/post"}],"author":[{"embeddable":true,"href":"https:\/\/diariodominicano.com\/index.php?rest_route=\/wp\/v2\/users\/28"}],"replies":[{"embeddable":true,"href":"https:\/\/diariodominicano.com\/index.php?rest_route=%2Fwp%2Fv2%2Fcomments&post=515124"}],"version-history":[{"count":1,"href":"https:\/\/diariodominicano.com\/index.php?rest_route=\/wp\/v2\/posts\/515124\/revisions"}],"predecessor-version":[{"id":515125,"href":"https:\/\/diariodominicano.com\/index.php?rest_route=\/wp\/v2\/posts\/515124\/revisions\/515125"}],"wp:attachment":[{"href":"https:\/\/diariodominicano.com\/index.php?rest_route=%2Fwp%2Fv2%2Fmedia&parent=515124"}],"wp:term":[{"taxonomy":"category","embeddable":true,"href":"https:\/\/diariodominicano.com\/index.php?rest_route=%2Fwp%2Fv2%2Fcategories&post=515124"},{"taxonomy":"post_tag","embeddable":true,"href":"https:\/\/diariodominicano.com\/index.php?rest_route=%2Fwp%2Fv2%2Ftags&post=515124"}],"curies":[{"name":"wp","href":"https:\/\/api.w.org\/{rel}","templated":true}]}}