{"id":515060,"date":"2024-03-13T13:54:11","date_gmt":"2024-03-13T17:54:11","guid":{"rendered":"https:\/\/diariodominicano.com\/?p=515060"},"modified":"2024-03-13T13:54:11","modified_gmt":"2024-03-13T17:54:11","slug":"lideres-haitianos-trabajan-para-seleccionar-a-miembros-de-nuevo-consejo-de-transicion","status":"publish","type":"post","link":"https:\/\/diariodominicano.com\/?p=515060","title":{"rendered":"L\u00edderes haitianos trabajan para seleccionar a miembros de nuevo consejo de transici\u00f3n"},"content":{"rendered":"\n<p>marzo 13, 2024<\/p>\n\n\n\n<ul class=\"wp-block-list\">\n<li><a href=\"https:\/\/www.vozdeamerica.com\/author\/voz-de-america-redaccion\/p_kym\">Voz de Am\u00e9rica &#8211; Redacci\u00f3n<\/a><\/li>\n<\/ul>\n\n\n\n<figure class=\"wp-block-image\"><img decoding=\"async\" src=\"https:\/\/gdb.voanews.com\/bf1c9fd8-d3c5-443d-92f3-c9a17d25060f_w650_r1_s.jpg\" alt=\"Una mujer camina junto a neum\u00e1ticos en llamas durante una manifestaci\u00f3n tras la renuncia del primer ministro, Ariel Henry, en Puerto Pr\u00edncipe, Hait\u00ed, el 12 de marzo de 2024.\"\/><figcaption class=\"wp-element-caption\">Una mujer camina junto a neum\u00e1ticos en llamas durante una manifestaci\u00f3n tras la renuncia del primer ministro, Ariel Henry, en Puerto Pr\u00edncipe, Hait\u00ed, el 12 de marzo de 2024.<\/figcaption><\/figure>\n\n\n\n<ul class=\"wp-block-list\">\n<li><a href=\"https:\/\/facebook.com\/sharer.php?u=https%3a%2f%2fwww.vozdeamerica.com%2fa%2flideres-haitianos-trabajan-para-seleccionar-a-los-miembros-del-nuevo-consejo-de-transicion%2f7525783.html\" target=\"_blank\" rel=\"noreferrer noopener\"><\/a><\/li>\n\n\n\n<li><a href=\"https:\/\/twitter.com\/share?url=https%3a%2f%2fwww.vozdeamerica.com%2fa%2flideres-haitianos-trabajan-para-seleccionar-a-los-miembros-del-nuevo-consejo-de-transicion%2f7525783.html&amp;text=L%c3%adderes+haitianos+trabajan+para+seleccionar+a+miembros+de+nuevo+consejo+de+transici%c3%b3n\" target=\"_blank\" rel=\"noreferrer noopener\"><\/a><\/li>\n\n\n\n<li><\/li>\n\n\n\n<li><a href=\"mailto:?body=https%3a%2f%2fwww.vozdeamerica.com%2fa%2flideres-haitianos-trabajan-para-seleccionar-a-los-miembros-del-nuevo-consejo-de-transicion%2f7525783.html&amp;subject=L%C3%ADderes%20haitianos%20trabajan%20para%20seleccionar%20a%20miembros%20de%20nuevo%20consejo%20de%20transici%C3%B3n\"><\/a><\/li>\n<\/ul>\n\n\n\n<p><a href=\"https:\/\/www.vozdeamerica.com\/a\/lideres-haitianos-trabajan-para-seleccionar-a-los-miembros-del-nuevo-consejo-de-transicion\/7525783.html#comments\">&nbsp;Vea comentarios<\/a><\/p>\n\n\n\n<p>L\u00edderes haitianos trabajan contrareloj para seleccionar a los siete miembros del consejo de transici\u00f3n que conducir\u00e1 el pa\u00eds cuando el primer ministro Ariel Henry deje el poder.<\/p>\n\n\n\n<p>Los l\u00edderes haitianos se apresuran a cumplir con el plazo impuesto por Estados Unidos para nombrar a los siete miembros de un&nbsp;<em><strong><a href=\"https:\/\/www.vozdeamerica.com\/a\/renuncia-el-primer-ministro-de-haiti\/7523939.html\" target=\"_blank\" rel=\"noreferrer noopener\">consejo de transici\u00f3n<\/a><\/strong><\/em>&nbsp;que conducir\u00e1 el pa\u00eds cuando el primer ministro Ariel Henry deje el poder.<\/p>\n\n\n\n<p>Henry renunci\u00f3 el lunes por la noche bajo la presi\u00f3n de Estados Unidos y los l\u00edderes de la Comunidad del Caribe (CARICOM). La propuesta para que el consejo de transici\u00f3n gobierne Hait\u00ed,&nbsp;<em><strong><a href=\"https:\/\/www.vozdeamerica.com\/a\/residentes-puerto-principe-refugios-aumento-violencia-\/7446031.html\" target=\"_blank\" rel=\"noreferrer noopener\">azotado por la violencia<\/a><\/strong><\/em>, surgi\u00f3 el lunes durante una reuni\u00f3n de l\u00edderes del organismo en Kingston, la capital de Jamaica.<\/p>\n\n\n\n<p>Seg\u00fan el plan, el consejo de transici\u00f3n estar\u00e1 integrado por siete miembros, seis de los cuales representar\u00e1n a diversas coaliciones pol\u00edticas haitianas y el s\u00e9ptimo, un representante del sector privado, adem\u00e1s de dos miembros de la sociedad civil sin derecho a voto. El consejo elegir\u00e1 a un nuevo primer ministro y preparar\u00e1 el camino para elecciones presidenciales.<\/p>\n\n\n\n<p><a href=\"https:\/\/www.vozdeamerica.com\/a\/cuatro-millones-de-personas-enfrentan-inseguridad-alimentaria-aguda-en-haiti-alerta-la-onu\/7525641.html\"><\/a><\/p>\n\n\n\n<p><a href=\"https:\/\/www.vozdeamerica.com\/a\/cuatro-millones-de-personas-enfrentan-inseguridad-alimentaria-aguda-en-haiti-alerta-la-onu\/7525641.html\">TAMBI\u00c9N LEA<\/a><\/p>\n\n\n\n<h4 class=\"wp-block-heading\"><a href=\"https:\/\/www.vozdeamerica.com\/a\/cuatro-millones-de-personas-enfrentan-inseguridad-alimentaria-aguda-en-haiti-alerta-la-onu\/7525641.html\">Cuatro millones de personas enfrentan inseguridad alimentaria aguda en Hait\u00ed, alerta la ONU<\/a><\/h4>\n\n\n\n<p>Medios de comunicaci\u00f3n dicen que a los l\u00edderes haitianos se les dio un plazo de 24 horas para anunciar qui\u00e9nes conformar\u00edan el consejo.<\/p>\n\n\n\n<p>\u00abLos haitianos merecen un pa\u00eds donde los ni\u00f1os puedan ir a la escuela y sus padres sepan que estar\u00e1n seguros\u00bb, dijo la CARICOM en un&nbsp;<em><strong><a href=\"https:\/\/caricom.org\/outcome-declaration-of-caricom-international-partners-and-haitian-stakeholders\/\" target=\"_blank\" rel=\"noreferrer noopener\">comunicado<\/a><\/strong><\/em>&nbsp;el lunes anunciando el plan del gobierno de transici\u00f3n. \u00abElogiamos la voluntad y el coraje de las partes interesadas haitianas para comprometerse a poner a Hait\u00ed de nuevo en el camino hacia la democracia, la estabilidad y la prosperidad\u00bb.<\/p>\n\n\n\n<p><em><strong><a href=\"https:\/\/www.vozdeamerica.com\/a\/la-dimisi%C3%B3n-del-primer-ministro-haitiano-ariel-henry-facilitar%C3%ADa-una-intervenci%C3%B3n-para-estabilizar-la-crisis-pol%C3%ADtica-y-social-en-hait%C3%AD-\/7524135.html\" target=\"_blank\" rel=\"noreferrer noopener\">Henry renunci\u00f3<\/a><\/strong><\/em>&nbsp;una semana despu\u00e9s de que su avi\u00f3n se viera obligado a aterrizar en el territorio caribe\u00f1o estadounidense de Puerto Rico cuando se le neg\u00f3 la entrada a Rep\u00fablica Dominicana, que comparte la isla de La Espa\u00f1ola con Hait\u00ed.<\/p>\n\n\n\n<p>Henry sali\u00f3 de Hait\u00ed la semana anterior en una misi\u00f3n a la naci\u00f3n sudamericana de Guyana y a Kenia, en el este de \u00c1frica, para obtener apoyo para el despliegue de una&nbsp;<em><strong><a href=\"https:\/\/www.vozdeamerica.com\/a\/kenia-haiti-firman-acuerdos-plan-seguridad-\/7510449.html\" target=\"_blank\" rel=\"noreferrer noopener\">fuerza multinacional<\/a><\/strong><\/em>&nbsp;de mantenimiento de la paz de las Naciones Unidas en Hait\u00ed, que ha estado plagado de violencia brutal e incontrolada de pandillas en la capital, Puerto Pr\u00edncipe, y m\u00e1s all\u00e1.<\/p>\n\n\n\n<figure class=\"wp-block-image\"><img decoding=\"async\" src=\"https:\/\/gdb.voanews.com\/01000000-c0a8-0242-4754-08dc3ee17eb6_tv_w650_r1.jpg\" alt=\"Crisis en Hait\u00ed: la violencia desplaza a la poblaci\u00f3n de la capital\" title=\"Crisis en Hait\u00ed: la violencia desplaza a la poblaci\u00f3n de la capital\"\/><\/figure>\n\n\n\n<p><video poster=\"https:\/\/gdb.voanews.com\/01000000-c0a8-0242-4754-08dc3ee17eb6_tv_w650_r1.jpg\" src=\"blob:https:\/\/www.vozdeamerica.com\/341acaab-a5de-4590-905c-6bedb7e3cf65\"><\/video><\/p>\n\n\n\n<p>&nbsp;INSERTAR&nbsp;SHARE<\/p>\n\n\n\n<h5 class=\"wp-block-heading\"><a href=\"https:\/\/www.vozdeamerica.com\/a\/lideres-haitianos-trabajan-para-seleccionar-a-los-miembros-del-nuevo-consejo-de-transicion\/7518158.html\" target=\"_blank\" rel=\"noreferrer noopener\">Crisis en Hait\u00ed: la violencia desplaza a la poblaci\u00f3n de la capital<\/a><\/h5>\n\n\n\n<p>&nbsp;INSERTAR&nbsp;SHARE<\/p>\n\n\n\n<p>El c\u00f3digo se ha copiado en su portapapeles.<\/p>\n\n\n\n<hr class=\"wp-block-separator has-alpha-channel-opacity\"\/>\n\n\n\n<p>Ancho&nbsp;&nbsp;pxAltura&nbsp;&nbsp;px<\/p>\n\n\n\n<ul class=\"wp-block-list\">\n<li><a href=\"https:\/\/facebook.com\/sharer.php?u=https%3a%2f%2fwww.vozdeamerica.com%2fa%2f7518158.html\" target=\"_blank\" rel=\"noreferrer noopener\">Comparta en Facebook<\/a><\/li>\n\n\n\n<li><a href=\"https:\/\/twitter.com\/share?url=https%3a%2f%2fwww.vozdeamerica.com%2fa%2f7518158.html&amp;text=Crisis+en+Hait%c3%ad%3a+la+violencia+desplaza+a+la+poblaci%c3%b3n+de+la+capital\" target=\"_blank\" rel=\"noreferrer noopener\">Comparta en Twitter<\/a><\/li>\n<\/ul>\n\n\n\n<hr class=\"wp-block-separator has-alpha-channel-opacity\"\/>\n\n\n\n<p>The URL has been copied to your clipboard<\/p>\n\n\n\n<ul class=\"wp-block-list\">\n<li>Auto<\/li>\n\n\n\n<li>240p<\/li>\n\n\n\n<li>360p<\/li>\n\n\n\n<li>480p<\/li>\n\n\n\n<li>720p<\/li>\n\n\n\n<li>1080p<\/li>\n<\/ul>\n\n\n\n<p>No media source currently available<\/p>\n\n\n\n<p>0:001:440:00<\/p>\n\n\n\n<ul class=\"wp-block-list\">\n<li><\/li>\n\n\n\n<li><\/li>\n\n\n\n<li><\/li>\n\n\n\n<li><\/li>\n\n\n\n<li><\/li>\n\n\n\n<li><\/li>\n<\/ul>\n\n\n\n<p><a href=\"https:\/\/www.vozdeamerica.com\/embed\/player\/Article\/7518158.html?type=video&amp;FullScreenMode=True\" target=\"_blank\" rel=\"noreferrer noopener\"><\/a><\/p>\n\n\n\n<p>&nbsp;Descargar&nbsp;<\/p>\n\n\n\n<p>Las pandillas aprovecharon la ausencia de Henry para atacar la Penitenciar\u00eda Nacional y otra prisi\u00f3n en Puerto Pr\u00edncipe, matando a varias personas y permitiendo que&nbsp;<em><strong><a href=\"https:\/\/www.vozdeamerica.com\/a\/fuga-masiva-de-reos-en-prision-de-haiti-tras-irrupcion-de-grupo-armado\/7512029.html\" target=\"_blank\" rel=\"noreferrer noopener\">miles de reclusos escaparan<\/a><\/strong><\/em>&nbsp;a la ciudad. Las pandillas tambi\u00e9n llevaron a cabo&nbsp;<em><strong><a href=\"https:\/\/www.vozdeamerica.com\/a\/pandillas-intentan-tomar-el-control-del-principal-aeropuerto-de-haiti\/7514256.html\" target=\"_blank\" rel=\"noreferrer noopener\">ataques a tiros al aeropuerto<\/a><\/strong><\/em>&nbsp;principal de Hait\u00ed.<\/p>\n\n\n\n<p>Jimmy \u00abBarbecue\u00bb Cherizier, el l\u00edder de una alianza de pandillas que organiz\u00f3 los ataques, dijo que las pandillas no permitir\u00edan que Henry regresara a Hait\u00ed y lo inst\u00f3 a renunciar.<\/p>\n\n\n\n<p>Los planes para desplegar una fuerza multinacional en Hait\u00ed recibieron un duro golpe el martes cuando funcionarios kenianos dijeron que el pa\u00eds no enviar\u00e1 a sus fuerzas de paz a Hait\u00ed hasta que el nuevo gobierno interino est\u00e9 en funciones.<\/p>\n\n\n\n<p><a href=\"https:\/\/www.vozdeamerica.com\/a\/por-que-es-haiti-tan-caotica\/7521463.html\"><\/a><\/p>\n\n\n\n<p><a href=\"https:\/\/www.vozdeamerica.com\/a\/por-que-es-haiti-tan-caotica\/7521463.html\">TAMBI\u00c9N LEA<\/a><\/p>\n\n\n\n<h4 class=\"wp-block-heading\"><a href=\"https:\/\/www.vozdeamerica.com\/a\/por-que-es-haiti-tan-caotica\/7521463.html\">\u00bfPor qu\u00e9 es Hait\u00ed tan ca\u00f3tica? Los l\u00edderes usaron a las pandillas, pero las pandillas ganaron fuerza<\/a><\/h4>\n\n\n\n<p>Henry, neurocirujano de profesi\u00f3n, se ha desempe\u00f1ado como primer ministro interino desde que el&nbsp;<strong><em><a href=\"https:\/\/www.vozdeamerica.com\/a\/episode_haiti-asesinato-presidente-330761\/6041069.html\" target=\"_blank\" rel=\"noreferrer noopener\">asesinato del presidente Jovenel Moise&nbsp;<\/a><\/em><\/strong>en 2021 sumi\u00f3 a la naci\u00f3n caribe\u00f1a en el caos. Estaba previsto que dimitiera en febrero, pero retras\u00f3 las elecciones debido al empeoramiento de la situaci\u00f3n de seguridad y al estancamiento pol\u00edtico con las fuerzas de la oposici\u00f3n.<\/p>\n\n\n\n<p>La violencia ha desencadenado una&nbsp;<strong><em><a href=\"https:\/\/www.vozdeamerica.com\/a\/cuatro-millones-de-personas-enfrentan-inseguridad-alimentaria-aguda-en-haiti-alerta-la-onu\/7525641.html\" target=\"_blank\" rel=\"noreferrer noopener\">crisis humanitaria<\/a><\/em><\/strong>, desplazando a 360.000 haitianos y empujando a millones m\u00e1s al borde de la inanici\u00f3n. Jean-Martin Bauer, director de la divisi\u00f3n de Hait\u00ed del Programa Mundial de Alimentos, dijo a los periodistas el martes que 4 millones de haitianos est\u00e1n lidiando con la inseguridad alimentaria, mientras que 1 mill\u00f3n m\u00e1s se enfrenta a la hambruna.<\/p>\n\n\n\n<p>El secretario de Estado de Estados Unidos, Antony Blinken, prometi\u00f3 el lunes que Washington contribuir\u00eda con 100 millones de d\u00f3lares adicionales para apoyar a la fuerza de seguridad respaldada por la ONU en Hait\u00ed, junto con otros 33 millones de d\u00f3lares en ayuda humanitaria. Hizo la promesa en Kingston, donde particip\u00f3 en la conferencia de la CARICOM.<\/p>\n","protected":false},"excerpt":{"rendered":"<p>marzo 13, 2024 &nbsp;Vea comentarios L\u00edderes haitianos trabajan contrareloj para seleccionar a los siete miembros del consejo de transici\u00f3n que conducir\u00e1 el pa\u00eds cuando el primer ministro Ariel Henry deje el poder. Los l\u00edderes haitianos se apresuran a cumplir con el plazo impuesto por Estados Unidos para nombrar a los siete miembros de un&nbsp;consejo de [&hellip;]<\/p>\n","protected":false},"author":28,"featured_media":515061,"comment_status":"closed","ping_status":"","sticky":false,"template":"","format":"standard","meta":{"footnotes":""},"categories":[112,23],"tags":[],"class_list":["post-515060","post","type-post","status-publish","format-standard","has-post-thumbnail","hentry","category-haiti","category-internacional"],"_links":{"self":[{"href":"https:\/\/diariodominicano.com\/index.php?rest_route=\/wp\/v2\/posts\/515060","targetHints":{"allow":["GET"]}}],"collection":[{"href":"https:\/\/diariodominicano.com\/index.php?rest_route=\/wp\/v2\/posts"}],"about":[{"href":"https:\/\/diariodominicano.com\/index.php?rest_route=\/wp\/v2\/types\/post"}],"author":[{"embeddable":true,"href":"https:\/\/diariodominicano.com\/index.php?rest_route=\/wp\/v2\/users\/28"}],"replies":[{"embeddable":true,"href":"https:\/\/diariodominicano.com\/index.php?rest_route=%2Fwp%2Fv2%2Fcomments&post=515060"}],"version-history":[{"count":1,"href":"https:\/\/diariodominicano.com\/index.php?rest_route=\/wp\/v2\/posts\/515060\/revisions"}],"predecessor-version":[{"id":515062,"href":"https:\/\/diariodominicano.com\/index.php?rest_route=\/wp\/v2\/posts\/515060\/revisions\/515062"}],"wp:featuredmedia":[{"embeddable":true,"href":"https:\/\/diariodominicano.com\/index.php?rest_route=\/wp\/v2\/media\/515061"}],"wp:attachment":[{"href":"https:\/\/diariodominicano.com\/index.php?rest_route=%2Fwp%2Fv2%2Fmedia&parent=515060"}],"wp:term":[{"taxonomy":"category","embeddable":true,"href":"https:\/\/diariodominicano.com\/index.php?rest_route=%2Fwp%2Fv2%2Fcategories&post=515060"},{"taxonomy":"post_tag","embeddable":true,"href":"https:\/\/diariodominicano.com\/index.php?rest_route=%2Fwp%2Fv2%2Ftags&post=515060"}],"curies":[{"name":"wp","href":"https:\/\/api.w.org\/{rel}","templated":true}]}}